{"id":37133,"date":"2025-04-21T15:55:07","date_gmt":"2025-04-21T18:55:07","guid":{"rendered":"https:\/\/radiostudiow.com.br\/site\/?p=37133"},"modified":"2025-04-21T16:03:32","modified_gmt":"2025-04-21T19:03:32","slug":"motociclista-sofre-multiplas-fraturas-apos-colisao-frontal-com-carro-em-cruz-machado","status":"publish","type":"post","link":"https:\/\/radiostudiow.com.br\/site\/2025\/04\/21\/motociclista-sofre-multiplas-fraturas-apos-colisao-frontal-com-carro-em-cruz-machado\/","title":{"rendered":"Motociclista sofre m\u00faltiplas fraturas ap\u00f3s colis\u00e3o frontal com carro em Cruz Machado"},"content":{"rendered":"\n<p><\/p>\n\n\n\n<figure class=\"wp-block-image size-full\"><img loading=\"lazy\" decoding=\"async\" width=\"897\" height=\"204\" src=\"https:\/\/radiostudiow.com.br\/site\/wp-content\/uploads\/2025\/03\/image-62.png\" alt=\"\" class=\"wp-image-35859\" srcset=\"https:\/\/radiostudiow.com.br\/site\/wp-content\/uploads\/2025\/03\/image-62.png 897w, https:\/\/radiostudiow.com.br\/site\/wp-content\/uploads\/2025\/03\/image-62-300x68.png 300w, https:\/\/radiostudiow.com.br\/site\/wp-content\/uploads\/2025\/03\/image-62-768x175.png 768w\" sizes=\"auto, (max-width: 897px) 100vw, 897px\" \/><\/figure>\n\n\n\n<h4 class=\"wp-block-heading\">Acidente aconteceu durante a tarde de P\u00e1scoa; encontro de motos marcado por grupo de WhatsApp pode ter antecedido a colis\u00e3o<\/h4>\n\n\n\n<p><\/p>\n\n\n\n<p>Um grave acidente envolvendo uma motocicleta e um carro foi registrado na tarde deste domingo de P\u00e1scoa (20), no interior do munic\u00edpio de Cruz Machado, na regi\u00e3o da ponte do Gavazone, pr\u00f3ximo \u00e0 divisa com In\u00e1cio Martins.<\/p>\n\n\n\n<p>De acordo com informa\u00e7\u00f5es apuradas pelo Portal Canal 4 no local, o acidente ocorreu em um trecho de reta onde, segundo testemunhas, teria sido marcado um encontro entre motociclistas por meio de um grupo de WhatsApp. A suspeita \u00e9 de que os participantes estariam promovendo um racha na regi\u00e3o.<\/p>\n\n\n\n<p>Durante a suposta disputa, um jovem de 25 anos, morador de In\u00e1cio Martins, perdeu o controle de sua motocicleta e acabou colidindo frontalmente com um ve\u00edculo Fiat Palio, que trafegava no sentido contr\u00e1rio. O impacto causou m\u00faltiplas fraturas no motociclista, que foi socorrido pelo Servi\u00e7o de Atendimento M\u00f3vel de Urg\u00eancia (SAMU) e encaminhado ao pronto atendimento municipal.<\/p>\n\n\n\n<figure class=\"wp-block-image size-full\"><img loading=\"lazy\" decoding=\"async\" width=\"897\" height=\"204\" src=\"https:\/\/radiostudiow.com.br\/site\/wp-content\/uploads\/2025\/01\/SITE-GRANDE3.png\" alt=\"\" class=\"wp-image-32900\" srcset=\"https:\/\/radiostudiow.com.br\/site\/wp-content\/uploads\/2025\/01\/SITE-GRANDE3.png 897w, https:\/\/radiostudiow.com.br\/site\/wp-content\/uploads\/2025\/01\/SITE-GRANDE3-300x68.png 300w, https:\/\/radiostudiow.com.br\/site\/wp-content\/uploads\/2025\/01\/SITE-GRANDE3-768x175.png 768w\" sizes=\"auto, (max-width: 897px) 100vw, 897px\" \/><\/figure>\n\n\n\n<p><\/p>\n\n\n\n<p>O motorista do Palio, que tamb\u00e9m reside em In\u00e1cio Martins, n\u00e3o sofreu ferimentos.<\/p>\n\n\n\n<p>As autoridades locais investigam o caso e apuram as circunst\u00e2ncias do acidente, incluindo a possibilidade de racha na via. <\/p>\n\n\n\n<p><\/p>\n\n\n\n<p><\/p>\n","protected":false},"excerpt":{"rendered":"<p>Acidente aconteceu durante a tarde de P\u00e1scoa; encontro de motos marcado por grupo de WhatsApp pode ter antecedido a colis\u00e3o Um grave acidente envolvendo uma motocicleta e um carro foi registrado na tarde deste domingo de P\u00e1scoa (20), no interior do munic\u00edpio de Cruz Machado, na regi\u00e3o da ponte do Gavazone, pr\u00f3ximo \u00e0 divisa com [&hellip;]<\/p>\n","protected":false},"author":2,"featured_media":37136,"comment_status":"open","ping_status":"open","sticky":false,"template":"","format":"standard","meta":{"footnotes":""},"categories":[185],"tags":[172],"class_list":["post-37133","post","type-post","status-publish","format-standard","has-post-thumbnail","hentry","category-regional","tag-featured"],"amp_enabled":true,"_links":{"self":[{"href":"https:\/\/radiostudiow.com.br\/site\/wp-json\/wp\/v2\/posts\/37133","targetHints":{"allow":["GET"]}}],"collection":[{"href":"https:\/\/radiostudiow.com.br\/site\/wp-json\/wp\/v2\/posts"}],"about":[{"href":"https:\/\/radiostudiow.com.br\/site\/wp-json\/wp\/v2\/types\/post"}],"author":[{"embeddable":true,"href":"https:\/\/radiostudiow.com.br\/site\/wp-json\/wp\/v2\/users\/2"}],"replies":[{"embeddable":true,"href":"https:\/\/radiostudiow.com.br\/site\/wp-json\/wp\/v2\/comments?post=37133"}],"version-history":[{"count":1,"href":"https:\/\/radiostudiow.com.br\/site\/wp-json\/wp\/v2\/posts\/37133\/revisions"}],"predecessor-version":[{"id":37135,"href":"https:\/\/radiostudiow.com.br\/site\/wp-json\/wp\/v2\/posts\/37133\/revisions\/37135"}],"wp:featuredmedia":[{"embeddable":true,"href":"https:\/\/radiostudiow.com.br\/site\/wp-json\/wp\/v2\/media\/37136"}],"wp:attachment":[{"href":"https:\/\/radiostudiow.com.br\/site\/wp-json\/wp\/v2\/media?parent=37133"}],"wp:term":[{"taxonomy":"category","embeddable":true,"href":"https:\/\/radiostudiow.com.br\/site\/wp-json\/wp\/v2\/categories?post=37133"},{"taxonomy":"post_tag","embeddable":true,"href":"https:\/\/radiostudiow.com.br\/site\/wp-json\/wp\/v2\/tags?post=37133"}],"curies":[{"name":"wp","href":"https:\/\/api.w.org\/{rel}","templated":true}]}}