{"id":37137,"date":"2025-04-21T16:28:18","date_gmt":"2025-04-21T19:28:18","guid":{"rendered":"https:\/\/radiostudiow.com.br\/site\/?p=37137"},"modified":"2025-04-21T16:28:19","modified_gmt":"2025-04-21T19:28:19","slug":"homem-e-preso-por-lesao-corporal-e-violencia-domestica-no-centro-de-mallet","status":"publish","type":"post","link":"https:\/\/radiostudiow.com.br\/site\/2025\/04\/21\/homem-e-preso-por-lesao-corporal-e-violencia-domestica-no-centro-de-mallet\/","title":{"rendered":"Homem \u00e9 preso por les\u00e3o corporal e viol\u00eancia dom\u00e9stica no centro de Mallet"},"content":{"rendered":"\n<p><\/p>\n\n\n\n<figure class=\"wp-block-image size-full\"><img loading=\"lazy\" decoding=\"async\" width=\"897\" height=\"204\" src=\"https:\/\/radiostudiow.com.br\/site\/wp-content\/uploads\/2025\/02\/SITE-GRANDE7.png\" alt=\"\" class=\"wp-image-33861\" srcset=\"https:\/\/radiostudiow.com.br\/site\/wp-content\/uploads\/2025\/02\/SITE-GRANDE7.png 897w, https:\/\/radiostudiow.com.br\/site\/wp-content\/uploads\/2025\/02\/SITE-GRANDE7-300x68.png 300w, https:\/\/radiostudiow.com.br\/site\/wp-content\/uploads\/2025\/02\/SITE-GRANDE7-768x175.png 768w\" sizes=\"auto, (max-width: 897px) 100vw, 897px\" \/><\/figure>\n\n\n\n<p><\/p>\n\n\n\n<h4 class=\"wp-block-heading\">V\u00edtima relatou agress\u00f5es e amea\u00e7as contra ela e os filhos; acusado foi contido por familiares at\u00e9 a chegada da Pol\u00edcia Militar<\/h4>\n\n\n\n<p><\/p>\n\n\n\n<p>Um homem foi preso em flagrante por les\u00e3o corporal e viol\u00eancia dom\u00e9stica no in\u00edcio da noite deste s\u00e1bado (19), por volta das 18h40, no centro da cidade de Mallet.<\/p>\n\n\n\n<p>A Pol\u00edcia Militar foi acionada para atender uma ocorr\u00eancia envolvendo agress\u00f5es dentro de uma resid\u00eancia durante uma reuni\u00e3o familiar.<\/p>\n\n\n\n<p>Ao chegarem ao local, os policiais encontraram o agressor j\u00e1 contido por familiares. Ele apresentava sinais de agressividade e estava alterado, al\u00e9m de ter uma pequena les\u00e3o na face e escoria\u00e7\u00f5es no cotovelo.<\/p>\n\n\n\n<p>A v\u00edtima, companheira do suspeito, relatou \u00e0 equipe policial que, durante o encontro familiar, o homem come\u00e7ou a amea\u00e7ar ela e os filhos de morte. Segundo seu depoimento, ele tamb\u00e9m a agrediu com um soco no rosto. <\/p>\n\n\n\n<p>A mulher afirmou ainda que teme pela pr\u00f3pria vida e pela seguran\u00e7a das crian\u00e7as. De acordo com a PM, h\u00e1 registros anteriores de viol\u00eancia envolvendo o mesmo autor.<\/p>\n\n\n\n<p><\/p>\n\n\n\n<figure class=\"wp-block-image size-full\"><img loading=\"lazy\" decoding=\"async\" width=\"897\" height=\"204\" src=\"https:\/\/radiostudiow.com.br\/site\/wp-content\/uploads\/2024\/01\/SITE-GRANDE3.png\" alt=\"zaions\" class=\"wp-image-18936\" srcset=\"https:\/\/radiostudiow.com.br\/site\/wp-content\/uploads\/2024\/01\/SITE-GRANDE3.png 897w, https:\/\/radiostudiow.com.br\/site\/wp-content\/uploads\/2024\/01\/SITE-GRANDE3-300x68.png 300w, https:\/\/radiostudiow.com.br\/site\/wp-content\/uploads\/2024\/01\/SITE-GRANDE3-768x175.png 768w\" sizes=\"auto, (max-width: 897px) 100vw, 897px\" \/><\/figure>\n\n\n\n<p><\/p>\n\n\n\n<p>Diante da gravidade da situa\u00e7\u00e3o e da reincid\u00eancia dos fatos, o homem foi preso em flagrante e conduzido \u00e0 Delegacia de Pol\u00edcia Civil, onde foi apresentado \u00e0 autoridade judicial para os devidos procedimentos legais.<\/p>\n\n\n\n<p>A Pol\u00edcia Civil dar\u00e1 continuidade \u00e0s investiga\u00e7\u00f5es, e a v\u00edtima deve receber acompanhamento da rede de prote\u00e7\u00e3o \u00e0 mulher.<\/p>\n","protected":false},"excerpt":{"rendered":"<p>V\u00edtima relatou agress\u00f5es e amea\u00e7as contra ela e os filhos; acusado foi contido por familiares at\u00e9 a chegada da Pol\u00edcia Militar Um homem foi preso em flagrante por les\u00e3o corporal e viol\u00eancia dom\u00e9stica no in\u00edcio da noite deste s\u00e1bado (19), por volta das 18h40, no centro da cidade de Mallet. A Pol\u00edcia Militar foi acionada [&hellip;]<\/p>\n","protected":false},"author":2,"featured_media":37138,"comment_status":"open","ping_status":"open","sticky":false,"template":"","format":"standard","meta":{"footnotes":""},"categories":[2],"tags":[172],"class_list":["post-37137","post","type-post","status-publish","format-standard","has-post-thumbnail","hentry","category-policial","tag-featured"],"amp_enabled":true,"_links":{"self":[{"href":"https:\/\/radiostudiow.com.br\/site\/wp-json\/wp\/v2\/posts\/37137","targetHints":{"allow":["GET"]}}],"collection":[{"href":"https:\/\/radiostudiow.com.br\/site\/wp-json\/wp\/v2\/posts"}],"about":[{"href":"https:\/\/radiostudiow.com.br\/site\/wp-json\/wp\/v2\/types\/post"}],"author":[{"embeddable":true,"href":"https:\/\/radiostudiow.com.br\/site\/wp-json\/wp\/v2\/users\/2"}],"replies":[{"embeddable":true,"href":"https:\/\/radiostudiow.com.br\/site\/wp-json\/wp\/v2\/comments?post=37137"}],"version-history":[{"count":1,"href":"https:\/\/radiostudiow.com.br\/site\/wp-json\/wp\/v2\/posts\/37137\/revisions"}],"predecessor-version":[{"id":37139,"href":"https:\/\/radiostudiow.com.br\/site\/wp-json\/wp\/v2\/posts\/37137\/revisions\/37139"}],"wp:featuredmedia":[{"embeddable":true,"href":"https:\/\/radiostudiow.com.br\/site\/wp-json\/wp\/v2\/media\/37138"}],"wp:attachment":[{"href":"https:\/\/radiostudiow.com.br\/site\/wp-json\/wp\/v2\/media?parent=37137"}],"wp:term":[{"taxonomy":"category","embeddable":true,"href":"https:\/\/radiostudiow.com.br\/site\/wp-json\/wp\/v2\/categories?post=37137"},{"taxonomy":"post_tag","embeddable":true,"href":"https:\/\/radiostudiow.com.br\/site\/wp-json\/wp\/v2\/tags?post=37137"}],"curies":[{"name":"wp","href":"https:\/\/api.w.org\/{rel}","templated":true}]}}