{"id":37140,"date":"2025-04-21T16:56:42","date_gmt":"2025-04-21T19:56:42","guid":{"rendered":"https:\/\/radiostudiow.com.br\/site\/?p=37140"},"modified":"2025-04-21T16:56:42","modified_gmt":"2025-04-21T19:56:42","slug":"policia-militar-realiza-prisoes-por-trafico-de-drogas-em-sao-mateus-do-sul-e-uniao-da-vitoria","status":"publish","type":"post","link":"https:\/\/radiostudiow.com.br\/site\/2025\/04\/21\/policia-militar-realiza-prisoes-por-trafico-de-drogas-em-sao-mateus-do-sul-e-uniao-da-vitoria\/","title":{"rendered":"Pol\u00edcia Militar realiza pris\u00f5es por tr\u00e1fico de drogas em S\u00e3o Mateus do Sul e Uni\u00e3o da Vit\u00f3ria"},"content":{"rendered":"\n<p><\/p>\n\n\n\n<figure class=\"wp-block-image size-full\"><img decoding=\"async\" src=\"https:\/\/radiostudiow.com.br\/site\/wp-content\/uploads\/2024\/01\/SITE-GRANDE.png\" alt=\"\" class=\"wp-image-18949\"\/><\/figure>\n\n\n\n<p><\/p>\n\n\n\n<h4 class=\"wp-block-heading\"><strong>A\u00e7\u00f5es ocorreram neste s\u00e1bado (19) e resultaram na apreens\u00e3o de coca\u00edna e condu\u00e7\u00e3o de tr\u00eas suspeitos \u00e0s delegacias<\/strong><\/h4>\n\n\n\n<p><\/p>\n\n\n\n<p>A Pol\u00edcia Militar do 27\u00ba Batalh\u00e3o realizou duas pris\u00f5es por tr\u00e1fico de drogas neste s\u00e1bado (19), em opera\u00e7\u00f5es distintas nos munic\u00edpios de S\u00e3o Mateus do Sul e Uni\u00e3o da Vit\u00f3ria.<\/p>\n\n\n\n<p>A primeira ocorr\u00eancia foi registrada por volta das 09h45, no centro de S\u00e3o Mateus do Sul. Durante patrulhamento preventivo em postos de combust\u00edveis, uma equipe policial foi informada sobre um ve\u00edculo vermelho que havia deixado um estabelecimento de forma abrupta e suspeita. O autom\u00f3vel foi localizado na BR-476 e abordado com uso de sinais luminosos e sonoros.<\/p>\n\n\n\n<p>O condutor, um homem de 41 anos, apresentou nervosismo e n\u00e3o soube justificar sua atitude. <\/p>\n\n\n\n<p>Ap\u00f3s questionamentos, ele confessou que transportava entorpecentes. Durante a vistoria, os policiais encontraram por\u00e7\u00f5es de coca\u00edna embaladas em papel filme, escondidas sob o assoalho do ve\u00edculo. O suspeito optou por permanecer em sil\u00eancio, conforme seu direito constitucional. Diante da materialidade do crime, ele foi preso em flagrante e conduzido \u00e0 delegacia para as medidas legais cab\u00edveis.<\/p>\n\n\n\n<p><\/p>\n\n\n\n<figure class=\"wp-block-image size-full\"><img loading=\"lazy\" decoding=\"async\" width=\"598\" height=\"204\" src=\"https:\/\/radiostudiow.com.br\/site\/wp-content\/uploads\/2025\/01\/SITE-MEDIO7.png\" alt=\"\" class=\"wp-image-32801\" srcset=\"https:\/\/radiostudiow.com.br\/site\/wp-content\/uploads\/2025\/01\/SITE-MEDIO7.png 598w, https:\/\/radiostudiow.com.br\/site\/wp-content\/uploads\/2025\/01\/SITE-MEDIO7-300x102.png 300w\" sizes=\"auto, (max-width: 598px) 100vw, 598px\" \/><\/figure>\n\n\n\n<p><\/p>\n\n\n\n<p>J\u00e1 por volta das 23h55, a equipe ROTAM atuou em Uni\u00e3o da Vit\u00f3ria, no bairro Ponte Nova, ap\u00f3s receber den\u00fancias de que uma mulher conhecida na regi\u00e3o estaria envolvida com o tr\u00e1fico e utilizando um ve\u00edculo para fazer entregas.<\/p>\n\n\n\n<p>Durante patrulhamento, os policiais localizaram o carro suspeito com duas mulheres em seu interior. Com o apoio do c\u00e3o farejador Jessy, foi identificada a presen\u00e7a de drogas no corpo de uma das abordadas. Em revista pessoal, foi encontrado um inv\u00f3lucro pl\u00e1stico contendo por\u00e7\u00f5es de coca\u00edna prontas para comercializa\u00e7\u00e3o.<\/p>\n\n\n\n<p>As duas mulheres, o ve\u00edculo e os entorpecentes foram encaminhados \u00e0 delegacia para os devidos procedimentos.<\/p>\n\n\n\n<p>As a\u00e7\u00f5es fazem parte do esfor\u00e7o cont\u00ednuo da Pol\u00edcia Militar no combate ao tr\u00e1fico de drogas na regi\u00e3o.<\/p>\n\n\n\n<p><\/p>\n\n\n\n<figure class=\"wp-block-image size-full\"><img loading=\"lazy\" decoding=\"async\" width=\"900\" height=\"205\" src=\"https:\/\/radiostudiow.com.br\/site\/wp-content\/uploads\/2024\/03\/bannertijolao-e1733625657395.jpg\" alt=\"\" class=\"wp-image-20494\" srcset=\"https:\/\/radiostudiow.com.br\/site\/wp-content\/uploads\/2024\/03\/bannertijolao-e1733625657395.jpg 900w, https:\/\/radiostudiow.com.br\/site\/wp-content\/uploads\/2024\/03\/bannertijolao-e1733625657395-300x68.jpg 300w, https:\/\/radiostudiow.com.br\/site\/wp-content\/uploads\/2024\/03\/bannertijolao-e1733625657395-768x175.jpg 768w\" sizes=\"auto, (max-width: 900px) 100vw, 900px\" \/><\/figure>\n","protected":false},"excerpt":{"rendered":"<p>A\u00e7\u00f5es ocorreram neste s\u00e1bado (19) e resultaram na apreens\u00e3o de coca\u00edna e condu\u00e7\u00e3o de tr\u00eas suspeitos \u00e0s delegacias A Pol\u00edcia Militar do 27\u00ba Batalh\u00e3o realizou duas pris\u00f5es por tr\u00e1fico de drogas neste s\u00e1bado (19), em opera\u00e7\u00f5es distintas nos munic\u00edpios de S\u00e3o Mateus do Sul e Uni\u00e3o da Vit\u00f3ria. A primeira ocorr\u00eancia foi registrada por volta [&hellip;]<\/p>\n","protected":false},"author":2,"featured_media":37141,"comment_status":"open","ping_status":"open","sticky":false,"template":"","format":"standard","meta":{"footnotes":""},"categories":[2],"tags":[172],"class_list":["post-37140","post","type-post","status-publish","format-standard","has-post-thumbnail","hentry","category-policial","tag-featured"],"amp_enabled":true,"_links":{"self":[{"href":"https:\/\/radiostudiow.com.br\/site\/wp-json\/wp\/v2\/posts\/37140","targetHints":{"allow":["GET"]}}],"collection":[{"href":"https:\/\/radiostudiow.com.br\/site\/wp-json\/wp\/v2\/posts"}],"about":[{"href":"https:\/\/radiostudiow.com.br\/site\/wp-json\/wp\/v2\/types\/post"}],"author":[{"embeddable":true,"href":"https:\/\/radiostudiow.com.br\/site\/wp-json\/wp\/v2\/users\/2"}],"replies":[{"embeddable":true,"href":"https:\/\/radiostudiow.com.br\/site\/wp-json\/wp\/v2\/comments?post=37140"}],"version-history":[{"count":1,"href":"https:\/\/radiostudiow.com.br\/site\/wp-json\/wp\/v2\/posts\/37140\/revisions"}],"predecessor-version":[{"id":37142,"href":"https:\/\/radiostudiow.com.br\/site\/wp-json\/wp\/v2\/posts\/37140\/revisions\/37142"}],"wp:featuredmedia":[{"embeddable":true,"href":"https:\/\/radiostudiow.com.br\/site\/wp-json\/wp\/v2\/media\/37141"}],"wp:attachment":[{"href":"https:\/\/radiostudiow.com.br\/site\/wp-json\/wp\/v2\/media?parent=37140"}],"wp:term":[{"taxonomy":"category","embeddable":true,"href":"https:\/\/radiostudiow.com.br\/site\/wp-json\/wp\/v2\/categories?post=37140"},{"taxonomy":"post_tag","embeddable":true,"href":"https:\/\/radiostudiow.com.br\/site\/wp-json\/wp\/v2\/tags?post=37140"}],"curies":[{"name":"wp","href":"https:\/\/api.w.org\/{rel}","templated":true}]}}