{"id":37145,"date":"2025-04-22T10:32:29","date_gmt":"2025-04-22T13:32:29","guid":{"rendered":"https:\/\/radiostudiow.com.br\/site\/?p=37145"},"modified":"2025-04-22T10:32:29","modified_gmt":"2025-04-22T13:32:29","slug":"homem-que-tentou-recuperar-embarcacao-a-deriva-em-bituruna-e-encontrado-morto","status":"publish","type":"post","link":"https:\/\/radiostudiow.com.br\/site\/2025\/04\/22\/homem-que-tentou-recuperar-embarcacao-a-deriva-em-bituruna-e-encontrado-morto\/","title":{"rendered":"Homem que tentou recuperar embarca\u00e7\u00e3o \u00e0 deriva em Bituruna \u00e9 encontrado morto"},"content":{"rendered":"\n<p><\/p>\n\n\n\n<figure class=\"wp-block-image size-full\"><img loading=\"lazy\" decoding=\"async\" width=\"897\" height=\"204\" src=\"https:\/\/radiostudiow.com.br\/site\/wp-content\/uploads\/2025\/02\/SITE-GRANDE7.png\" alt=\"\" class=\"wp-image-33861\" srcset=\"https:\/\/radiostudiow.com.br\/site\/wp-content\/uploads\/2025\/02\/SITE-GRANDE7.png 897w, https:\/\/radiostudiow.com.br\/site\/wp-content\/uploads\/2025\/02\/SITE-GRANDE7-300x68.png 300w, https:\/\/radiostudiow.com.br\/site\/wp-content\/uploads\/2025\/02\/SITE-GRANDE7-768x175.png 768w\" sizes=\"auto, (max-width: 897px) 100vw, 897px\" \/><\/figure>\n\n\n\n<p><\/p>\n\n\n\n<h2 class=\"wp-block-heading\"><strong>V\u00edtima foi identificada como Luiz Carlos Santos de Oliveira, de 34 anos; corpo foi localizado pelo Corpo de Bombeiros na tarde dessa segunda-feira (21).<\/strong><\/h2>\n\n\n\n<p><\/p>\n\n\n\n<p>Na noite do \u00faltimo domingo (20), uma ocorr\u00eancia de afogamento mobilizou equipes de resgate na localidade de Jacutinga, no interior da cidade de Bituruna.<\/p>\n\n\n\n<p>A v\u00edtima, identificada como Luiz Carlos Santos de Oliveira, de 34 anos, natural de Pinh\u00e3o\/PR, desapareceu ap\u00f3s entrar em um lago, para uma tentativa de recuperar uma embarca\u00e7\u00e3o que havia se soltado e derivava pelas \u00e1guas.<\/p>\n\n\n\n<figure class=\"wp-block-image size-full\"><img loading=\"lazy\" decoding=\"async\" width=\"218\" height=\"347\" src=\"https:\/\/radiostudiow.com.br\/site\/wp-content\/uploads\/2025\/04\/Sem-titulo-1.jpg\" alt=\"\" class=\"wp-image-37146\" srcset=\"https:\/\/radiostudiow.com.br\/site\/wp-content\/uploads\/2025\/04\/Sem-titulo-1.jpg 218w, https:\/\/radiostudiow.com.br\/site\/wp-content\/uploads\/2025\/04\/Sem-titulo-1-188x300.jpg 188w\" sizes=\"auto, (max-width: 218px) 100vw, 218px\" \/><\/figure>\n\n\n\n<p><\/p>\n\n\n\n<figure class=\"wp-block-image size-full\"><img loading=\"lazy\" decoding=\"async\" width=\"897\" height=\"204\" src=\"https:\/\/radiostudiow.com.br\/site\/wp-content\/uploads\/2025\/03\/SITE-GRANDE5.png\" alt=\"\" class=\"wp-image-35420\" srcset=\"https:\/\/radiostudiow.com.br\/site\/wp-content\/uploads\/2025\/03\/SITE-GRANDE5.png 897w, https:\/\/radiostudiow.com.br\/site\/wp-content\/uploads\/2025\/03\/SITE-GRANDE5-300x68.png 300w, https:\/\/radiostudiow.com.br\/site\/wp-content\/uploads\/2025\/03\/SITE-GRANDE5-768x175.png 768w\" sizes=\"auto, (max-width: 897px) 100vw, 897px\" \/><\/figure>\n\n\n\n<p>De acordo com o Corpo de Bombeiros de Uni\u00e3o da Vit\u00f3ria, que atendeu \u00e0 ocorr\u00eancia, o chamado foi feito por volta das 21h20 de domingo.<\/p>\n\n\n\n<p>A solicita\u00e7\u00e3o de socorro chegou via WhatsApp, encaminhada pelo Servi\u00e7o de Atendimento M\u00f3vel de Urg\u00eancia (SAMU) de Bituruna.<\/p>\n\n\n\n<p>Conforme as informa\u00e7\u00f5es repassadas, testemunhas relataram que Luiz Carlos teria submergido nas \u00e1guas sem retornar, no momento em que tentava alcan\u00e7ar o barco.<\/p>\n\n\n\n<p>A localidade onde ocorreu o afogamento fica a aproximadamente 20 quil\u00f4metros da zona urbana de Bituruna, sentido Faxinal do C\u00e9u.<\/p>\n\n\n\n<figure class=\"wp-block-image size-large\"><img loading=\"lazy\" decoding=\"async\" width=\"1024\" height=\"768\" src=\"https:\/\/radiostudiow.com.br\/site\/wp-content\/uploads\/2025\/04\/baf5bffd-beaa-4001-bbe9-2aea66e44c77-1024x768.jpg\" alt=\"\" class=\"wp-image-37147\" srcset=\"https:\/\/radiostudiow.com.br\/site\/wp-content\/uploads\/2025\/04\/baf5bffd-beaa-4001-bbe9-2aea66e44c77-1024x768.jpg 1024w, https:\/\/radiostudiow.com.br\/site\/wp-content\/uploads\/2025\/04\/baf5bffd-beaa-4001-bbe9-2aea66e44c77-300x225.jpg 300w, https:\/\/radiostudiow.com.br\/site\/wp-content\/uploads\/2025\/04\/baf5bffd-beaa-4001-bbe9-2aea66e44c77-768x576.jpg 768w, https:\/\/radiostudiow.com.br\/site\/wp-content\/uploads\/2025\/04\/baf5bffd-beaa-4001-bbe9-2aea66e44c77-1536x1152.jpg 1536w, https:\/\/radiostudiow.com.br\/site\/wp-content\/uploads\/2025\/04\/baf5bffd-beaa-4001-bbe9-2aea66e44c77.jpg 1600w\" sizes=\"auto, (max-width: 1024px) 100vw, 1024px\" \/><\/figure>\n\n\n\n<p><\/p>\n\n\n\n<figure class=\"wp-block-image size-full\"><img loading=\"lazy\" decoding=\"async\" width=\"897\" height=\"204\" src=\"https:\/\/radiostudiow.com.br\/site\/wp-content\/uploads\/2024\/01\/SITE-GRANDE3.png\" alt=\"zaions\" class=\"wp-image-18936\" srcset=\"https:\/\/radiostudiow.com.br\/site\/wp-content\/uploads\/2024\/01\/SITE-GRANDE3.png 897w, https:\/\/radiostudiow.com.br\/site\/wp-content\/uploads\/2024\/01\/SITE-GRANDE3-300x68.png 300w, https:\/\/radiostudiow.com.br\/site\/wp-content\/uploads\/2024\/01\/SITE-GRANDE3-768x175.png 768w\" sizes=\"auto, (max-width: 897px) 100vw, 897px\" \/><\/figure>\n\n\n\n<p>As buscas tiveram in\u00edcio ainda na noite do desaparecimento e foram retomadas ao amanhecer. O corpo da v\u00edtima foi localizado no in\u00edcio da tarde de segunda-feira (21), por volta das 14:30 horas no mesmo ponto indicado pelas testemunhas.<\/p>\n\n\n\n<p>O Instituto M\u00e9dico Legal (IML) de Uni\u00e3o da Vit\u00f3ria foi acionado para realizar o recolhimento do corpo e conduzir os procedimentos de praxe.<\/p>\n\n\n\n<p>A Pol\u00edcia Civil deve apurar as circunst\u00e2ncias do ocorrido.<\/p>\n\n\n\n<p><\/p>\n\n\n\n<p><strong>Fonte: Rep\u00f3rter Kiko de Oliveira \/ Pinh\u00e3o Online \/ CBMPR\/5\u00b0 CRBM\/6\u00aa Cia.Ind.BM\/3\u00ba PBM- Uni\u00e3o da Vit\u00f3ria<\/strong><\/p>\n\n\n\n<p><\/p>\n\n\n\n<figure class=\"wp-block-image size-full\"><img loading=\"lazy\" decoding=\"async\" width=\"598\" height=\"204\" src=\"https:\/\/radiostudiow.com.br\/site\/wp-content\/uploads\/2025\/01\/SITE-MEDIO7.png\" alt=\"\" class=\"wp-image-32801\" srcset=\"https:\/\/radiostudiow.com.br\/site\/wp-content\/uploads\/2025\/01\/SITE-MEDIO7.png 598w, https:\/\/radiostudiow.com.br\/site\/wp-content\/uploads\/2025\/01\/SITE-MEDIO7-300x102.png 300w\" sizes=\"auto, (max-width: 598px) 100vw, 598px\" \/><\/figure>\n","protected":false},"excerpt":{"rendered":"<p>V\u00edtima foi identificada como Luiz Carlos Santos de Oliveira, de 34 anos; corpo foi localizado pelo Corpo de Bombeiros na tarde dessa segunda-feira (21). Na noite do \u00faltimo domingo (20), uma ocorr\u00eancia de afogamento mobilizou equipes de resgate na localidade de Jacutinga, no interior da cidade de Bituruna. A v\u00edtima, identificada como Luiz Carlos Santos [&hellip;]<\/p>\n","protected":false},"author":2,"featured_media":37148,"comment_status":"open","ping_status":"open","sticky":false,"template":"","format":"standard","meta":{"footnotes":""},"categories":[185],"tags":[172],"class_list":["post-37145","post","type-post","status-publish","format-standard","has-post-thumbnail","hentry","category-regional","tag-featured"],"amp_enabled":true,"_links":{"self":[{"href":"https:\/\/radiostudiow.com.br\/site\/wp-json\/wp\/v2\/posts\/37145","targetHints":{"allow":["GET"]}}],"collection":[{"href":"https:\/\/radiostudiow.com.br\/site\/wp-json\/wp\/v2\/posts"}],"about":[{"href":"https:\/\/radiostudiow.com.br\/site\/wp-json\/wp\/v2\/types\/post"}],"author":[{"embeddable":true,"href":"https:\/\/radiostudiow.com.br\/site\/wp-json\/wp\/v2\/users\/2"}],"replies":[{"embeddable":true,"href":"https:\/\/radiostudiow.com.br\/site\/wp-json\/wp\/v2\/comments?post=37145"}],"version-history":[{"count":1,"href":"https:\/\/radiostudiow.com.br\/site\/wp-json\/wp\/v2\/posts\/37145\/revisions"}],"predecessor-version":[{"id":37149,"href":"https:\/\/radiostudiow.com.br\/site\/wp-json\/wp\/v2\/posts\/37145\/revisions\/37149"}],"wp:featuredmedia":[{"embeddable":true,"href":"https:\/\/radiostudiow.com.br\/site\/wp-json\/wp\/v2\/media\/37148"}],"wp:attachment":[{"href":"https:\/\/radiostudiow.com.br\/site\/wp-json\/wp\/v2\/media?parent=37145"}],"wp:term":[{"taxonomy":"category","embeddable":true,"href":"https:\/\/radiostudiow.com.br\/site\/wp-json\/wp\/v2\/categories?post=37145"},{"taxonomy":"post_tag","embeddable":true,"href":"https:\/\/radiostudiow.com.br\/site\/wp-json\/wp\/v2\/tags?post=37145"}],"curies":[{"name":"wp","href":"https:\/\/api.w.org\/{rel}","templated":true}]}}