{"id":37150,"date":"2025-04-22T10:44:34","date_gmt":"2025-04-22T13:44:34","guid":{"rendered":"https:\/\/radiostudiow.com.br\/site\/?p=37150"},"modified":"2025-04-22T10:44:34","modified_gmt":"2025-04-22T13:44:34","slug":"atencao-carreta-com-defeito-mecanico-bloqueia-via-entre-uniao-da-vitoria-e-cruz-machado","status":"publish","type":"post","link":"https:\/\/radiostudiow.com.br\/site\/2025\/04\/22\/atencao-carreta-com-defeito-mecanico-bloqueia-via-entre-uniao-da-vitoria-e-cruz-machado\/","title":{"rendered":"ATEN\u00c7\u00c3O !!! Carreta com defeito mec\u00e2nico bloqueia via entre Uni\u00e3o da Vit\u00f3ria e Cruz Machado"},"content":{"rendered":"\n<p><\/p>\n\n\n\n<figure class=\"wp-block-image size-full\"><img loading=\"lazy\" decoding=\"async\" width=\"598\" height=\"204\" src=\"https:\/\/radiostudiow.com.br\/site\/wp-content\/uploads\/2024\/10\/labirati.png\" alt=\"\" class=\"wp-image-28854\" srcset=\"https:\/\/radiostudiow.com.br\/site\/wp-content\/uploads\/2024\/10\/labirati.png 598w, https:\/\/radiostudiow.com.br\/site\/wp-content\/uploads\/2024\/10\/labirati-300x102.png 300w\" sizes=\"auto, (max-width: 598px) 100vw, 598px\" \/><\/figure>\n\n\n\n<p><\/p>\n\n\n\n<p>Na manh\u00e3 desta ter\u00e7a-feira (22), uma carreta Volkswagen apresentou, possivelmente, um problema mec\u00e2nico e est\u00e1 obstruindo completamente a estrada asfaltada que liga os munic\u00edpios de Uni\u00e3o da Vit\u00f3ria a Cruz Machado.<\/p>\n\n\n\n<p>O incidente aconteceu na localidade de Palmital, em um trecho conhecido como \u201cSerra do Andriguetto\u201d, nas proximidades do antigo com\u00e9rcio do Maur\u00edcio.<\/p>\n\n\n\n<p><strong>De acordo com as informa\u00e7\u00f5es iniciais, o tr\u00e1fego est\u00e1 totalmente interrompido, tanto para caminh\u00f5es quanto para autom\u00f3veis.<\/strong><\/p>\n\n\n\n<p>Motoristas que utilizam a via devem buscar rotas alternativas at\u00e9 que a situa\u00e7\u00e3o seja resolvida.<\/p>\n\n\n\n<p>Fonte: VVale<\/p>\n","protected":false},"excerpt":{"rendered":"<p>Na manh\u00e3 desta ter\u00e7a-feira (22), uma carreta Volkswagen apresentou, possivelmente, um problema mec\u00e2nico e est\u00e1 obstruindo completamente a estrada asfaltada que liga os munic\u00edpios de Uni\u00e3o da Vit\u00f3ria a Cruz Machado. O incidente aconteceu na localidade de Palmital, em um trecho conhecido como \u201cSerra do Andriguetto\u201d, nas proximidades do antigo com\u00e9rcio do Maur\u00edcio. De acordo [&hellip;]<\/p>\n","protected":false},"author":2,"featured_media":37151,"comment_status":"open","ping_status":"open","sticky":false,"template":"","format":"standard","meta":{"footnotes":""},"categories":[185],"tags":[172],"class_list":["post-37150","post","type-post","status-publish","format-standard","has-post-thumbnail","hentry","category-regional","tag-featured"],"amp_enabled":true,"_links":{"self":[{"href":"https:\/\/radiostudiow.com.br\/site\/wp-json\/wp\/v2\/posts\/37150","targetHints":{"allow":["GET"]}}],"collection":[{"href":"https:\/\/radiostudiow.com.br\/site\/wp-json\/wp\/v2\/posts"}],"about":[{"href":"https:\/\/radiostudiow.com.br\/site\/wp-json\/wp\/v2\/types\/post"}],"author":[{"embeddable":true,"href":"https:\/\/radiostudiow.com.br\/site\/wp-json\/wp\/v2\/users\/2"}],"replies":[{"embeddable":true,"href":"https:\/\/radiostudiow.com.br\/site\/wp-json\/wp\/v2\/comments?post=37150"}],"version-history":[{"count":1,"href":"https:\/\/radiostudiow.com.br\/site\/wp-json\/wp\/v2\/posts\/37150\/revisions"}],"predecessor-version":[{"id":37152,"href":"https:\/\/radiostudiow.com.br\/site\/wp-json\/wp\/v2\/posts\/37150\/revisions\/37152"}],"wp:featuredmedia":[{"embeddable":true,"href":"https:\/\/radiostudiow.com.br\/site\/wp-json\/wp\/v2\/media\/37151"}],"wp:attachment":[{"href":"https:\/\/radiostudiow.com.br\/site\/wp-json\/wp\/v2\/media?parent=37150"}],"wp:term":[{"taxonomy":"category","embeddable":true,"href":"https:\/\/radiostudiow.com.br\/site\/wp-json\/wp\/v2\/categories?post=37150"},{"taxonomy":"post_tag","embeddable":true,"href":"https:\/\/radiostudiow.com.br\/site\/wp-json\/wp\/v2\/tags?post=37150"}],"curies":[{"name":"wp","href":"https:\/\/api.w.org\/{rel}","templated":true}]}}