{"id":37153,"date":"2025-04-22T11:32:03","date_gmt":"2025-04-22T14:32:03","guid":{"rendered":"https:\/\/radiostudiow.com.br\/site\/?p=37153"},"modified":"2025-04-22T11:35:00","modified_gmt":"2025-04-22T14:35:00","slug":"policia-militar-registra-dois-casos-de-violencia-em-mallet-durante-o-fim-de-semana","status":"publish","type":"post","link":"https:\/\/radiostudiow.com.br\/site\/2025\/04\/22\/policia-militar-registra-dois-casos-de-violencia-em-mallet-durante-o-fim-de-semana\/","title":{"rendered":"Pol\u00edcia Militar registra dois casos de viol\u00eancia em Mallet durante o fim de semana"},"content":{"rendered":"\n<p><\/p>\n\n\n\n<p><\/p>\n\n\n\n<figure class=\"wp-block-image size-full\"><img loading=\"lazy\" decoding=\"async\" width=\"897\" height=\"204\" src=\"https:\/\/radiostudiow.com.br\/site\/wp-content\/uploads\/2025\/03\/BARAO-NOVO-NOTICIAS-1.jpg\" alt=\"\" class=\"wp-image-35084\" srcset=\"https:\/\/radiostudiow.com.br\/site\/wp-content\/uploads\/2025\/03\/BARAO-NOVO-NOTICIAS-1.jpg 897w, https:\/\/radiostudiow.com.br\/site\/wp-content\/uploads\/2025\/03\/BARAO-NOVO-NOTICIAS-1-300x68.jpg 300w, https:\/\/radiostudiow.com.br\/site\/wp-content\/uploads\/2025\/03\/BARAO-NOVO-NOTICIAS-1-768x175.jpg 768w\" sizes=\"auto, (max-width: 897px) 100vw, 897px\" \/><\/figure>\n\n\n\n<p><\/p>\n\n\n\n<p><strong>Ocorr\u00eancias envolveram amea\u00e7a grave a casal na Col\u00f4nia S\u00e3o Pedro e les\u00e3o corporal entre familiares no Distrito de Dorizon na cidade de Mallet<\/strong><\/p>\n\n\n\n<p>A Pol\u00edcia Militar de Mallet, por meio do 3\u00ba Pelot\u00e3o Cabo Abr\u00e3o Kanclarovicz, registrou duas ocorr\u00eancias de natureza violenta entre a \u00faltima sexta-feira (18) e s\u00e1bado (19) no munic\u00edpio. Os casos foram atendidos pelos policiais  e envolveram, respectivamente, amea\u00e7a e les\u00e3o corporal.<\/p>\n\n\n\n<p><\/p>\n\n\n\n<h4 class=\"wp-block-heading\"><strong>Amea\u00e7a grave na Col\u00f4nia S\u00e3o Pedro<\/strong><\/h4>\n\n\n\n<p>Na sexta-feira (18), por volta das 16h20, a equipe policial foi acionada via sistema SADE para averiguar uma den\u00fancia de amea\u00e7a na localidade da Col\u00f4nia S\u00e3o Pedro. <\/p>\n\n\n\n<p>No local, a v\u00edtima relatou que seu ex-companheiro foi at\u00e9 sua resid\u00eancia, iniciou uma discuss\u00e3o, tentou agarr\u00e1-la \u00e0 for\u00e7a e empurr\u00e1-la em dire\u00e7\u00e3o ao quarto.<\/p>\n\n\n\n<p>O atual companheiro da mulher chegou durante a tentativa de agress\u00e3o, momento em que o suspeito a soltou, mas passou a amea\u00e7ar verbalmente o casal. <\/p>\n\n\n\n<p><strong>Segundo a v\u00edtima, o homem afirmou que ambos \u201ciriam ver o que era bom\u201d e que \u201cn\u00e3o ficariam vivos\u201d. <\/strong> Ao sair da resid\u00eancia, o acusado ainda fez gestos simulando estar armado e fugiu em um ve\u00edculo preto, sem identifica\u00e7\u00e3o de modelo ou placa.<\/p>\n\n\n\n<p>Dilig\u00eancias foram realizadas na tentativa de localizar o autor, mas ele n\u00e3o foi encontrado. <\/p>\n\n\n\n<p>As v\u00edtimas foram orientadas quanto aos procedimentos legais, incluindo a possibilidade de representa\u00e7\u00e3o judicial.<\/p>\n\n\n\n<p><\/p>\n\n\n\n<figure class=\"wp-block-image size-full\"><img loading=\"lazy\" decoding=\"async\" width=\"897\" height=\"204\" src=\"https:\/\/radiostudiow.com.br\/site\/wp-content\/uploads\/2025\/03\/SITE-GRANDE5.png\" alt=\"\" class=\"wp-image-35420\" srcset=\"https:\/\/radiostudiow.com.br\/site\/wp-content\/uploads\/2025\/03\/SITE-GRANDE5.png 897w, https:\/\/radiostudiow.com.br\/site\/wp-content\/uploads\/2025\/03\/SITE-GRANDE5-300x68.png 300w, https:\/\/radiostudiow.com.br\/site\/wp-content\/uploads\/2025\/03\/SITE-GRANDE5-768x175.png 768w\" sizes=\"auto, (max-width: 897px) 100vw, 897px\" \/><\/figure>\n\n\n\n<p><\/p>\n\n\n\n<h4 class=\"wp-block-heading\"><strong>Discuss\u00e3o familiar termina em agress\u00e3o em residencia na BR-153<\/strong><\/h4>\n\n\n\n<p>J\u00e1 na noite de s\u00e1bado (19), por volta das 23h50, uma nova ocorr\u00eancia foi registrada na regi\u00e3o de Dorizon, \u00e0s margens da rodovia PR-153.  <\/p>\n\n\n\n<p>A equipe da PM foi acionada para atender a um caso de les\u00e3o corporal envolvendo pai e filho.<\/p>\n\n\n\n<p><strong>Segundo o boletim de ocorr\u00eancia, ap\u00f3s uma discuss\u00e3o, o filho teria desferido um soco no rosto do pai e, em seguida, quebrou o vidro de uma porta.<\/strong> Estilha\u00e7os acabaram causando um pequeno corte superficial no rosto da v\u00edtima, que se recusou a receber atendimento m\u00e9dico.<\/p>\n\n\n\n<p>O agressor deixou o local logo ap\u00f3s o ocorrido. A Pol\u00edcia Militar realizou patrulhamento na regi\u00e3o, mas o suspeito n\u00e3o foi localizado.<\/p>\n\n\n\n<p> A v\u00edtima foi devidamente orientada sobre seus direitos legais, incluindo o prazo para formalizar queixa.<\/p>\n\n\n\n<p><strong>Reda\u00e7\u00e3o: Studio W<\/strong><\/p>\n\n\n\n<p><\/p>\n\n\n\n<hr class=\"wp-block-separator has-alpha-channel-opacity\"\/>\n\n\n\n<p><\/p>\n\n\n\n<figure class=\"wp-block-image size-full\"><img loading=\"lazy\" decoding=\"async\" width=\"897\" height=\"204\" src=\"https:\/\/radiostudiow.com.br\/site\/wp-content\/uploads\/2025\/03\/image-62.png\" alt=\"\" class=\"wp-image-35859\" srcset=\"https:\/\/radiostudiow.com.br\/site\/wp-content\/uploads\/2025\/03\/image-62.png 897w, https:\/\/radiostudiow.com.br\/site\/wp-content\/uploads\/2025\/03\/image-62-300x68.png 300w, https:\/\/radiostudiow.com.br\/site\/wp-content\/uploads\/2025\/03\/image-62-768x175.png 768w\" sizes=\"auto, (max-width: 897px) 100vw, 897px\" \/><\/figure>\n","protected":false},"excerpt":{"rendered":"<p>Ocorr\u00eancias envolveram amea\u00e7a grave a casal na Col\u00f4nia S\u00e3o Pedro e les\u00e3o corporal entre familiares no Distrito de Dorizon na cidade de Mallet A Pol\u00edcia Militar de Mallet, por meio do 3\u00ba Pelot\u00e3o Cabo Abr\u00e3o Kanclarovicz, registrou duas ocorr\u00eancias de natureza violenta entre a \u00faltima sexta-feira (18) e s\u00e1bado (19) no munic\u00edpio. Os casos foram [&hellip;]<\/p>\n","protected":false},"author":2,"featured_media":37154,"comment_status":"open","ping_status":"open","sticky":false,"template":"","format":"standard","meta":{"footnotes":""},"categories":[2],"tags":[172],"class_list":["post-37153","post","type-post","status-publish","format-standard","has-post-thumbnail","hentry","category-policial","tag-featured"],"amp_enabled":true,"_links":{"self":[{"href":"https:\/\/radiostudiow.com.br\/site\/wp-json\/wp\/v2\/posts\/37153","targetHints":{"allow":["GET"]}}],"collection":[{"href":"https:\/\/radiostudiow.com.br\/site\/wp-json\/wp\/v2\/posts"}],"about":[{"href":"https:\/\/radiostudiow.com.br\/site\/wp-json\/wp\/v2\/types\/post"}],"author":[{"embeddable":true,"href":"https:\/\/radiostudiow.com.br\/site\/wp-json\/wp\/v2\/users\/2"}],"replies":[{"embeddable":true,"href":"https:\/\/radiostudiow.com.br\/site\/wp-json\/wp\/v2\/comments?post=37153"}],"version-history":[{"count":2,"href":"https:\/\/radiostudiow.com.br\/site\/wp-json\/wp\/v2\/posts\/37153\/revisions"}],"predecessor-version":[{"id":37156,"href":"https:\/\/radiostudiow.com.br\/site\/wp-json\/wp\/v2\/posts\/37153\/revisions\/37156"}],"wp:featuredmedia":[{"embeddable":true,"href":"https:\/\/radiostudiow.com.br\/site\/wp-json\/wp\/v2\/media\/37154"}],"wp:attachment":[{"href":"https:\/\/radiostudiow.com.br\/site\/wp-json\/wp\/v2\/media?parent=37153"}],"wp:term":[{"taxonomy":"category","embeddable":true,"href":"https:\/\/radiostudiow.com.br\/site\/wp-json\/wp\/v2\/categories?post=37153"},{"taxonomy":"post_tag","embeddable":true,"href":"https:\/\/radiostudiow.com.br\/site\/wp-json\/wp\/v2\/tags?post=37153"}],"curies":[{"name":"wp","href":"https:\/\/api.w.org\/{rel}","templated":true}]}}