{"id":37157,"date":"2025-04-22T11:57:36","date_gmt":"2025-04-22T14:57:36","guid":{"rendered":"https:\/\/radiostudiow.com.br\/site\/?p=37157"},"modified":"2025-04-22T11:57:37","modified_gmt":"2025-04-22T14:57:37","slug":"natural-de-mafra-e-ex-bispo-de-ponta-grossa-dom-joao-braz-de-aviz-esta-entre-os-possiveis-sucessores-do-papa-francisco","status":"publish","type":"post","link":"https:\/\/radiostudiow.com.br\/site\/2025\/04\/22\/natural-de-mafra-e-ex-bispo-de-ponta-grossa-dom-joao-braz-de-aviz-esta-entre-os-possiveis-sucessores-do-papa-francisco\/","title":{"rendered":"Natural de Mafra e ex-bispo de Ponta Grossa, Dom Jo\u00e3o Braz de Aviz est\u00e1 entre os poss\u00edveis sucessores do Papa Francisco"},"content":{"rendered":"\n<p><\/p>\n\n\n\n<figure class=\"wp-block-image size-full\"><img loading=\"lazy\" decoding=\"async\" width=\"897\" height=\"204\" src=\"https:\/\/radiostudiow.com.br\/site\/wp-content\/uploads\/2025\/01\/SITE-GRANDE3.png\" alt=\"\" class=\"wp-image-32900\" srcset=\"https:\/\/radiostudiow.com.br\/site\/wp-content\/uploads\/2025\/01\/SITE-GRANDE3.png 897w, https:\/\/radiostudiow.com.br\/site\/wp-content\/uploads\/2025\/01\/SITE-GRANDE3-300x68.png 300w, https:\/\/radiostudiow.com.br\/site\/wp-content\/uploads\/2025\/01\/SITE-GRANDE3-768x175.png 768w\" sizes=\"auto, (max-width: 897px) 100vw, 897px\" \/><\/figure>\n\n\n\n<p><\/p>\n\n\n\n<p><strong>Cardeal brasileiro, com forte liga\u00e7\u00e3o ao Paran\u00e1 e origem catarinense, \u00e9 um dos sete eleitores do pr\u00f3ximo Papa no Conclave.<\/strong><\/p>\n\n\n\n<p>Um nome com ra\u00edzes profundas no Sul do Brasil pode estar entre os protagonistas do pr\u00f3ximo Conclave que escolher\u00e1 o sucessor do Papa Francisco. Dom Jo\u00e3o Braz de Aviz, natural de Mafra (SC) e ex-bispo da Diocese de Ponta Grossa (PR), \u00e9 um dos sete cardeais brasileiros com direito a voto no processo que definir\u00e1 o novo l\u00edder da Igreja Cat\u00f3lica.<\/p>\n\n\n\n<p>Dom Jo\u00e3o, que esteve \u00e0 frente da Diocese de Ponta Grossa entre 1998 e 2002, deixou marcas significativas em sua passagem pelo Paran\u00e1. <\/p>\n\n\n\n<p>Reconhecido por sua postura pastoral acolhedora e firmeza doutrin\u00e1ria, ele logo ganhou proje\u00e7\u00e3o nacional e internacional. Aos 77 anos, ele est\u00e1 apto a participar do Conclave, reunindo os requisitos can\u00f4nicos para ser eleito papa: \u00e9 cardeal, tem menos de 80 anos e carrega uma vasta bagagem pastoral, acad\u00eamica e administrativa.<\/p>\n\n\n\n<figure class=\"wp-block-image size-full\"><img loading=\"lazy\" decoding=\"async\" width=\"897\" height=\"204\" src=\"https:\/\/radiostudiow.com.br\/site\/wp-content\/uploads\/2024\/01\/SITE-GRANDE3.png\" alt=\"zaions\" class=\"wp-image-18936\" srcset=\"https:\/\/radiostudiow.com.br\/site\/wp-content\/uploads\/2024\/01\/SITE-GRANDE3.png 897w, https:\/\/radiostudiow.com.br\/site\/wp-content\/uploads\/2024\/01\/SITE-GRANDE3-300x68.png 300w, https:\/\/radiostudiow.com.br\/site\/wp-content\/uploads\/2024\/01\/SITE-GRANDE3-768x175.png 768w\" sizes=\"auto, (max-width: 897px) 100vw, 897px\" \/><\/figure>\n\n\n\n<p><\/p>\n\n\n\n<p>Atualmente no Vaticano, Dom Jo\u00e3o foi prefeito do Dicast\u00e9rio para os Institutos de Vida Consagrada e Sociedades de Vida Apost\u00f3lica, um dos principais \u00f3rg\u00e3os da C\u00faria Romana. Ele tamb\u00e9m foi citado como um dos nomes cotados no Conclave de 2013, que elegeu o Papa Francisco.<\/p>\n\n\n\n<p>Sua trajet\u00f3ria \u00e9 marcada por um estilo pastoral simples, com forte \u00eanfase na transpar\u00eancia e na renova\u00e7\u00e3o da Igreja, atributos que o tornaram respeitado tanto dentro quanto fora do Brasil. <\/p>\n\n\n\n<p>Dom Jo\u00e3o \u00e9 visto como um representante da experi\u00eancia latino-americana no Vaticano e figura como um nome influente entre os cardeais eleitores.<\/p>\n\n\n\n<p>Al\u00e9m dele, outros seis brasileiros tamb\u00e9m est\u00e3o aptos a participar do Conclave: Dom S\u00e9rgio da Rocha (arcebispo de Salvador), Dom Jaime Spengler (arcebispo de Porto Alegre), Dom Odilo Scherer (arcebispo de S\u00e3o Paulo), Dom Orani Tempesta (arcebispo do Rio de Janeiro), Dom Paulo Cezar Costa (arcebispo de Bras\u00edlia) e Dom Leonardo Ulrich Steiner (arcebispo de Manaus).<\/p>\n\n\n\n<figure class=\"wp-block-image size-full\"><img decoding=\"async\" src=\"https:\/\/radiostudiow.com.br\/site\/wp-content\/uploads\/2024\/01\/SITE-GRANDE.png\" alt=\"\" class=\"wp-image-18949\"\/><\/figure>\n\n\n\n<p><\/p>\n\n\n\n<p>O protagonismo de Dom Jo\u00e3o Braz de Aviz, com sua liga\u00e7\u00e3o \u00e0 cidade de Mafra e \u00e0 comunidade cat\u00f3lica de Ponta Grossa, representa n\u00e3o apenas o Brasil, mas tamb\u00e9m a for\u00e7a da Igreja Cat\u00f3lica no Sul do pa\u00eds no cen\u00e1rio mundial.<\/p>\n\n\n\n<p>Informa\u00e7\u00f5es: Portal RDX<\/p>\n","protected":false},"excerpt":{"rendered":"<p>Cardeal brasileiro, com forte liga\u00e7\u00e3o ao Paran\u00e1 e origem catarinense, \u00e9 um dos sete eleitores do pr\u00f3ximo Papa no Conclave. Um nome com ra\u00edzes profundas no Sul do Brasil pode estar entre os protagonistas do pr\u00f3ximo Conclave que escolher\u00e1 o sucessor do Papa Francisco. Dom Jo\u00e3o Braz de Aviz, natural de Mafra (SC) e ex-bispo [&hellip;]<\/p>\n","protected":false},"author":2,"featured_media":37158,"comment_status":"open","ping_status":"open","sticky":false,"template":"","format":"standard","meta":{"footnotes":""},"categories":[7],"tags":[172],"class_list":["post-37157","post","type-post","status-publish","format-standard","has-post-thumbnail","hentry","category-geral","tag-featured"],"amp_enabled":true,"_links":{"self":[{"href":"https:\/\/radiostudiow.com.br\/site\/wp-json\/wp\/v2\/posts\/37157","targetHints":{"allow":["GET"]}}],"collection":[{"href":"https:\/\/radiostudiow.com.br\/site\/wp-json\/wp\/v2\/posts"}],"about":[{"href":"https:\/\/radiostudiow.com.br\/site\/wp-json\/wp\/v2\/types\/post"}],"author":[{"embeddable":true,"href":"https:\/\/radiostudiow.com.br\/site\/wp-json\/wp\/v2\/users\/2"}],"replies":[{"embeddable":true,"href":"https:\/\/radiostudiow.com.br\/site\/wp-json\/wp\/v2\/comments?post=37157"}],"version-history":[{"count":1,"href":"https:\/\/radiostudiow.com.br\/site\/wp-json\/wp\/v2\/posts\/37157\/revisions"}],"predecessor-version":[{"id":37159,"href":"https:\/\/radiostudiow.com.br\/site\/wp-json\/wp\/v2\/posts\/37157\/revisions\/37159"}],"wp:featuredmedia":[{"embeddable":true,"href":"https:\/\/radiostudiow.com.br\/site\/wp-json\/wp\/v2\/media\/37158"}],"wp:attachment":[{"href":"https:\/\/radiostudiow.com.br\/site\/wp-json\/wp\/v2\/media?parent=37157"}],"wp:term":[{"taxonomy":"category","embeddable":true,"href":"https:\/\/radiostudiow.com.br\/site\/wp-json\/wp\/v2\/categories?post=37157"},{"taxonomy":"post_tag","embeddable":true,"href":"https:\/\/radiostudiow.com.br\/site\/wp-json\/wp\/v2\/tags?post=37157"}],"curies":[{"name":"wp","href":"https:\/\/api.w.org\/{rel}","templated":true}]}}