{"id":37163,"date":"2025-04-22T20:14:00","date_gmt":"2025-04-22T23:14:00","guid":{"rendered":"https:\/\/radiostudiow.com.br\/site\/?p=37163"},"modified":"2025-04-22T15:18:56","modified_gmt":"2025-04-22T18:18:56","slug":"mulher-e-atingida-por-disparo-de-arma-durante-almoco-de-pascoa-em-mallet","status":"publish","type":"post","link":"https:\/\/radiostudiow.com.br\/site\/2025\/04\/22\/mulher-e-atingida-por-disparo-de-arma-durante-almoco-de-pascoa-em-mallet\/","title":{"rendered":"Mulher \u00e9 atingida por disparo de arma durante almo\u00e7o de p\u00e1scoa em Mallet"},"content":{"rendered":"\n<p><\/p>\n\n\n\n<figure class=\"wp-block-image size-full\"><img loading=\"lazy\" decoding=\"async\" width=\"897\" height=\"204\" src=\"https:\/\/radiostudiow.com.br\/site\/wp-content\/uploads\/2025\/03\/image-62.png\" alt=\"\" class=\"wp-image-35859\" srcset=\"https:\/\/radiostudiow.com.br\/site\/wp-content\/uploads\/2025\/03\/image-62.png 897w, https:\/\/radiostudiow.com.br\/site\/wp-content\/uploads\/2025\/03\/image-62-300x68.png 300w, https:\/\/radiostudiow.com.br\/site\/wp-content\/uploads\/2025\/03\/image-62-768x175.png 768w\" sizes=\"auto, (max-width: 897px) 100vw, 897px\" \/><\/figure>\n\n\n\n<p><\/p>\n\n\n\n<p>Uma mulher foi atingida por um disparo de arma de fogo na tarde do \u00faltimo domingo (20), no bairro Eldorado, em Mallet.<\/p>\n\n\n\n<p>Segundo informa\u00e7\u00f5es repassadas pela Pol\u00edcia Militar, <strong>a v\u00edtima deu entrada no Hospital S\u00e3o Pedro por volta das 15h, com um ferimento na perna causado por proj\u00e9til ainda n\u00e3o identificado.<\/strong><\/p>\n\n\n\n<figure class=\"wp-block-image size-full\"><img loading=\"lazy\" decoding=\"async\" width=\"897\" height=\"204\" src=\"https:\/\/radiostudiow.com.br\/site\/wp-content\/uploads\/2025\/03\/SITE-GRANDE5.png\" alt=\"\" class=\"wp-image-35420\" srcset=\"https:\/\/radiostudiow.com.br\/site\/wp-content\/uploads\/2025\/03\/SITE-GRANDE5.png 897w, https:\/\/radiostudiow.com.br\/site\/wp-content\/uploads\/2025\/03\/SITE-GRANDE5-300x68.png 300w, https:\/\/radiostudiow.com.br\/site\/wp-content\/uploads\/2025\/03\/SITE-GRANDE5-768x175.png 768w\" sizes=\"auto, (max-width: 897px) 100vw, 897px\" \/><\/figure>\n\n\n\n<p><\/p>\n\n\n\n<p>A equipe policial foi acionada via SADE para averiguar a situa\u00e7\u00e3o. Ao chegar no hospital, os policiais conversaram com a equipe m\u00e9dica de plant\u00e3o, que informou que a paciente seria transferida para o munic\u00edpio de Irati, onde passaria por exames de raio-X para melhor avalia\u00e7\u00e3o da gravidade e natureza do ferimento.<\/p>\n\n\n\n<p><strong>Em depoimento \u00e0 pol\u00edcia, o marido da v\u00edtima relatou que ambos estavam almo\u00e7ando na \u00e1rea externa da resid\u00eancia quando, de repente, a mulher sentiu uma dor na perna.<\/strong><\/p>\n\n\n\n<p>Ao verificar, notaram que se tratava de um ferimento compat\u00edvel com disparo de arma de fogo. Ele afirmou que <strong>n\u00e3o viu de onde veio o tiro<\/strong>, nem tem suspeitas de quem poderia ser o autor do disparo.<\/p>\n\n\n\n<p>O homem ainda mencionou que, na regi\u00e3o, <strong>\u00e9 comum moradores praticarem ca\u00e7a de pombas com espingardas de press\u00e3o<\/strong>, o que levanta a hip\u00f3tese de um disparo acidental.<\/p>\n\n\n\n<p><\/p>\n\n\n\n<figure class=\"wp-block-image size-full\"><img loading=\"lazy\" decoding=\"async\" width=\"897\" height=\"204\" src=\"https:\/\/radiostudiow.com.br\/site\/wp-content\/uploads\/2025\/03\/BARAO-NOVO-NOTICIAS-1.jpg\" alt=\"\" class=\"wp-image-35084\" srcset=\"https:\/\/radiostudiow.com.br\/site\/wp-content\/uploads\/2025\/03\/BARAO-NOVO-NOTICIAS-1.jpg 897w, https:\/\/radiostudiow.com.br\/site\/wp-content\/uploads\/2025\/03\/BARAO-NOVO-NOTICIAS-1-300x68.jpg 300w, https:\/\/radiostudiow.com.br\/site\/wp-content\/uploads\/2025\/03\/BARAO-NOVO-NOTICIAS-1-768x175.jpg 768w\" sizes=\"auto, (max-width: 897px) 100vw, 897px\" \/><\/figure>\n\n\n\n<p><\/p>\n\n\n\n<p>Ap\u00f3s o atendimento hospitalar, a equipe da PM deslocou-se at\u00e9 o local dos fatos, onde realizou patrulhamento e conversou com vizinhos e transeuntes.<\/p>\n\n\n\n<p> Nenhuma testemunha visualizou a origem do disparo, e at\u00e9 o momento <strong>ningu\u00e9m foi identificado como autor do tiro<\/strong>.<\/p>\n\n\n\n<p>Foi confeccionado o boletim de ocorr\u00eancia, e tanto a v\u00edtima quanto seu esposo foram orientados pela equipe policial.<\/p>\n\n\n\n<h2 class=\"wp-block-heading\">Da Reda\u00e7\u00e3o da Studio W<\/h2>\n\n\n\n<p><\/p>\n\n\n\n<figure class=\"wp-block-image size-full\"><img loading=\"lazy\" decoding=\"async\" width=\"897\" height=\"204\" src=\"https:\/\/radiostudiow.com.br\/site\/wp-content\/uploads\/2025\/02\/SITE-GRANDE7.png\" alt=\"\" class=\"wp-image-33861\" srcset=\"https:\/\/radiostudiow.com.br\/site\/wp-content\/uploads\/2025\/02\/SITE-GRANDE7.png 897w, https:\/\/radiostudiow.com.br\/site\/wp-content\/uploads\/2025\/02\/SITE-GRANDE7-300x68.png 300w, https:\/\/radiostudiow.com.br\/site\/wp-content\/uploads\/2025\/02\/SITE-GRANDE7-768x175.png 768w\" sizes=\"auto, (max-width: 897px) 100vw, 897px\" \/><\/figure>\n\n\n\n<p><\/p>\n\n\n\n<p><\/p>\n","protected":false},"excerpt":{"rendered":"<p>Uma mulher foi atingida por um disparo de arma de fogo na tarde do \u00faltimo domingo (20), no bairro Eldorado, em Mallet. Segundo informa\u00e7\u00f5es repassadas pela Pol\u00edcia Militar, a v\u00edtima deu entrada no Hospital S\u00e3o Pedro por volta das 15h, com um ferimento na perna causado por proj\u00e9til ainda n\u00e3o identificado. A equipe policial foi [&hellip;]<\/p>\n","protected":false},"author":2,"featured_media":37164,"comment_status":"open","ping_status":"open","sticky":false,"template":"","format":"standard","meta":{"footnotes":""},"categories":[2],"tags":[],"class_list":["post-37163","post","type-post","status-publish","format-standard","has-post-thumbnail","hentry","category-policial"],"amp_enabled":true,"_links":{"self":[{"href":"https:\/\/radiostudiow.com.br\/site\/wp-json\/wp\/v2\/posts\/37163","targetHints":{"allow":["GET"]}}],"collection":[{"href":"https:\/\/radiostudiow.com.br\/site\/wp-json\/wp\/v2\/posts"}],"about":[{"href":"https:\/\/radiostudiow.com.br\/site\/wp-json\/wp\/v2\/types\/post"}],"author":[{"embeddable":true,"href":"https:\/\/radiostudiow.com.br\/site\/wp-json\/wp\/v2\/users\/2"}],"replies":[{"embeddable":true,"href":"https:\/\/radiostudiow.com.br\/site\/wp-json\/wp\/v2\/comments?post=37163"}],"version-history":[{"count":1,"href":"https:\/\/radiostudiow.com.br\/site\/wp-json\/wp\/v2\/posts\/37163\/revisions"}],"predecessor-version":[{"id":37165,"href":"https:\/\/radiostudiow.com.br\/site\/wp-json\/wp\/v2\/posts\/37163\/revisions\/37165"}],"wp:featuredmedia":[{"embeddable":true,"href":"https:\/\/radiostudiow.com.br\/site\/wp-json\/wp\/v2\/media\/37164"}],"wp:attachment":[{"href":"https:\/\/radiostudiow.com.br\/site\/wp-json\/wp\/v2\/media?parent=37163"}],"wp:term":[{"taxonomy":"category","embeddable":true,"href":"https:\/\/radiostudiow.com.br\/site\/wp-json\/wp\/v2\/categories?post=37163"},{"taxonomy":"post_tag","embeddable":true,"href":"https:\/\/radiostudiow.com.br\/site\/wp-json\/wp\/v2\/tags?post=37163"}],"curies":[{"name":"wp","href":"https:\/\/api.w.org\/{rel}","templated":true}]}}