{"id":37166,"date":"2025-04-22T20:05:00","date_gmt":"2025-04-22T23:05:00","guid":{"rendered":"https:\/\/radiostudiow.com.br\/site\/?p=37166"},"modified":"2025-04-22T15:28:50","modified_gmt":"2025-04-22T18:28:50","slug":"mulher-e-filha-sao-agredidas-por-homem-embriagado-em-mallet-suspeito-fugiu-antes-da-chegada-da-policia","status":"publish","type":"post","link":"https:\/\/radiostudiow.com.br\/site\/2025\/04\/22\/mulher-e-filha-sao-agredidas-por-homem-embriagado-em-mallet-suspeito-fugiu-antes-da-chegada-da-policia\/","title":{"rendered":"Mulher e filha s\u00e3o agredidas por homem embriagado em Mallet; suspeito fugiu antes da chegada da pol\u00edcia."},"content":{"rendered":"\n<p><\/p>\n\n\n\n<figure class=\"wp-block-image size-full\"><img loading=\"lazy\" decoding=\"async\" width=\"897\" height=\"204\" src=\"https:\/\/radiostudiow.com.br\/site\/wp-content\/uploads\/2024\/01\/SITE-GRANDE3.png\" alt=\"zaions\" class=\"wp-image-18936\" srcset=\"https:\/\/radiostudiow.com.br\/site\/wp-content\/uploads\/2024\/01\/SITE-GRANDE3.png 897w, https:\/\/radiostudiow.com.br\/site\/wp-content\/uploads\/2024\/01\/SITE-GRANDE3-300x68.png 300w, https:\/\/radiostudiow.com.br\/site\/wp-content\/uploads\/2024\/01\/SITE-GRANDE3-768x175.png 768w\" sizes=\"auto, (max-width: 897px) 100vw, 897px\" \/><\/figure>\n\n\n\n<p><\/p>\n\n\n\n<p>A Pol\u00edcia Militar de Mallet atendeu, na noite deste domingo (20), a uma ocorr\u00eancia de <strong>viol\u00eancia dom\u00e9stica e familiar<\/strong> na localidade rural de <strong>Col\u00f4nia D\u00falcio<\/strong>. A den\u00fancia foi feita por uma mulher que relatou ter sido <strong>amea\u00e7ada e agredida pelo marido<\/strong>, que tamb\u00e9m teria amea\u00e7ado os filhos e for\u00e7ado todos a deixarem a resid\u00eancia.<\/p>\n\n\n\n<p>A equipe policial foi acionada por volta das <strong>18h15<\/strong>, via SADE, e ao chegar ao local encontrou a v\u00edtima e sua filha em meio a uma estrada rural, visivelmente abalada.<\/p>\n\n\n\n<p><\/p>\n\n\n\n<figure class=\"wp-block-image size-full\"><img loading=\"lazy\" decoding=\"async\" width=\"598\" height=\"204\" src=\"https:\/\/radiostudiow.com.br\/site\/wp-content\/uploads\/2024\/10\/labirati.png\" alt=\"\" class=\"wp-image-28854\" srcset=\"https:\/\/radiostudiow.com.br\/site\/wp-content\/uploads\/2024\/10\/labirati.png 598w, https:\/\/radiostudiow.com.br\/site\/wp-content\/uploads\/2024\/10\/labirati-300x102.png 300w\" sizes=\"auto, (max-width: 598px) 100vw, 598px\" \/><\/figure>\n\n\n\n<p><\/p>\n\n\n\n<p>De acordo com o relato da mulher aos policiais, o agressor chegou em casa <strong>embriagado<\/strong>, passou a <strong>agredi-la com tapas no rosto, empurr\u00f5es<\/strong> e chegou a <strong>arremessar uma lata de cerveja em seu rosto<\/strong>. A filha do casal tamb\u00e9m teria sido agredida durante o epis\u00f3dio.<\/p>\n\n\n\n<p>Os policiais se deslocaram at\u00e9 a resid\u00eancia da fam\u00edlia, que estava fechada, mas com janelas dos fundos abertas. A equipe realizou o adentramento para verificar a presen\u00e7a do suspeito, por\u00e9m <strong>ele n\u00e3o estava mais no local<\/strong>.<\/p>\n\n\n\n<p>Foram feitas buscas nas imedia\u00e7\u00f5es da casa, mas o homem <strong>n\u00e3o foi localizado<\/strong>.<\/p>\n\n\n\n<p>A equipe orientou a v\u00edtima quanto aos procedimentos legais e \u00e0 import\u00e2ncia de procurar a <strong>Pol\u00edcia Civil no pr\u00f3ximo dia \u00fatil<\/strong> para solicitar uma <strong>medida protetiva de urg\u00eancia<\/strong>.<\/p>\n\n\n\n<p>O boletim de ocorr\u00eancia foi registrado, e a mulher foi instru\u00edda a acionar a PM imediatamente caso o agressor retorne \u00e0 resid\u00eancia.<\/p>\n\n\n\n<p><\/p>\n\n\n\n<figure class=\"wp-block-image size-full\"><img decoding=\"async\" src=\"https:\/\/radiostudiow.com.br\/site\/wp-content\/uploads\/2024\/01\/SITE-GRANDE.png\" alt=\"\" class=\"wp-image-18949\"\/><\/figure>\n\n\n\n<p><\/p>\n\n\n\n<p><\/p>\n\n\n\n<p>Da Reda\u00e7\u00e3o da Studio W \/ Informa\u00e7\u00e3o 27\u00ba BPM<\/p>\n\n\n\n<p><\/p>\n","protected":false},"excerpt":{"rendered":"<p>A Pol\u00edcia Militar de Mallet atendeu, na noite deste domingo (20), a uma ocorr\u00eancia de viol\u00eancia dom\u00e9stica e familiar na localidade rural de Col\u00f4nia D\u00falcio. A den\u00fancia foi feita por uma mulher que relatou ter sido amea\u00e7ada e agredida pelo marido, que tamb\u00e9m teria amea\u00e7ado os filhos e for\u00e7ado todos a deixarem a resid\u00eancia. A [&hellip;]<\/p>\n","protected":false},"author":2,"featured_media":37167,"comment_status":"open","ping_status":"open","sticky":false,"template":"","format":"standard","meta":{"footnotes":""},"categories":[2],"tags":[172],"class_list":["post-37166","post","type-post","status-publish","format-standard","has-post-thumbnail","hentry","category-policial","tag-featured"],"amp_enabled":true,"_links":{"self":[{"href":"https:\/\/radiostudiow.com.br\/site\/wp-json\/wp\/v2\/posts\/37166","targetHints":{"allow":["GET"]}}],"collection":[{"href":"https:\/\/radiostudiow.com.br\/site\/wp-json\/wp\/v2\/posts"}],"about":[{"href":"https:\/\/radiostudiow.com.br\/site\/wp-json\/wp\/v2\/types\/post"}],"author":[{"embeddable":true,"href":"https:\/\/radiostudiow.com.br\/site\/wp-json\/wp\/v2\/users\/2"}],"replies":[{"embeddable":true,"href":"https:\/\/radiostudiow.com.br\/site\/wp-json\/wp\/v2\/comments?post=37166"}],"version-history":[{"count":1,"href":"https:\/\/radiostudiow.com.br\/site\/wp-json\/wp\/v2\/posts\/37166\/revisions"}],"predecessor-version":[{"id":37168,"href":"https:\/\/radiostudiow.com.br\/site\/wp-json\/wp\/v2\/posts\/37166\/revisions\/37168"}],"wp:featuredmedia":[{"embeddable":true,"href":"https:\/\/radiostudiow.com.br\/site\/wp-json\/wp\/v2\/media\/37167"}],"wp:attachment":[{"href":"https:\/\/radiostudiow.com.br\/site\/wp-json\/wp\/v2\/media?parent=37166"}],"wp:term":[{"taxonomy":"category","embeddable":true,"href":"https:\/\/radiostudiow.com.br\/site\/wp-json\/wp\/v2\/categories?post=37166"},{"taxonomy":"post_tag","embeddable":true,"href":"https:\/\/radiostudiow.com.br\/site\/wp-json\/wp\/v2\/tags?post=37166"}],"curies":[{"name":"wp","href":"https:\/\/api.w.org\/{rel}","templated":true}]}}