{"id":37169,"date":"2025-04-22T17:08:17","date_gmt":"2025-04-22T20:08:17","guid":{"rendered":"https:\/\/radiostudiow.com.br\/site\/?p=37169"},"modified":"2025-04-22T17:08:18","modified_gmt":"2025-04-22T20:08:18","slug":"brigadistas-comunitarios-de-mallet-atuam-durante-todo-o-feriado-para-garantir-seguranca-da-populacao","status":"publish","type":"post","link":"https:\/\/radiostudiow.com.br\/site\/2025\/04\/22\/brigadistas-comunitarios-de-mallet-atuam-durante-todo-o-feriado-para-garantir-seguranca-da-populacao\/","title":{"rendered":"Brigadistas Comunit\u00e1rios de Mallet atuam durante todo o feriado para garantir seguran\u00e7a da popula\u00e7\u00e3o"},"content":{"rendered":"\n<p><\/p>\n\n\n\n<figure class=\"wp-block-image size-full\"><img loading=\"lazy\" decoding=\"async\" width=\"897\" height=\"204\" src=\"https:\/\/radiostudiow.com.br\/site\/wp-content\/uploads\/2025\/02\/SITE-GRANDE7.png\" alt=\"\" class=\"wp-image-33861\" srcset=\"https:\/\/radiostudiow.com.br\/site\/wp-content\/uploads\/2025\/02\/SITE-GRANDE7.png 897w, https:\/\/radiostudiow.com.br\/site\/wp-content\/uploads\/2025\/02\/SITE-GRANDE7-300x68.png 300w, https:\/\/radiostudiow.com.br\/site\/wp-content\/uploads\/2025\/02\/SITE-GRANDE7-768x175.png 768w\" sizes=\"auto, (max-width: 897px) 100vw, 897px\" \/><\/figure>\n\n\n\n<h2 class=\"wp-block-heading\">Inc\u00eandio, atendimento de sa\u00fade e acidente foram alguns dos trabalhos que os Brigadistas Comunit\u00e1rios realizaram neste fim de semana.<\/h2>\n\n\n\n<p><\/p>\n\n\n\n<p>Durante o feriado prolongado de Tiradentes e da P\u00e1scoa, que se estendeu de quinta-feira (17) at\u00e9 a manh\u00e3 desta ter\u00e7a-feira (22), os <strong>Brigadistas Comunit\u00e1rios de Mallet<\/strong> \u2014 nossos bombeiros comunit\u00e1rios \u2014 estiveram de plant\u00e3o 24 horas por dia, prontos para atender qualquer ocorr\u00eancia e garantir a seguran\u00e7a da comunidade malletense.<\/p>\n\n\n\n<p>Mesmo com a maioria da popula\u00e7\u00e3o aproveitando o descanso, os brigadistas se mantiveram firmes no compromisso com a cidade. Foram registradas <strong>tr\u00eas ocorr\u00eancias<\/strong>, atendidas com agilidade e dedica\u00e7\u00e3o pelas equipes de plant\u00e3o.<\/p>\n\n\n\n<figure class=\"wp-block-image size-full\"><img loading=\"lazy\" decoding=\"async\" width=\"897\" height=\"204\" src=\"https:\/\/radiostudiow.com.br\/site\/wp-content\/uploads\/2025\/03\/BARAO-NOVO-NOTICIAS-1.jpg\" alt=\"\" class=\"wp-image-35084\" srcset=\"https:\/\/radiostudiow.com.br\/site\/wp-content\/uploads\/2025\/03\/BARAO-NOVO-NOTICIAS-1.jpg 897w, https:\/\/radiostudiow.com.br\/site\/wp-content\/uploads\/2025\/03\/BARAO-NOVO-NOTICIAS-1-300x68.jpg 300w, https:\/\/radiostudiow.com.br\/site\/wp-content\/uploads\/2025\/03\/BARAO-NOVO-NOTICIAS-1-768x175.jpg 768w\" sizes=\"auto, (max-width: 897px) 100vw, 897px\" \/><\/figure>\n\n\n\n<p><\/p>\n\n\n\n<p><strong>Ocorr\u00eancias registradas durante o feriado<\/strong><\/p>\n\n\n\n<p>Na madrugada da <strong>Sexta-feira Santa (18)<\/strong>, por volta da 00h30, os brigadistas <strong>Ildefonso, Cleverson e Rubens<\/strong> atenderam a um <strong>inc\u00eandio em uma edifica\u00e7\u00e3o<\/strong> na Col\u00f4nia Charqueada, pr\u00f3ximo ao CTG. O im\u00f3vel, que estava desocupado no momento, teve danos parciais, e a equipe foi acionada por vizinhos que perceberam o fogo.<\/p>\n\n\n\n<p>Ainda na sexta-feira, \u00e0s 08h50, os brigadistas <strong>Jorge, Zaqueu e Reinaldo<\/strong> prestaram atendimento em uma situa\u00e7\u00e3o <strong>n\u00e3o emergencial, por\u00e9m com risco potencial<\/strong>, tamb\u00e9m na regi\u00e3o da Col\u00f4nia Charqueada.<\/p>\n\n\n\n<p>J\u00e1 na <strong>noite de s\u00e1bado (19)<\/strong>, os brigadistas <strong>Ginesio, Edimiro e F\u00e1bio<\/strong> foram chamados para atender um <strong>acidente de tr\u00e2nsito<\/strong> no centro da cidade, no alto da Avenida Jo\u00e3o Pessoa, pr\u00f3ximo a uma ag\u00eancia banc\u00e1ria. A colis\u00e3o entre dois autom\u00f3veis resultou em danos materiais e em um homem com dores lombares, que foi encaminhado ao Hospital S\u00e3o Pedro com o aux\u00edlio da ambul\u00e2ncia de plant\u00e3o.<\/p>\n\n\n\n<p>Durante o <strong>domingo de P\u00e1scoa (20)<\/strong> e na <strong>segunda-feira, feriado de Tiradentes (21)<\/strong>, <strong>nenhuma ocorr\u00eancia foi registrada<\/strong> at\u00e9 a manh\u00e3 de ter\u00e7a-feira (22), conforme relat\u00f3rio repassado pelos pr\u00f3prios brigadistas ao jornalismo da Studio W.<\/p>\n\n\n\n<figure class=\"wp-block-image size-full\"><img loading=\"lazy\" decoding=\"async\" width=\"897\" height=\"204\" src=\"https:\/\/radiostudiow.com.br\/site\/wp-content\/uploads\/2025\/03\/SITE-GRANDE5.png\" alt=\"\" class=\"wp-image-35420\" srcset=\"https:\/\/radiostudiow.com.br\/site\/wp-content\/uploads\/2025\/03\/SITE-GRANDE5.png 897w, https:\/\/radiostudiow.com.br\/site\/wp-content\/uploads\/2025\/03\/SITE-GRANDE5-300x68.png 300w, https:\/\/radiostudiow.com.br\/site\/wp-content\/uploads\/2025\/03\/SITE-GRANDE5-768x175.png 768w\" sizes=\"auto, (max-width: 897px) 100vw, 897px\" \/><\/figure>\n\n\n\n<p><\/p>\n\n\n\n<p><strong>Telefone de contato dos brigadistas mudou \u2014 aten\u00e7\u00e3o comunidade!<\/strong><\/p>\n\n\n\n<p>A popula\u00e7\u00e3o de Mallet deve estar atenta: <strong>os n\u00fameros antigos dos Brigadistas Comunit\u00e1rios n\u00e3o est\u00e3o mais em funcionamento<\/strong>. Os telefones fixos <strong>(42) 3542-1411<\/strong> e o n\u00famero <strong>199 da Defesa Civil<\/strong> foram desativados.<\/p>\n\n\n\n<p>Agora, o contato deve ser feito <strong>exclusivamente pelo n\u00famero de celular<\/strong>:<br>\ud83d\udcde <strong>(42) 9 9802-1547<\/strong><\/p>\n\n\n\n<p>Esse \u00e9 o canal direto para acionar os brigadistas em qualquer situa\u00e7\u00e3o de emerg\u00eancia ou necessidade de apoio.<\/p>\n\n\n\n<figure class=\"wp-block-image size-large\"><img loading=\"lazy\" decoding=\"async\" width=\"1024\" height=\"576\" src=\"https:\/\/radiostudiow.com.br\/site\/wp-content\/uploads\/2025\/04\/35a20086-52f4-4f0e-9fe0-17aa0f488103-1024x576.jpg\" alt=\"\" class=\"wp-image-37172\" srcset=\"https:\/\/radiostudiow.com.br\/site\/wp-content\/uploads\/2025\/04\/35a20086-52f4-4f0e-9fe0-17aa0f488103-1024x576.jpg 1024w, https:\/\/radiostudiow.com.br\/site\/wp-content\/uploads\/2025\/04\/35a20086-52f4-4f0e-9fe0-17aa0f488103-300x169.jpg 300w, https:\/\/radiostudiow.com.br\/site\/wp-content\/uploads\/2025\/04\/35a20086-52f4-4f0e-9fe0-17aa0f488103-768x432.jpg 768w, https:\/\/radiostudiow.com.br\/site\/wp-content\/uploads\/2025\/04\/35a20086-52f4-4f0e-9fe0-17aa0f488103-1536x864.jpg 1536w, https:\/\/radiostudiow.com.br\/site\/wp-content\/uploads\/2025\/04\/35a20086-52f4-4f0e-9fe0-17aa0f488103.jpg 1600w\" sizes=\"auto, (max-width: 1024px) 100vw, 1024px\" \/><\/figure>\n\n\n\n<p><\/p>\n\n\n\n<hr class=\"wp-block-separator has-alpha-channel-opacity\"\/>\n\n\n\n<p>\ud83d\udca1 <strong>A dedica\u00e7\u00e3o e o esfor\u00e7o das equipes durante o feriado s\u00e3o dignos de reconhecimento. Mesmo em datas comemorativas, esses profissionais estiveram a postos para proteger e servir.<\/strong><\/p>\n\n\n\n<figure class=\"wp-block-image size-large\"><img loading=\"lazy\" decoding=\"async\" width=\"1024\" height=\"143\" src=\"https:\/\/radiostudiow.com.br\/site\/wp-content\/uploads\/2025\/01\/BOMBEIROS-1024x143.png\" alt=\"\" class=\"wp-image-37174\" srcset=\"https:\/\/radiostudiow.com.br\/site\/wp-content\/uploads\/2025\/01\/BOMBEIROS-1024x143.png 1024w, https:\/\/radiostudiow.com.br\/site\/wp-content\/uploads\/2025\/01\/BOMBEIROS-300x42.png 300w, https:\/\/radiostudiow.com.br\/site\/wp-content\/uploads\/2025\/01\/BOMBEIROS-768x108.png 768w, https:\/\/radiostudiow.com.br\/site\/wp-content\/uploads\/2025\/01\/BOMBEIROS-1536x215.png 1536w, https:\/\/radiostudiow.com.br\/site\/wp-content\/uploads\/2025\/01\/BOMBEIROS.png 1920w\" sizes=\"auto, (max-width: 1024px) 100vw, 1024px\" \/><\/figure>\n\n\n\n<p><\/p>\n\n\n\n<h2 class=\"wp-block-heading\">Da Reda\u00e7\u00e3o da Studio W<\/h2>\n\n\n\n<p><\/p>\n\n\n\n<figure class=\"wp-block-image size-full\"><img loading=\"lazy\" decoding=\"async\" width=\"897\" height=\"204\" src=\"https:\/\/radiostudiow.com.br\/site\/wp-content\/uploads\/2025\/03\/image-62.png\" alt=\"\" class=\"wp-image-35859\" srcset=\"https:\/\/radiostudiow.com.br\/site\/wp-content\/uploads\/2025\/03\/image-62.png 897w, https:\/\/radiostudiow.com.br\/site\/wp-content\/uploads\/2025\/03\/image-62-300x68.png 300w, https:\/\/radiostudiow.com.br\/site\/wp-content\/uploads\/2025\/03\/image-62-768x175.png 768w\" sizes=\"auto, (max-width: 897px) 100vw, 897px\" \/><\/figure>\n","protected":false},"excerpt":{"rendered":"<p>Inc\u00eandio, atendimento de sa\u00fade e acidente foram alguns dos trabalhos que os Brigadistas Comunit\u00e1rios realizaram neste fim de semana. Durante o feriado prolongado de Tiradentes e da P\u00e1scoa, que se estendeu de quinta-feira (17) at\u00e9 a manh\u00e3 desta ter\u00e7a-feira (22), os Brigadistas Comunit\u00e1rios de Mallet \u2014 nossos bombeiros comunit\u00e1rios \u2014 estiveram de plant\u00e3o 24 horas [&hellip;]<\/p>\n","protected":false},"author":2,"featured_media":37175,"comment_status":"open","ping_status":"open","sticky":false,"template":"","format":"standard","meta":{"footnotes":""},"categories":[184],"tags":[172],"class_list":["post-37169","post","type-post","status-publish","format-standard","has-post-thumbnail","hentry","category-local","tag-featured"],"amp_enabled":true,"_links":{"self":[{"href":"https:\/\/radiostudiow.com.br\/site\/wp-json\/wp\/v2\/posts\/37169","targetHints":{"allow":["GET"]}}],"collection":[{"href":"https:\/\/radiostudiow.com.br\/site\/wp-json\/wp\/v2\/posts"}],"about":[{"href":"https:\/\/radiostudiow.com.br\/site\/wp-json\/wp\/v2\/types\/post"}],"author":[{"embeddable":true,"href":"https:\/\/radiostudiow.com.br\/site\/wp-json\/wp\/v2\/users\/2"}],"replies":[{"embeddable":true,"href":"https:\/\/radiostudiow.com.br\/site\/wp-json\/wp\/v2\/comments?post=37169"}],"version-history":[{"count":1,"href":"https:\/\/radiostudiow.com.br\/site\/wp-json\/wp\/v2\/posts\/37169\/revisions"}],"predecessor-version":[{"id":37176,"href":"https:\/\/radiostudiow.com.br\/site\/wp-json\/wp\/v2\/posts\/37169\/revisions\/37176"}],"wp:featuredmedia":[{"embeddable":true,"href":"https:\/\/radiostudiow.com.br\/site\/wp-json\/wp\/v2\/media\/37175"}],"wp:attachment":[{"href":"https:\/\/radiostudiow.com.br\/site\/wp-json\/wp\/v2\/media?parent=37169"}],"wp:term":[{"taxonomy":"category","embeddable":true,"href":"https:\/\/radiostudiow.com.br\/site\/wp-json\/wp\/v2\/categories?post=37169"},{"taxonomy":"post_tag","embeddable":true,"href":"https:\/\/radiostudiow.com.br\/site\/wp-json\/wp\/v2\/tags?post=37169"}],"curies":[{"name":"wp","href":"https:\/\/api.w.org\/{rel}","templated":true}]}}