{"id":3718,"date":"2021-09-17T00:04:09","date_gmt":"2021-09-17T03:04:09","guid":{"rendered":"https:\/\/radiostudiow.com.br\/site\/?p=3718"},"modified":"2025-01-31T15:12:27","modified_gmt":"2025-01-31T18:12:27","slug":"tragedia-em-mallet-funcionario-terceirizado-da-copel-morre-vitima-de-descarga-eletrica","status":"publish","type":"post","link":"https:\/\/radiostudiow.com.br\/site\/2021\/09\/17\/tragedia-em-mallet-funcionario-terceirizado-da-copel-morre-vitima-de-descarga-eletrica\/","title":{"rendered":"TRAG\u00c9DIA EM MALLET. FUNCION\u00c1RIO TERCEIRIZADO DA COPEL MORRE V\u00cdTIMA DE DESCARGA EL\u00c9TRICA"},"content":{"rendered":"\n<p>No fim da tarde desta quinta-feira (16), por volta das 17:10 horas, uma empresa terceirizada, que presta servi\u00e7os a\u00a0Copel (Companhia Paranaense de Energia), realizava servi\u00e7os particulares de aumento de carga na rede de distribui\u00e7\u00e3o,\u00a0 em uma propriedade na localidade da Col\u00f4nia Faxinal dos Trojan no munic\u00edpio de Mallet.<\/p>\n\n\n\n<p>De acordo com informa\u00e7\u00f5es, o procedimento padr\u00e3o seria que a rede estivesse desligada (autorizado, com ordem de servi\u00e7o programada), mas na hora de substituir um\u00a0transformador dois\u00a0trabalhadores (irm\u00e3os) vieram a receber a descarga el\u00e9trica.\u00a0<\/p>\n\n\n\n<p>Infelizmente um jovem de apenas 21 anos veio a \u00f3bito em virtude da for\u00e7a da rede.&nbsp;<\/p>\n\n\n\n<p>O policial civil da 10\u00aa DRP, que estava prestando os primeiros trabalhos no local, descreveu que a Pol\u00edcia Criminal\u00edstica ir\u00e1 apurar se essa fatalidade foi um acidente ou uma neglig\u00eancia.<\/p>\n\n\n\n<p>&nbsp;A equipe&nbsp; do Corpo de Bombeiros Comunit\u00e1rios de Mallet juntamente com a Pol\u00edcia Militar, tamb\u00e9m estiveram no local at\u00e9 a chegada do IML (Instituto M\u00e9dico Legal) de Uni\u00e3o da Vit\u00f3ria.<\/p>\n\n\n\n<p>A outra v\u00edtima lesionada pela descarga, de apenas 20 anos, ambos moradores da cidade de Colombo- PR, Regi\u00e3o Metropolitana de Curitiba,&nbsp; foi levada em estado grave para o Hospital S\u00e3o Pedro.<\/p>\n\n\n\n<p><span style=\"color:#ffffff\" class=\"has-inline-color\">.<\/span><\/p>\n\n\n\n<p><span style=\"color:#ffffff\" class=\"has-inline-color\">.<\/span><\/p>\n\n\n\n<figure class=\"wp-block-image size-full\"><img decoding=\"async\" src=\"https:\/\/radiostudiow.com.br\/site\/wp-content\/uploads\/2021\/08\/BAHNIUK.jpg\" alt=\"\" class=\"wp-image-3191\"\/><\/figure>\n\n\n\n<figure class=\"wp-block-image size-full\"><img decoding=\"async\" src=\"https:\/\/radiostudiow.com.br\/site\/wp-content\/uploads\/2021\/09\/NUTRI-MALLET.jpg\" alt=\"\" class=\"wp-image-3543\"\/><\/figure>\n","protected":false},"excerpt":{"rendered":"<p>No fim da tarde desta quinta-feira (16), por volta das 17:10 horas, uma empresa terceirizada, que presta servi\u00e7os a\u00a0Copel (Companhia Paranaense de Energia), realizava servi\u00e7os particulares de aumento de carga na rede de distribui\u00e7\u00e3o,\u00a0 em uma propriedade na localidade da Col\u00f4nia Faxinal dos Trojan no munic\u00edpio de Mallet. De acordo com informa\u00e7\u00f5es, o procedimento padr\u00e3o [&hellip;]<\/p>\n","protected":false},"author":2,"featured_media":0,"comment_status":"open","ping_status":"open","sticky":false,"template":"","format":"standard","meta":{"footnotes":""},"categories":[7],"tags":[172],"class_list":["post-3718","post","type-post","status-publish","format-standard","hentry","category-geral","tag-featured"],"amp_enabled":true,"_links":{"self":[{"href":"https:\/\/radiostudiow.com.br\/site\/wp-json\/wp\/v2\/posts\/3718","targetHints":{"allow":["GET"]}}],"collection":[{"href":"https:\/\/radiostudiow.com.br\/site\/wp-json\/wp\/v2\/posts"}],"about":[{"href":"https:\/\/radiostudiow.com.br\/site\/wp-json\/wp\/v2\/types\/post"}],"author":[{"embeddable":true,"href":"https:\/\/radiostudiow.com.br\/site\/wp-json\/wp\/v2\/users\/2"}],"replies":[{"embeddable":true,"href":"https:\/\/radiostudiow.com.br\/site\/wp-json\/wp\/v2\/comments?post=3718"}],"version-history":[{"count":6,"href":"https:\/\/radiostudiow.com.br\/site\/wp-json\/wp\/v2\/posts\/3718\/revisions"}],"predecessor-version":[{"id":3725,"href":"https:\/\/radiostudiow.com.br\/site\/wp-json\/wp\/v2\/posts\/3718\/revisions\/3725"}],"wp:attachment":[{"href":"https:\/\/radiostudiow.com.br\/site\/wp-json\/wp\/v2\/media?parent=3718"}],"wp:term":[{"taxonomy":"category","embeddable":true,"href":"https:\/\/radiostudiow.com.br\/site\/wp-json\/wp\/v2\/categories?post=3718"},{"taxonomy":"post_tag","embeddable":true,"href":"https:\/\/radiostudiow.com.br\/site\/wp-json\/wp\/v2\/tags?post=3718"}],"curies":[{"name":"wp","href":"https:\/\/api.w.org\/{rel}","templated":true}]}}