{"id":37181,"date":"2025-04-23T10:13:54","date_gmt":"2025-04-23T13:13:54","guid":{"rendered":"https:\/\/radiostudiow.com.br\/site\/?p=37181"},"modified":"2025-04-23T10:13:54","modified_gmt":"2025-04-23T13:13:54","slug":"policia-militar-ambiental-autua-proprietario-em-sao-joao-do-triunfo-por-danos-a-vegetacao-nativa","status":"publish","type":"post","link":"https:\/\/radiostudiow.com.br\/site\/2025\/04\/23\/policia-militar-ambiental-autua-proprietario-em-sao-joao-do-triunfo-por-danos-a-vegetacao-nativa\/","title":{"rendered":"POL\u00cdCIA MILITAR AMBIENTAL AUTUA PROPRIET\u00c1RIO EM S\u00c3O JO\u00c3O DO TRIUNFO POR DANOS \u00c0 VEGETA\u00c7\u00c3O NATIVA"},"content":{"rendered":"\n<p>No dia 22 de abril, durante uma vistoria em uma propriedade na localidade de Rio Baio, munic\u00edpio de S\u00e3o Jo\u00e3o do Triunfo, a Pol\u00edcia Militar Ambiental identificou uma grave infra\u00e7\u00e3o ambiental. Os policiais constataram que uma \u00e1rea de aproximadamente 1,5 hectares de vegeta\u00e7\u00e3o nativa havia sido destru\u00edda pelo uso de um trator de esteira.<\/p>\n\n\n\n<figure class=\"wp-block-image size-full\"><img loading=\"lazy\" decoding=\"async\" width=\"897\" height=\"204\" src=\"https:\/\/radiostudiow.com.br\/site\/wp-content\/uploads\/2025\/03\/image-62.png\" alt=\"\" class=\"wp-image-35859\" srcset=\"https:\/\/radiostudiow.com.br\/site\/wp-content\/uploads\/2025\/03\/image-62.png 897w, https:\/\/radiostudiow.com.br\/site\/wp-content\/uploads\/2025\/03\/image-62-300x68.png 300w, https:\/\/radiostudiow.com.br\/site\/wp-content\/uploads\/2025\/03\/image-62-768x175.png 768w\" sizes=\"auto, (max-width: 897px) 100vw, 897px\" \/><\/figure>\n\n\n\n<p>Al\u00e9m disso, foi verificado que o propriet\u00e1rio utilizava uma parte da propriedade \u2014 tamb\u00e9m de cerca de 1,5 hectares \u2014 para o plantio de milho. Essa \u00e1rea j\u00e1 havia sido embargada anteriormente, pois deveria estar em processo de regenera\u00e7\u00e3o, o que n\u00e3o foi respeitado.<\/p>\n\n\n\n<p>Diante dos fatos, o propriet\u00e1rio foi autuado por destruir vegeta\u00e7\u00e3o nativa sem autoriza\u00e7\u00e3o e por desrespeitar uma \u00e1rea embargada. Ele tamb\u00e9m responder\u00e1 criminalmente pelos danos causados ao meio ambiente.<\/p>\n\n\n\n<figure class=\"wp-block-image size-full\"><img loading=\"lazy\" decoding=\"async\" width=\"897\" height=\"204\" src=\"https:\/\/radiostudiow.com.br\/site\/wp-content\/uploads\/2025\/03\/SITE-GRANDE5.png\" alt=\"\" class=\"wp-image-35420\" srcset=\"https:\/\/radiostudiow.com.br\/site\/wp-content\/uploads\/2025\/03\/SITE-GRANDE5.png 897w, https:\/\/radiostudiow.com.br\/site\/wp-content\/uploads\/2025\/03\/SITE-GRANDE5-300x68.png 300w, https:\/\/radiostudiow.com.br\/site\/wp-content\/uploads\/2025\/03\/SITE-GRANDE5-768x175.png 768w\" sizes=\"auto, (max-width: 897px) 100vw, 897px\" \/><\/figure>\n\n\n\n<p>Essa a\u00e7\u00e3o refor\u00e7a o compromisso das autoridades em proteger nossas \u00e1reas de vegeta\u00e7\u00e3o e garantir que as leis ambientais sejam cumpridas. Se voc\u00ea perceber atividades ilegais que possam prejudicar o meio ambiente, lembre-se de denunciar \u00e0s autoridades. Juntos, podemos preservar nossos recursos naturais para as futuras gera\u00e7\u00f5es!<\/p>\n\n\n\n<p>\u2705 3 hectares de \u00e1reas embargadas;<br>\u2705 Auto de infra\u00e7\u00e3o ambiental no valor de R$ 34.000,00;<\/p>\n\n\n\n<figure class=\"wp-block-gallery has-nested-images columns-default is-cropped wp-block-gallery-1 is-layout-flex wp-block-gallery-is-layout-flex\">\n<figure class=\"wp-block-image size-large\"><img loading=\"lazy\" decoding=\"async\" width=\"1024\" height=\"768\" data-id=\"37183\" src=\"https:\/\/radiostudiow.com.br\/site\/wp-content\/uploads\/2025\/04\/024b4440-0b68-4a4b-8b38-794c84ae1de2-1024x768.jpeg\" alt=\"\" class=\"wp-image-37183\" srcset=\"https:\/\/radiostudiow.com.br\/site\/wp-content\/uploads\/2025\/04\/024b4440-0b68-4a4b-8b38-794c84ae1de2-1024x768.jpeg 1024w, https:\/\/radiostudiow.com.br\/site\/wp-content\/uploads\/2025\/04\/024b4440-0b68-4a4b-8b38-794c84ae1de2-300x225.jpeg 300w, https:\/\/radiostudiow.com.br\/site\/wp-content\/uploads\/2025\/04\/024b4440-0b68-4a4b-8b38-794c84ae1de2-768x576.jpeg 768w, https:\/\/radiostudiow.com.br\/site\/wp-content\/uploads\/2025\/04\/024b4440-0b68-4a4b-8b38-794c84ae1de2-1536x1152.jpeg 1536w, https:\/\/radiostudiow.com.br\/site\/wp-content\/uploads\/2025\/04\/024b4440-0b68-4a4b-8b38-794c84ae1de2.jpeg 1600w\" sizes=\"auto, (max-width: 1024px) 100vw, 1024px\" \/><\/figure>\n\n\n\n<figure class=\"wp-block-image size-large\"><img loading=\"lazy\" decoding=\"async\" width=\"720\" height=\"493\" data-id=\"37184\" src=\"https:\/\/radiostudiow.com.br\/site\/wp-content\/uploads\/2025\/04\/42d45d50-9e2d-4dfd-8d06-37ed15a93ade.jpeg\" alt=\"\" class=\"wp-image-37184\" srcset=\"https:\/\/radiostudiow.com.br\/site\/wp-content\/uploads\/2025\/04\/42d45d50-9e2d-4dfd-8d06-37ed15a93ade.jpeg 720w, https:\/\/radiostudiow.com.br\/site\/wp-content\/uploads\/2025\/04\/42d45d50-9e2d-4dfd-8d06-37ed15a93ade-300x205.jpeg 300w\" sizes=\"auto, (max-width: 720px) 100vw, 720px\" \/><\/figure>\n\n\n\n<figure class=\"wp-block-image size-large\"><img loading=\"lazy\" decoding=\"async\" width=\"1024\" height=\"768\" data-id=\"37185\" src=\"https:\/\/radiostudiow.com.br\/site\/wp-content\/uploads\/2025\/04\/c86980ee-426b-42a0-9131-4def7bd370fd-1024x768.jpeg\" alt=\"\" class=\"wp-image-37185\" srcset=\"https:\/\/radiostudiow.com.br\/site\/wp-content\/uploads\/2025\/04\/c86980ee-426b-42a0-9131-4def7bd370fd-1024x768.jpeg 1024w, https:\/\/radiostudiow.com.br\/site\/wp-content\/uploads\/2025\/04\/c86980ee-426b-42a0-9131-4def7bd370fd-300x225.jpeg 300w, https:\/\/radiostudiow.com.br\/site\/wp-content\/uploads\/2025\/04\/c86980ee-426b-42a0-9131-4def7bd370fd-768x576.jpeg 768w, https:\/\/radiostudiow.com.br\/site\/wp-content\/uploads\/2025\/04\/c86980ee-426b-42a0-9131-4def7bd370fd-1536x1152.jpeg 1536w, https:\/\/radiostudiow.com.br\/site\/wp-content\/uploads\/2025\/04\/c86980ee-426b-42a0-9131-4def7bd370fd.jpeg 1600w\" sizes=\"auto, (max-width: 1024px) 100vw, 1024px\" \/><\/figure>\n<\/figure>\n\n\n\n<blockquote class=\"wp-block-quote is-layout-flow wp-block-quote-is-layout-flow\">\n<p class=\"has-text-align-center\"><em><strong>Pol\u00edcia Militar do Paran\u00e1,<\/strong><\/em> <em><strong>n\u00f3s fazemos a diferen\u00e7a!<\/strong><\/em><\/p>\n<\/blockquote>\n","protected":false},"excerpt":{"rendered":"<p>No dia 22 de abril, durante uma vistoria em uma propriedade na localidade de Rio Baio, munic\u00edpio de S\u00e3o Jo\u00e3o do Triunfo, a Pol\u00edcia Militar Ambiental identificou uma grave infra\u00e7\u00e3o ambiental. Os policiais constataram que uma \u00e1rea de aproximadamente 1,5 hectares de vegeta\u00e7\u00e3o nativa havia sido destru\u00edda pelo uso de um trator de esteira. Al\u00e9m [&hellip;]<\/p>\n","protected":false},"author":2,"featured_media":37182,"comment_status":"open","ping_status":"open","sticky":false,"template":"","format":"standard","meta":{"footnotes":""},"categories":[2],"tags":[172],"class_list":["post-37181","post","type-post","status-publish","format-standard","has-post-thumbnail","hentry","category-policial","tag-featured"],"amp_enabled":true,"_links":{"self":[{"href":"https:\/\/radiostudiow.com.br\/site\/wp-json\/wp\/v2\/posts\/37181","targetHints":{"allow":["GET"]}}],"collection":[{"href":"https:\/\/radiostudiow.com.br\/site\/wp-json\/wp\/v2\/posts"}],"about":[{"href":"https:\/\/radiostudiow.com.br\/site\/wp-json\/wp\/v2\/types\/post"}],"author":[{"embeddable":true,"href":"https:\/\/radiostudiow.com.br\/site\/wp-json\/wp\/v2\/users\/2"}],"replies":[{"embeddable":true,"href":"https:\/\/radiostudiow.com.br\/site\/wp-json\/wp\/v2\/comments?post=37181"}],"version-history":[{"count":1,"href":"https:\/\/radiostudiow.com.br\/site\/wp-json\/wp\/v2\/posts\/37181\/revisions"}],"predecessor-version":[{"id":37186,"href":"https:\/\/radiostudiow.com.br\/site\/wp-json\/wp\/v2\/posts\/37181\/revisions\/37186"}],"wp:featuredmedia":[{"embeddable":true,"href":"https:\/\/radiostudiow.com.br\/site\/wp-json\/wp\/v2\/media\/37182"}],"wp:attachment":[{"href":"https:\/\/radiostudiow.com.br\/site\/wp-json\/wp\/v2\/media?parent=37181"}],"wp:term":[{"taxonomy":"category","embeddable":true,"href":"https:\/\/radiostudiow.com.br\/site\/wp-json\/wp\/v2\/categories?post=37181"},{"taxonomy":"post_tag","embeddable":true,"href":"https:\/\/radiostudiow.com.br\/site\/wp-json\/wp\/v2\/tags?post=37181"}],"curies":[{"name":"wp","href":"https:\/\/api.w.org\/{rel}","templated":true}]}}