{"id":37193,"date":"2025-04-23T11:24:28","date_gmt":"2025-04-23T14:24:28","guid":{"rendered":"https:\/\/radiostudiow.com.br\/site\/?p=37193"},"modified":"2025-04-23T11:24:29","modified_gmt":"2025-04-23T14:24:29","slug":"mulher-e-ameacada-de-morte-e-arrastada-pelo-cabelo-em-grave-ocorrencia-de-violencia-domestica-autor-foi-preso-em-flagrante","status":"publish","type":"post","link":"https:\/\/radiostudiow.com.br\/site\/2025\/04\/23\/mulher-e-ameacada-de-morte-e-arrastada-pelo-cabelo-em-grave-ocorrencia-de-violencia-domestica-autor-foi-preso-em-flagrante\/","title":{"rendered":"Mulher \u00e9 amea\u00e7ada de morte e arrastada pelo cabelo em grave ocorr\u00eancia de\u00a0viol\u00eancia dom\u00e9stica; Autor foi preso em flagrante"},"content":{"rendered":"\n<p>A equipe da Pol\u00edcia Militar de S\u00e3o Mateus do Sul atendeu uma grave ocorr\u00eancia de\u00a0viol\u00eancia dom\u00e9stica por volta 22h40min dessa ter\u00e7a-feira (22). A v\u00edtima relatou que seu ex-convivente estava na resid\u00eancia tentando agredi-la.<\/p>\n\n\n\n<figure class=\"wp-block-image size-full\"><img loading=\"lazy\" decoding=\"async\" width=\"897\" height=\"204\" src=\"https:\/\/radiostudiow.com.br\/site\/wp-content\/uploads\/2024\/01\/SITE-GRANDE3.png\" alt=\"zaions\" class=\"wp-image-18936\" srcset=\"https:\/\/radiostudiow.com.br\/site\/wp-content\/uploads\/2024\/01\/SITE-GRANDE3.png 897w, https:\/\/radiostudiow.com.br\/site\/wp-content\/uploads\/2024\/01\/SITE-GRANDE3-300x68.png 300w, https:\/\/radiostudiow.com.br\/site\/wp-content\/uploads\/2024\/01\/SITE-GRANDE3-768x175.png 768w\" sizes=\"auto, (max-width: 897px) 100vw, 897px\" \/><\/figure>\n\n\n\n<p>\u00a0A v\u00edtima confirmou que o ex-convivente chegou embriagado, quebrou um vidro na porta, e iniciou uma discuss\u00e3o. Ele a puxou da cama, arrastou peloscabelos e a derrubou no ch\u00e3o.\u00a0Antes da chegada, asagress\u00f5es j\u00e1 haviam ocorrido.<\/p>\n\n\n\n<p>A v\u00edtima se escondeu no banheiro, onde conseguiu chamar a pol\u00edcia, mas o agressor quebrou a porta e continuou as agress\u00f5es. Ele tamb\u00e9m amea\u00e7ou de morte e exigiu o celular da v\u00edtima.<\/p>\n\n\n\n<figure class=\"wp-block-image size-full\"><img decoding=\"async\" src=\"https:\/\/radiostudiow.com.br\/site\/wp-content\/uploads\/2024\/01\/SITE-GRANDE.png\" alt=\"\" class=\"wp-image-18949\"\/><\/figure>\n\n\n\n<p>A mulher afirmou que as agress\u00f5es eram recorrentes e que n\u00e3o buscou medidas protetivas por medo de amea\u00e7as de morte. Um vizinho que ouviu a briga tentou intervir para proteger uma crian\u00e7a presente na resid\u00eancia.<\/p>\n\n\n\n<p>Os policiais realizaram buscas, mas n\u00e3o encontrou o agressor inicialmente. Depois a equipe retornou e encontrou o autor, a v\u00edtima e a crian\u00e7a. O homem foi preso em flagrante\u00a0e encaminhado \u00e0\u00a0Delegacia de Pol\u00edcia\u00a0para os procedimentos legais.<\/p>\n","protected":false},"excerpt":{"rendered":"<p>A equipe da Pol\u00edcia Militar de S\u00e3o Mateus do Sul atendeu uma grave ocorr\u00eancia de\u00a0viol\u00eancia dom\u00e9stica por volta 22h40min dessa ter\u00e7a-feira (22). A v\u00edtima relatou que seu ex-convivente estava na resid\u00eancia tentando agredi-la. \u00a0A v\u00edtima confirmou que o ex-convivente chegou embriagado, quebrou um vidro na porta, e iniciou uma discuss\u00e3o. Ele a puxou da cama, [&hellip;]<\/p>\n","protected":false},"author":2,"featured_media":30688,"comment_status":"open","ping_status":"open","sticky":false,"template":"","format":"standard","meta":{"footnotes":""},"categories":[2],"tags":[172],"class_list":["post-37193","post","type-post","status-publish","format-standard","has-post-thumbnail","hentry","category-policial","tag-featured"],"amp_enabled":true,"_links":{"self":[{"href":"https:\/\/radiostudiow.com.br\/site\/wp-json\/wp\/v2\/posts\/37193","targetHints":{"allow":["GET"]}}],"collection":[{"href":"https:\/\/radiostudiow.com.br\/site\/wp-json\/wp\/v2\/posts"}],"about":[{"href":"https:\/\/radiostudiow.com.br\/site\/wp-json\/wp\/v2\/types\/post"}],"author":[{"embeddable":true,"href":"https:\/\/radiostudiow.com.br\/site\/wp-json\/wp\/v2\/users\/2"}],"replies":[{"embeddable":true,"href":"https:\/\/radiostudiow.com.br\/site\/wp-json\/wp\/v2\/comments?post=37193"}],"version-history":[{"count":1,"href":"https:\/\/radiostudiow.com.br\/site\/wp-json\/wp\/v2\/posts\/37193\/revisions"}],"predecessor-version":[{"id":37195,"href":"https:\/\/radiostudiow.com.br\/site\/wp-json\/wp\/v2\/posts\/37193\/revisions\/37195"}],"wp:featuredmedia":[{"embeddable":true,"href":"https:\/\/radiostudiow.com.br\/site\/wp-json\/wp\/v2\/media\/30688"}],"wp:attachment":[{"href":"https:\/\/radiostudiow.com.br\/site\/wp-json\/wp\/v2\/media?parent=37193"}],"wp:term":[{"taxonomy":"category","embeddable":true,"href":"https:\/\/radiostudiow.com.br\/site\/wp-json\/wp\/v2\/categories?post=37193"},{"taxonomy":"post_tag","embeddable":true,"href":"https:\/\/radiostudiow.com.br\/site\/wp-json\/wp\/v2\/tags?post=37193"}],"curies":[{"name":"wp","href":"https:\/\/api.w.org\/{rel}","templated":true}]}}