{"id":37197,"date":"2025-04-23T11:28:51","date_gmt":"2025-04-23T14:28:51","guid":{"rendered":"https:\/\/radiostudiow.com.br\/site\/?p=37197"},"modified":"2025-04-23T11:29:24","modified_gmt":"2025-04-23T14:29:24","slug":"policia-civil-apreende-armas-e-municoes-em-operacao-contra-violencia-domestica","status":"publish","type":"post","link":"https:\/\/radiostudiow.com.br\/site\/2025\/04\/23\/policia-civil-apreende-armas-e-municoes-em-operacao-contra-violencia-domestica\/","title":{"rendered":"Pol\u00edcia Civil de Uni\u00e3o da Vit\u00f3ria apreende armas em opera\u00e7\u00e3o contra viol\u00eancia dom\u00e9stica"},"content":{"rendered":"\n<p>A equipe da Pol\u00edcia Civil do Paran\u00e1, por meio da Delegacia da Mulher de Uni\u00e3o da Vit\u00f3ria e da 4\u00aa SDP, cumpriu um mandado de busca e apreens\u00e3o no munic\u00edpio de Porto Uni\u00e3o na tarde desta ter\u00e7a-feira (22).<\/p>\n\n\n\n<p>Durante a opera\u00e7\u00e3o, foram apreendidas duas armas de fogo e diversas muni\u00e7\u00f5es na resid\u00eancia de um autor de viol\u00eancia dom\u00e9stica.<\/p>\n\n\n\n<figure class=\"wp-block-image size-full\"><img loading=\"lazy\" decoding=\"async\" width=\"598\" height=\"204\" src=\"https:\/\/radiostudiow.com.br\/site\/wp-content\/uploads\/2024\/10\/labirati.png\" alt=\"\" class=\"wp-image-28854\" srcset=\"https:\/\/radiostudiow.com.br\/site\/wp-content\/uploads\/2024\/10\/labirati.png 598w, https:\/\/radiostudiow.com.br\/site\/wp-content\/uploads\/2024\/10\/labirati-300x102.png 300w\" sizes=\"auto, (max-width: 598px) 100vw, 598px\" \/><\/figure>\n\n\n\n<p>Segundo as investiga\u00e7\u00f5es, a v\u00edtima relatou ter sido amea\u00e7ada por seu ex-companheiro na sexta-feira santa (18), temendo por sua seguran\u00e7a, pois o agressor possu\u00eda armamento em sua casa, localizada no estado de Santa Catarina.<\/p>\n\n\n\n<p>A a\u00e7\u00e3o destaca o compromisso da Pol\u00edcia Civil do Paran\u00e1 em combater a viol\u00eancia contra a mulher e proteger a comunidade, agindo de maneira r\u00e1pida e eficaz para garantir a ordem na regi\u00e3o.<\/p>\n","protected":false},"excerpt":{"rendered":"<p>A equipe da Pol\u00edcia Civil do Paran\u00e1, por meio da Delegacia da Mulher de Uni\u00e3o da Vit\u00f3ria e da 4\u00aa SDP, cumpriu um mandado de busca e apreens\u00e3o no munic\u00edpio de Porto Uni\u00e3o na tarde desta ter\u00e7a-feira (22). Durante a opera\u00e7\u00e3o, foram apreendidas duas armas de fogo e diversas muni\u00e7\u00f5es na resid\u00eancia de um autor [&hellip;]<\/p>\n","protected":false},"author":2,"featured_media":37198,"comment_status":"open","ping_status":"open","sticky":false,"template":"","format":"standard","meta":{"footnotes":""},"categories":[2],"tags":[172],"class_list":["post-37197","post","type-post","status-publish","format-standard","has-post-thumbnail","hentry","category-policial","tag-featured"],"amp_enabled":true,"_links":{"self":[{"href":"https:\/\/radiostudiow.com.br\/site\/wp-json\/wp\/v2\/posts\/37197","targetHints":{"allow":["GET"]}}],"collection":[{"href":"https:\/\/radiostudiow.com.br\/site\/wp-json\/wp\/v2\/posts"}],"about":[{"href":"https:\/\/radiostudiow.com.br\/site\/wp-json\/wp\/v2\/types\/post"}],"author":[{"embeddable":true,"href":"https:\/\/radiostudiow.com.br\/site\/wp-json\/wp\/v2\/users\/2"}],"replies":[{"embeddable":true,"href":"https:\/\/radiostudiow.com.br\/site\/wp-json\/wp\/v2\/comments?post=37197"}],"version-history":[{"count":2,"href":"https:\/\/radiostudiow.com.br\/site\/wp-json\/wp\/v2\/posts\/37197\/revisions"}],"predecessor-version":[{"id":37200,"href":"https:\/\/radiostudiow.com.br\/site\/wp-json\/wp\/v2\/posts\/37197\/revisions\/37200"}],"wp:featuredmedia":[{"embeddable":true,"href":"https:\/\/radiostudiow.com.br\/site\/wp-json\/wp\/v2\/media\/37198"}],"wp:attachment":[{"href":"https:\/\/radiostudiow.com.br\/site\/wp-json\/wp\/v2\/media?parent=37197"}],"wp:term":[{"taxonomy":"category","embeddable":true,"href":"https:\/\/radiostudiow.com.br\/site\/wp-json\/wp\/v2\/categories?post=37197"},{"taxonomy":"post_tag","embeddable":true,"href":"https:\/\/radiostudiow.com.br\/site\/wp-json\/wp\/v2\/tags?post=37197"}],"curies":[{"name":"wp","href":"https:\/\/api.w.org\/{rel}","templated":true}]}}