{"id":37203,"date":"2025-04-23T16:15:20","date_gmt":"2025-04-23T19:15:20","guid":{"rendered":"https:\/\/radiostudiow.com.br\/site\/?p=37203"},"modified":"2025-04-23T16:15:21","modified_gmt":"2025-04-23T19:15:21","slug":"policia-civil-de-reboucas-prende-homem-suspeito-de-tentativa-de-roubo-a-comercio","status":"publish","type":"post","link":"https:\/\/radiostudiow.com.br\/site\/2025\/04\/23\/policia-civil-de-reboucas-prende-homem-suspeito-de-tentativa-de-roubo-a-comercio\/","title":{"rendered":"Pol\u00edcia Civil de Rebou\u00e7as prende homem suspeito de tentativa de roubo a com\u00e9rcio"},"content":{"rendered":"\n<p><\/p>\n\n\n\n<figure class=\"wp-block-image size-full\"><img loading=\"lazy\" decoding=\"async\" width=\"897\" height=\"204\" src=\"https:\/\/radiostudiow.com.br\/site\/wp-content\/uploads\/2025\/03\/SITE-GRANDE5.png\" alt=\"\" class=\"wp-image-35420\" srcset=\"https:\/\/radiostudiow.com.br\/site\/wp-content\/uploads\/2025\/03\/SITE-GRANDE5.png 897w, https:\/\/radiostudiow.com.br\/site\/wp-content\/uploads\/2025\/03\/SITE-GRANDE5-300x68.png 300w, https:\/\/radiostudiow.com.br\/site\/wp-content\/uploads\/2025\/03\/SITE-GRANDE5-768x175.png 768w\" sizes=\"auto, (max-width: 897px) 100vw, 897px\" \/><\/figure>\n\n\n\n<p><\/p>\n\n\n\n<p>Um homem de 46 anos foi preso na tarde desta ter\u00e7a-feira (22) pela Pol\u00edcia Civil de Rebou\u00e7as. Ele \u00e9 suspeito de ter tentado cometer um roubo a um estabelecimento comercial no fim de fevereiro.<\/p>\n\n\n\n<p>A pris\u00e3o ocorreu por volta das 16h30 na Rua Bar\u00e3o do Rio Branco, no Centro da cidade, ap\u00f3s o suspeito ser reconhecido por agentes que patrulhavam a regi\u00e3o.<\/p>\n\n\n\n<p>O mandado de pris\u00e3o foi expedido em raz\u00e3o de uma tentativa de assalto registrada no dia 28 de fevereiro, quando o homem entrou armado com uma faca na loja <strong>HNET Telecom<\/strong>, localizada na Rua Jos\u00e9 Afonso Vieira Lopes, tamb\u00e9m no Centro de Rebou\u00e7as.<\/p>\n\n\n\n<p>&nbsp;Na ocasi\u00e3o, ele anunciou o assalto, mas acabou sendo surpreendido pela rea\u00e7\u00e3o da v\u00edtima, um comerciante de 52 anos, que arremessou uma cadeira contra o autor e conseguiu frustrar o crime. O suspeito fugiu do local em uma bicicleta Monark vermelha.<\/p>\n\n\n\n<p>Segundo a Pol\u00edcia Civil, a investiga\u00e7\u00e3o enfrentou dificuldades iniciais, j\u00e1 que o crime s\u00f3 foi oficialmente comunicado \u00e0 Delegacia uma semana ap\u00f3s o ocorrido. A v\u00edtima n\u00e3o registrou o boletim de ocorr\u00eancia no dia do fato, e a pol\u00edcia tomou conhecimento do caso por meio de mensagens compartilhadas via WhatsApp.<\/p>\n\n\n\n<p><\/p>\n\n\n\n<figure class=\"wp-block-image size-full\"><img loading=\"lazy\" decoding=\"async\" width=\"897\" height=\"204\" src=\"https:\/\/radiostudiow.com.br\/site\/wp-content\/uploads\/2024\/01\/SITE-GRANDE3.png\" alt=\"zaions\" class=\"wp-image-18936\" srcset=\"https:\/\/radiostudiow.com.br\/site\/wp-content\/uploads\/2024\/01\/SITE-GRANDE3.png 897w, https:\/\/radiostudiow.com.br\/site\/wp-content\/uploads\/2024\/01\/SITE-GRANDE3-300x68.png 300w, https:\/\/radiostudiow.com.br\/site\/wp-content\/uploads\/2024\/01\/SITE-GRANDE3-768x175.png 768w\" sizes=\"auto, (max-width: 897px) 100vw, 897px\" \/><\/figure>\n\n\n\n<p><\/p>\n\n\n\n<p>Imagens de c\u00e2meras de seguran\u00e7a do estabelecimento, no entanto, foram essenciais para a identifica\u00e7\u00e3o do autor.<\/p>\n\n\n\n<p>Ap\u00f3s ser detido, o suspeito foi encaminhado \u00e0 Cadeia P\u00fablica de Irati, onde permanece \u00e0 disposi\u00e7\u00e3o da Justi\u00e7a.<\/p>\n\n\n\n<p><strong>Fonte: PCPR \/ Rep\u00f3rter Kiko de Oliveira<\/strong><\/p>\n\n\n\n<p><\/p>\n\n\n\n<p><\/p>\n\n\n\n<blockquote class=\"wp-block-quote is-layout-flow wp-block-quote-is-layout-flow\">\n<p>VEM A\u00cd O ANIVERS\u00c1RIO <\/p>\n\n\n\n<p>DE 12 ANOS DA <\/p>\n\n\n\n<p>STUDIO W<\/p>\n<\/blockquote>\n\n\n\n<figure class=\"wp-block-image size-large\"><img decoding=\"async\" src=\"https:\/\/radiostudiow.com.br\/site\/wp-content\/uploads\/2025\/04\/2450df75-3d46-4c0b-ae72-81450a7cb55b-1024x859.jpg\" alt=\"\" class=\"wp-image-37208\"\/><\/figure>\n","protected":false},"excerpt":{"rendered":"<p>Um homem de 46 anos foi preso na tarde desta ter\u00e7a-feira (22) pela Pol\u00edcia Civil de Rebou\u00e7as. Ele \u00e9 suspeito de ter tentado cometer um roubo a um estabelecimento comercial no fim de fevereiro. A pris\u00e3o ocorreu por volta das 16h30 na Rua Bar\u00e3o do Rio Branco, no Centro da cidade, ap\u00f3s o suspeito ser [&hellip;]<\/p>\n","protected":false},"author":2,"featured_media":37209,"comment_status":"open","ping_status":"open","sticky":false,"template":"","format":"standard","meta":{"footnotes":""},"categories":[185],"tags":[172],"class_list":["post-37203","post","type-post","status-publish","format-standard","has-post-thumbnail","hentry","category-regional","tag-featured"],"amp_enabled":true,"_links":{"self":[{"href":"https:\/\/radiostudiow.com.br\/site\/wp-json\/wp\/v2\/posts\/37203","targetHints":{"allow":["GET"]}}],"collection":[{"href":"https:\/\/radiostudiow.com.br\/site\/wp-json\/wp\/v2\/posts"}],"about":[{"href":"https:\/\/radiostudiow.com.br\/site\/wp-json\/wp\/v2\/types\/post"}],"author":[{"embeddable":true,"href":"https:\/\/radiostudiow.com.br\/site\/wp-json\/wp\/v2\/users\/2"}],"replies":[{"embeddable":true,"href":"https:\/\/radiostudiow.com.br\/site\/wp-json\/wp\/v2\/comments?post=37203"}],"version-history":[{"count":2,"href":"https:\/\/radiostudiow.com.br\/site\/wp-json\/wp\/v2\/posts\/37203\/revisions"}],"predecessor-version":[{"id":37214,"href":"https:\/\/radiostudiow.com.br\/site\/wp-json\/wp\/v2\/posts\/37203\/revisions\/37214"}],"wp:featuredmedia":[{"embeddable":true,"href":"https:\/\/radiostudiow.com.br\/site\/wp-json\/wp\/v2\/media\/37209"}],"wp:attachment":[{"href":"https:\/\/radiostudiow.com.br\/site\/wp-json\/wp\/v2\/media?parent=37203"}],"wp:term":[{"taxonomy":"category","embeddable":true,"href":"https:\/\/radiostudiow.com.br\/site\/wp-json\/wp\/v2\/categories?post=37203"},{"taxonomy":"post_tag","embeddable":true,"href":"https:\/\/radiostudiow.com.br\/site\/wp-json\/wp\/v2\/tags?post=37203"}],"curies":[{"name":"wp","href":"https:\/\/api.w.org\/{rel}","templated":true}]}}