{"id":37205,"date":"2025-04-23T16:17:39","date_gmt":"2025-04-23T19:17:39","guid":{"rendered":"https:\/\/radiostudiow.com.br\/site\/?p=37205"},"modified":"2025-04-23T16:17:48","modified_gmt":"2025-04-23T19:17:48","slug":"homem-e-preso-com-arma-e-droga-durante-patrulhamento-policial-em-rio-azul","status":"publish","type":"post","link":"https:\/\/radiostudiow.com.br\/site\/2025\/04\/23\/homem-e-preso-com-arma-e-droga-durante-patrulhamento-policial-em-rio-azul\/","title":{"rendered":"Homem \u00e9 preso com arma e droga em Rio Azul"},"content":{"rendered":"\n<p>Um homem foi detido durante patrulhamento ostensivo preventivo realizado pela Pol\u00edcia Militar de Rio Azul no bairro Vila Diva por volta das 16h50min na tarde desta segunda-feira (21).<\/p>\n\n\n\n<figure class=\"wp-block-image size-full\"><img loading=\"lazy\" decoding=\"async\" width=\"897\" height=\"204\" src=\"https:\/\/radiostudiow.com.br\/site\/wp-content\/uploads\/2025\/03\/BARAO-NOVO-NOTICIAS-1.jpg\" alt=\"\" class=\"wp-image-35084\" srcset=\"https:\/\/radiostudiow.com.br\/site\/wp-content\/uploads\/2025\/03\/BARAO-NOVO-NOTICIAS-1.jpg 897w, https:\/\/radiostudiow.com.br\/site\/wp-content\/uploads\/2025\/03\/BARAO-NOVO-NOTICIAS-1-300x68.jpg 300w, https:\/\/radiostudiow.com.br\/site\/wp-content\/uploads\/2025\/03\/BARAO-NOVO-NOTICIAS-1-768x175.jpg 768w\" sizes=\"auto, (max-width: 897px) 100vw, 897px\" \/><\/figure>\n\n\n\n<p>De acordo com a PM, os policiais visualizaram um indiv\u00edduo empurrando uma bicicleta em via p\u00fablica. Ao notar a presen\u00e7a da viatura, o homem demonstrou nervosismo e tentou esconder a regi\u00e3o da cintura atr\u00e1s da bicicleta, o que levantou suspeitas da equipe. Ainda assim, foi poss\u00edvel notar um volume na cintura do suspeito, o que motivou a abordagem imediata.<\/p>\n\n\n\n<p>Durante a revista pessoal, os agentes encontraram um rev\u00f3lver calibre .32 com duas muni\u00e7\u00f5es intactas e uma deflagrada no tambor, al\u00e9m de um inv\u00f3lucro contendo subst\u00e2ncia an\u00e1loga \u00e0 coca\u00edna no bolso do abordado.<\/p>\n\n\n\n<figure class=\"wp-block-image size-full\"><img loading=\"lazy\" decoding=\"async\" width=\"900\" height=\"408\" src=\"https:\/\/radiostudiow.com.br\/site\/wp-content\/uploads\/2025\/03\/SITE-E-TV-1.png\" alt=\"\" class=\"wp-image-35744\" srcset=\"https:\/\/radiostudiow.com.br\/site\/wp-content\/uploads\/2025\/03\/SITE-E-TV-1.png 900w, https:\/\/radiostudiow.com.br\/site\/wp-content\/uploads\/2025\/03\/SITE-E-TV-1-300x136.png 300w, https:\/\/radiostudiow.com.br\/site\/wp-content\/uploads\/2025\/03\/SITE-E-TV-1-768x348.png 768w\" sizes=\"auto, (max-width: 900px) 100vw, 900px\" \/><\/figure>\n\n\n\n<p>Questionado sobre os objetos, o homem afirmou ser usu\u00e1rio de drogas e disse que carrega a arma por estar recebendo amea\u00e7as de morte.<\/p>\n\n\n\n<p>Diante dos fatos, ele recebeu voz de pris\u00e3o e foi encaminhado \u00e0 41\u00aa Delegacia de Pol\u00edcia Civil de Irati, onde foram adotados os procedimentos legais cab\u00edveis.<a href=\"https:\/\/api.whatsapp.com\/send?text=Homem%20%C3%A9%20preso%20com%20arma%20e%20droga%20durante%20patrulhamento%20policial%20em%20Rio%20Azul%20-%20https:\/\/alvoradanoar.com.br\/noticia\/702778\" target=\"_blank\" rel=\"noreferrer noopener\"><\/a><\/p>\n","protected":false},"excerpt":{"rendered":"<p>Um homem foi detido durante patrulhamento ostensivo preventivo realizado pela Pol\u00edcia Militar de Rio Azul no bairro Vila Diva por volta das 16h50min na tarde desta segunda-feira (21). De acordo com a PM, os policiais visualizaram um indiv\u00edduo empurrando uma bicicleta em via p\u00fablica. Ao notar a presen\u00e7a da viatura, o homem demonstrou nervosismo e [&hellip;]<\/p>\n","protected":false},"author":2,"featured_media":37206,"comment_status":"open","ping_status":"open","sticky":false,"template":"","format":"standard","meta":{"footnotes":""},"categories":[2],"tags":[172],"class_list":["post-37205","post","type-post","status-publish","format-standard","has-post-thumbnail","hentry","category-policial","tag-featured"],"amp_enabled":true,"_links":{"self":[{"href":"https:\/\/radiostudiow.com.br\/site\/wp-json\/wp\/v2\/posts\/37205","targetHints":{"allow":["GET"]}}],"collection":[{"href":"https:\/\/radiostudiow.com.br\/site\/wp-json\/wp\/v2\/posts"}],"about":[{"href":"https:\/\/radiostudiow.com.br\/site\/wp-json\/wp\/v2\/types\/post"}],"author":[{"embeddable":true,"href":"https:\/\/radiostudiow.com.br\/site\/wp-json\/wp\/v2\/users\/2"}],"replies":[{"embeddable":true,"href":"https:\/\/radiostudiow.com.br\/site\/wp-json\/wp\/v2\/comments?post=37205"}],"version-history":[{"count":3,"href":"https:\/\/radiostudiow.com.br\/site\/wp-json\/wp\/v2\/posts\/37205\/revisions"}],"predecessor-version":[{"id":37212,"href":"https:\/\/radiostudiow.com.br\/site\/wp-json\/wp\/v2\/posts\/37205\/revisions\/37212"}],"wp:featuredmedia":[{"embeddable":true,"href":"https:\/\/radiostudiow.com.br\/site\/wp-json\/wp\/v2\/media\/37206"}],"wp:attachment":[{"href":"https:\/\/radiostudiow.com.br\/site\/wp-json\/wp\/v2\/media?parent=37205"}],"wp:term":[{"taxonomy":"category","embeddable":true,"href":"https:\/\/radiostudiow.com.br\/site\/wp-json\/wp\/v2\/categories?post=37205"},{"taxonomy":"post_tag","embeddable":true,"href":"https:\/\/radiostudiow.com.br\/site\/wp-json\/wp\/v2\/tags?post=37205"}],"curies":[{"name":"wp","href":"https:\/\/api.w.org\/{rel}","templated":true}]}}