{"id":37213,"date":"2025-04-23T19:09:54","date_gmt":"2025-04-23T22:09:54","guid":{"rendered":"https:\/\/radiostudiow.com.br\/site\/?p=37213"},"modified":"2025-04-23T19:09:55","modified_gmt":"2025-04-23T22:09:55","slug":"boletim-confirma-5-767-novos-casos-de-dengue-e-mais-dois-obitos-no-parana","status":"publish","type":"post","link":"https:\/\/radiostudiow.com.br\/site\/2025\/04\/23\/boletim-confirma-5-767-novos-casos-de-dengue-e-mais-dois-obitos-no-parana\/","title":{"rendered":"Boletim confirma 5.767 novos casos de dengue e mais dois \u00f3bitos no Paran\u00e1"},"content":{"rendered":"\n<p>A Secretaria de Estado da Sa\u00fade do Paran\u00e1 (Sesa) divulgou nesta quarta-feira (23) o novo informe semanal da dengue. Foram registrados mais 5.767 casos da doen\u00e7a e dois \u00f3bitos. Os dados do novo ano epidemiol\u00f3gico 2025 totalizam 147.531 notifica\u00e7\u00f5es, 42.802 diagn\u00f3sticos confirmados e 33 \u00f3bitos em decorr\u00eancia da dengue no Estado.<\/p>\n\n\n\n<p>Ao todo, 395 munic\u00edpios j\u00e1 apresentaram notifica\u00e7\u00f5es da doen\u00e7a, transmitida pelo mosquito Aedes aegypti, e 352 possuem casos confirmados. Os dois novos \u00f3bitos s\u00e3o de Apucarana (uma mulher de 65 anos sem comorbidades) e de Toledo (um homem de 75 anos com comorbidades). As mortes ocorreram em mar\u00e7o e abril, respectivamente.<\/p>\n\n\n\n<div class=\"wp-block-media-text is-stacked-on-mobile\"><figure class=\"wp-block-media-text__media\"><img loading=\"lazy\" decoding=\"async\" width=\"1024\" height=\"1024\" src=\"https:\/\/radiostudiow.com.br\/site\/wp-content\/uploads\/2025\/03\/LABIRATI0-1024x1024.png\" alt=\"\" class=\"wp-image-35965 size-full\" srcset=\"https:\/\/radiostudiow.com.br\/site\/wp-content\/uploads\/2025\/03\/LABIRATI0-1024x1024.png 1024w, https:\/\/radiostudiow.com.br\/site\/wp-content\/uploads\/2025\/03\/LABIRATI0-300x300.png 300w, https:\/\/radiostudiow.com.br\/site\/wp-content\/uploads\/2025\/03\/LABIRATI0-768x768.png 768w, https:\/\/radiostudiow.com.br\/site\/wp-content\/uploads\/2025\/03\/LABIRATI0-1536x1536.png 1536w, https:\/\/radiostudiow.com.br\/site\/wp-content\/uploads\/2025\/03\/LABIRATI0.png 1600w\" sizes=\"auto, (max-width: 1024px) 100vw, 1024px\" \/><\/figure><div class=\"wp-block-media-text__content\">\n<p>As regionais com os maiores n\u00fameros de casos confirmados neste per\u00edodo epidemiol\u00f3gico s\u00e3o a 17\u00aa RS de Londrina (9.974); 14\u00aa Regional de Sa\u00fade de Paranava\u00ed (9.127); 15\u00aa RS Maring\u00e1 (5.188); 12\u00aa RS de Umuarama (2.997) e 19\u00aa RS Jacarezinho (2.773).<\/p>\n<\/div><\/div>\n\n\n\n<p><strong>OUTRAS ARBOVIROSES \u2013<\/strong>&nbsp;A publica\u00e7\u00e3o inclui ainda dados sobre Chikungunya e Zika, doen\u00e7as tamb\u00e9m transmitidas pelo mosquito Aedes aegypti. Foram confirmados 2.139 casos de Chikungunya, num total de 5.229 notifica\u00e7\u00f5es da doen\u00e7a no Estado. Quanto ao v\u00edrus Zika, at\u00e9 o momento foram registradas 43 notifica\u00e7\u00f5es e nenhum caso foi confirmado.<\/p>\n\n\n\n<p>Confira o Informe Semanal completo&nbsp;<a href=\"https:\/\/www.documentador.pr.gov.br\/documentador\/pub.do?action=d&amp;uuid=@gtf-escriba-sesa@877252c9-c014-4d1b-9993-5372a8bd1cce&amp;emPg=true\" target=\"_blank\" rel=\"noreferrer noopener\"><strong>AQUI<\/strong><\/a>. Mais informa\u00e7\u00f5es sobre os dados da dengue est\u00e3o neste&nbsp;<strong><a href=\"https:\/\/www.dengue.pr.gov.br\/Pagina\/Boletins-da-Dengue\" target=\"_blank\" rel=\"noreferrer noopener\">LINK<\/a><\/strong>.<\/p>\n","protected":false},"excerpt":{"rendered":"<p>A Secretaria de Estado da Sa\u00fade do Paran\u00e1 (Sesa) divulgou nesta quarta-feira (23) o novo informe semanal da dengue. Foram registrados mais 5.767 casos da doen\u00e7a e dois \u00f3bitos. Os dados do novo ano epidemiol\u00f3gico 2025 totalizam 147.531 notifica\u00e7\u00f5es, 42.802 diagn\u00f3sticos confirmados e 33 \u00f3bitos em decorr\u00eancia da dengue no Estado. Ao todo, 395 munic\u00edpios [&hellip;]<\/p>\n","protected":false},"author":2,"featured_media":33107,"comment_status":"open","ping_status":"open","sticky":false,"template":"","format":"standard","meta":{"footnotes":""},"categories":[182],"tags":[172],"class_list":["post-37213","post","type-post","status-publish","format-standard","has-post-thumbnail","hentry","category-saude","tag-featured"],"amp_enabled":true,"_links":{"self":[{"href":"https:\/\/radiostudiow.com.br\/site\/wp-json\/wp\/v2\/posts\/37213","targetHints":{"allow":["GET"]}}],"collection":[{"href":"https:\/\/radiostudiow.com.br\/site\/wp-json\/wp\/v2\/posts"}],"about":[{"href":"https:\/\/radiostudiow.com.br\/site\/wp-json\/wp\/v2\/types\/post"}],"author":[{"embeddable":true,"href":"https:\/\/radiostudiow.com.br\/site\/wp-json\/wp\/v2\/users\/2"}],"replies":[{"embeddable":true,"href":"https:\/\/radiostudiow.com.br\/site\/wp-json\/wp\/v2\/comments?post=37213"}],"version-history":[{"count":2,"href":"https:\/\/radiostudiow.com.br\/site\/wp-json\/wp\/v2\/posts\/37213\/revisions"}],"predecessor-version":[{"id":37231,"href":"https:\/\/radiostudiow.com.br\/site\/wp-json\/wp\/v2\/posts\/37213\/revisions\/37231"}],"wp:featuredmedia":[{"embeddable":true,"href":"https:\/\/radiostudiow.com.br\/site\/wp-json\/wp\/v2\/media\/33107"}],"wp:attachment":[{"href":"https:\/\/radiostudiow.com.br\/site\/wp-json\/wp\/v2\/media?parent=37213"}],"wp:term":[{"taxonomy":"category","embeddable":true,"href":"https:\/\/radiostudiow.com.br\/site\/wp-json\/wp\/v2\/categories?post=37213"},{"taxonomy":"post_tag","embeddable":true,"href":"https:\/\/radiostudiow.com.br\/site\/wp-json\/wp\/v2\/tags?post=37213"}],"curies":[{"name":"wp","href":"https:\/\/api.w.org\/{rel}","templated":true}]}}