{"id":37215,"date":"2025-04-23T16:40:57","date_gmt":"2025-04-23T19:40:57","guid":{"rendered":"https:\/\/radiostudiow.com.br\/site\/?p=37215"},"modified":"2025-04-23T16:40:57","modified_gmt":"2025-04-23T19:40:57","slug":"acidente-fatal-entre-caminhao-e-carro-funerario-deixa-um-morto-na-br-277-em-porto-amazonas","status":"publish","type":"post","link":"https:\/\/radiostudiow.com.br\/site\/2025\/04\/23\/acidente-fatal-entre-caminhao-e-carro-funerario-deixa-um-morto-na-br-277-em-porto-amazonas\/","title":{"rendered":"Acidente fatal entre caminh\u00e3o e carro funer\u00e1rio deixa um morto na BR-277, em Porto Amazonas"},"content":{"rendered":"\n<figure class=\"wp-block-image size-full\"><img loading=\"lazy\" decoding=\"async\" width=\"897\" height=\"204\" src=\"https:\/\/radiostudiow.com.br\/site\/wp-content\/uploads\/2025\/02\/SITE-GRANDE7.png\" alt=\"\" class=\"wp-image-33861\" srcset=\"https:\/\/radiostudiow.com.br\/site\/wp-content\/uploads\/2025\/02\/SITE-GRANDE7.png 897w, https:\/\/radiostudiow.com.br\/site\/wp-content\/uploads\/2025\/02\/SITE-GRANDE7-300x68.png 300w, https:\/\/radiostudiow.com.br\/site\/wp-content\/uploads\/2025\/02\/SITE-GRANDE7-768x175.png 768w\" sizes=\"auto, (max-width: 897px) 100vw, 897px\" \/><\/figure>\n\n\n\n<p><\/p>\n\n\n\n<p>Um grave acidente registrado na noite desta ter\u00e7a-feira (22), no km 165 da BR-277, resultou na morte de um homem de 54 anos. A colis\u00e3o frontal envolveu um caminh\u00e3o Mercedes-Benz 1113, com placas de S\u00e3o Jos\u00e9 dos Pinhais, e um ve\u00edculo VW\/Saveiro pertencente a uma empresa funer\u00e1ria.<\/p>\n\n\n\n<p><strong>De acordo com a Pol\u00edcia Rodovi\u00e1ria Federal (PRF), o caminh\u00e3o trafegava no sentido interior\u2013capital quando invadiu a pista contr\u00e1ria e colidiu de frente com a Saveiro, que seguia no sentido oposto. O impacto foi violento e o condutor do ve\u00edculo funer\u00e1rio morreu no local.<\/strong><\/p>\n\n\n\n<p>O autom\u00f3vel transportava um corpo, que precisou ser transferido para outro ve\u00edculo da mesma empresa funer\u00e1ria para dar continuidade ao trajeto previsto.<\/p>\n\n\n\n<p>O motorista do caminh\u00e3o permaneceu no local, acionou os servi\u00e7os de emerg\u00eancia e realizou o teste do baf\u00f4metro, que apresentou resultado negativo para consumo de \u00e1lcool. Ele foi liberado pela Pol\u00edcia Civil e dever\u00e1 prestar depoimento posteriormente.<\/p>\n\n\n\n<p>O corpo do condutor foi encaminhado ao Instituto M\u00e9dico Legal (IML) de Ponta Grossa. As causas do acidente ainda est\u00e3o sendo investigadas pelas autoridades competentes.<\/p>\n\n\n\n<p>A ocorr\u00eancia mobilizou equipes da Concession\u00e1ria Via Arauc\u00e1ria, Pol\u00edcia Rodovi\u00e1ria Federal (PRF), Corpo de Bombeiros de Palmeira, Pol\u00edcia Cient\u00edfica e Pol\u00edcia Civil.<\/p>\n\n\n\n<p>&nbsp;A rodovia ficou totalmente interditada por cerca de duas horas para o atendimento da ocorr\u00eancia e realiza\u00e7\u00e3o da per\u00edcia t\u00e9cnica.<\/p>\n\n\n\n<figure class=\"wp-block-image size-full\"><img decoding=\"async\" src=\"https:\/\/radiostudiow.com.br\/site\/wp-content\/uploads\/2024\/01\/SITE-GRANDE.png\" alt=\"\" class=\"wp-image-18949\"\/><\/figure>\n\n\n\n<figure class=\"wp-block-image size-large\"><img decoding=\"async\" src=\"https:\/\/radiostudiow.com.br\/site\/wp-content\/uploads\/2025\/04\/2450df75-3d46-4c0b-ae72-81450a7cb55b-1024x859.jpg\" alt=\"\" class=\"wp-image-37208\"\/><\/figure>\n\n\n\n<blockquote class=\"wp-block-quote is-layout-flow wp-block-quote-is-layout-flow\">\n<p>VEM A\u00cd O ANIVERSARIO DE 12 ANOS DA SUA STUDIO W<\/p>\n<\/blockquote>\n","protected":false},"excerpt":{"rendered":"<p>Um grave acidente registrado na noite desta ter\u00e7a-feira (22), no km 165 da BR-277, resultou na morte de um homem de 54 anos. A colis\u00e3o frontal envolveu um caminh\u00e3o Mercedes-Benz 1113, com placas de S\u00e3o Jos\u00e9 dos Pinhais, e um ve\u00edculo VW\/Saveiro pertencente a uma empresa funer\u00e1ria. De acordo com a Pol\u00edcia Rodovi\u00e1ria Federal (PRF), [&hellip;]<\/p>\n","protected":false},"author":2,"featured_media":37216,"comment_status":"open","ping_status":"open","sticky":false,"template":"","format":"standard","meta":{"footnotes":""},"categories":[7],"tags":[172],"class_list":["post-37215","post","type-post","status-publish","format-standard","has-post-thumbnail","hentry","category-geral","tag-featured"],"amp_enabled":true,"_links":{"self":[{"href":"https:\/\/radiostudiow.com.br\/site\/wp-json\/wp\/v2\/posts\/37215","targetHints":{"allow":["GET"]}}],"collection":[{"href":"https:\/\/radiostudiow.com.br\/site\/wp-json\/wp\/v2\/posts"}],"about":[{"href":"https:\/\/radiostudiow.com.br\/site\/wp-json\/wp\/v2\/types\/post"}],"author":[{"embeddable":true,"href":"https:\/\/radiostudiow.com.br\/site\/wp-json\/wp\/v2\/users\/2"}],"replies":[{"embeddable":true,"href":"https:\/\/radiostudiow.com.br\/site\/wp-json\/wp\/v2\/comments?post=37215"}],"version-history":[{"count":1,"href":"https:\/\/radiostudiow.com.br\/site\/wp-json\/wp\/v2\/posts\/37215\/revisions"}],"predecessor-version":[{"id":37217,"href":"https:\/\/radiostudiow.com.br\/site\/wp-json\/wp\/v2\/posts\/37215\/revisions\/37217"}],"wp:featuredmedia":[{"embeddable":true,"href":"https:\/\/radiostudiow.com.br\/site\/wp-json\/wp\/v2\/media\/37216"}],"wp:attachment":[{"href":"https:\/\/radiostudiow.com.br\/site\/wp-json\/wp\/v2\/media?parent=37215"}],"wp:term":[{"taxonomy":"category","embeddable":true,"href":"https:\/\/radiostudiow.com.br\/site\/wp-json\/wp\/v2\/categories?post=37215"},{"taxonomy":"post_tag","embeddable":true,"href":"https:\/\/radiostudiow.com.br\/site\/wp-json\/wp\/v2\/tags?post=37215"}],"curies":[{"name":"wp","href":"https:\/\/api.w.org\/{rel}","templated":true}]}}