{"id":37222,"date":"2025-04-23T17:17:44","date_gmt":"2025-04-23T20:17:44","guid":{"rendered":"https:\/\/radiostudiow.com.br\/site\/?p=37222"},"modified":"2025-04-23T17:17:44","modified_gmt":"2025-04-23T20:17:44","slug":"feriadao-tem-aumento-de-infracoes-e-acidentes-nas-rodovias-do-parana-seis-pessoas-morreram","status":"publish","type":"post","link":"https:\/\/radiostudiow.com.br\/site\/2025\/04\/23\/feriadao-tem-aumento-de-infracoes-e-acidentes-nas-rodovias-do-parana-seis-pessoas-morreram\/","title":{"rendered":"Feriad\u00e3o tem aumento de infra\u00e7\u00f5es e acidentes nas rodovias do Paran\u00e1; seis pessoas morreram"},"content":{"rendered":"\n<p><\/p>\n\n\n\n<figure class=\"wp-block-image size-full\"><img loading=\"lazy\" decoding=\"async\" width=\"897\" height=\"204\" src=\"https:\/\/radiostudiow.com.br\/site\/wp-content\/uploads\/2025\/02\/SITE-GRANDE7.png\" alt=\"\" class=\"wp-image-33861\" srcset=\"https:\/\/radiostudiow.com.br\/site\/wp-content\/uploads\/2025\/02\/SITE-GRANDE7.png 897w, https:\/\/radiostudiow.com.br\/site\/wp-content\/uploads\/2025\/02\/SITE-GRANDE7-300x68.png 300w, https:\/\/radiostudiow.com.br\/site\/wp-content\/uploads\/2025\/02\/SITE-GRANDE7-768x175.png 768w\" sizes=\"auto, (max-width: 897px) 100vw, 897px\" \/><\/figure>\n\n\n\n<p><\/p>\n\n\n\n<p>O feriad\u00e3o prolongado entre os dias 17 e 22 de abril mobilizou uma intensa opera\u00e7\u00e3o do Batalh\u00e3o de Pol\u00edcia Rodovi\u00e1ria (BPRv) nas rodovias estaduais do Paran\u00e1. Com o aumento do fluxo de ve\u00edculos devido \u00e0 jun\u00e7\u00e3o dos feriados da Semana Santa e de Tiradentes, o policiamento foi refor\u00e7ado e resultou em n\u00fameros alarmantes de imprud\u00eancia e desrespeito \u00e0s leis de tr\u00e2nsito.<\/p>\n\n\n\n<p>Durante o per\u00edodo, foram lavrados <strong>5.297 autos de infra\u00e7\u00e3o<\/strong> e registradas <strong>11.507 imagens por radar<\/strong>, demonstrando a ampla fiscaliza\u00e7\u00e3o nas estradas. Entre as infra\u00e7\u00f5es, <strong>212 motoristas foram flagrados dirigindo sem habilita\u00e7\u00e3o ou com pend\u00eancias na CNH<\/strong>, conforme o artigo 162 do C\u00f3digo de Tr\u00e2nsito Brasileiro (CTB). Al\u00e9m disso, <strong>585 pessoas foram autuadas por n\u00e3o utilizarem o cinto de seguran\u00e7a<\/strong>.<\/p>\n\n\n\n<p>Um dado preocupante refere-se \u00e0 condu\u00e7\u00e3o sob efeito de \u00e1lcool: <strong>128 motoristas foram autuados por embriaguez ao volante<\/strong>, seja por apresentarem sinais vis\u00edveis ou por se recusarem a realizar o teste do baf\u00f4metro. <strong>Doze desses condutores foram presos<\/strong>, conforme prev\u00ea o artigo 306 do CTB.<\/p>\n\n\n\n<figure class=\"wp-block-image size-full\"><img loading=\"lazy\" decoding=\"async\" width=\"897\" height=\"204\" src=\"https:\/\/radiostudiow.com.br\/site\/wp-content\/uploads\/2025\/01\/SITE-GRANDE3.png\" alt=\"\" class=\"wp-image-32900\" srcset=\"https:\/\/radiostudiow.com.br\/site\/wp-content\/uploads\/2025\/01\/SITE-GRANDE3.png 897w, https:\/\/radiostudiow.com.br\/site\/wp-content\/uploads\/2025\/01\/SITE-GRANDE3-300x68.png 300w, https:\/\/radiostudiow.com.br\/site\/wp-content\/uploads\/2025\/01\/SITE-GRANDE3-768x175.png 768w\" sizes=\"auto, (max-width: 897px) 100vw, 897px\" \/><\/figure>\n\n\n\n<p><\/p>\n\n\n\n<figure class=\"wp-block-image size-large\"><img loading=\"lazy\" decoding=\"async\" width=\"1024\" height=\"768\" src=\"https:\/\/radiostudiow.com.br\/site\/wp-content\/uploads\/2025\/04\/ccdb4bc8-2472-42d8-83d6-e825a5a8bc70-1024x768.jpg\" alt=\"\" class=\"wp-image-37223\" srcset=\"https:\/\/radiostudiow.com.br\/site\/wp-content\/uploads\/2025\/04\/ccdb4bc8-2472-42d8-83d6-e825a5a8bc70-1024x768.jpg 1024w, https:\/\/radiostudiow.com.br\/site\/wp-content\/uploads\/2025\/04\/ccdb4bc8-2472-42d8-83d6-e825a5a8bc70-300x225.jpg 300w, https:\/\/radiostudiow.com.br\/site\/wp-content\/uploads\/2025\/04\/ccdb4bc8-2472-42d8-83d6-e825a5a8bc70-768x576.jpg 768w, https:\/\/radiostudiow.com.br\/site\/wp-content\/uploads\/2025\/04\/ccdb4bc8-2472-42d8-83d6-e825a5a8bc70-1536x1152.jpg 1536w, https:\/\/radiostudiow.com.br\/site\/wp-content\/uploads\/2025\/04\/ccdb4bc8-2472-42d8-83d6-e825a5a8bc70.jpg 1600w\" sizes=\"auto, (max-width: 1024px) 100vw, 1024px\" \/><\/figure>\n\n\n\n<p><strong>Casos de imprud\u00eancia extrema<\/strong><\/p>\n\n\n\n<p>A opera\u00e7\u00e3o tamb\u00e9m flagrou situa\u00e7\u00f5es de risco extremo. Em Cidade Ga\u00facha, no dia 20, um ve\u00edculo foi registrado trafegando a <strong>177 km\/h na PR-082<\/strong>. J\u00e1 em Maring\u00e1, tamb\u00e9m no dia 20, uma motocicleta foi apreendida por acumular <strong>R$ 32 mil em d\u00e9bitos e 151 multas<\/strong>.<\/p>\n\n\n\n<p>Outro caso grave ocorreu em Carambe\u00ed, onde um caminhoneiro foi preso por embriaguez ap\u00f3s causar o tombamento dos reboques do seu ve\u00edculo. O teste do etil\u00f4metro apontou <strong>0,75 mg\/l de \u00e1lcool no sangue<\/strong> \u2013 valor quase dez vezes acima do limite legal.<\/p>\n\n\n\n<p><strong>A\u00e7\u00f5es contra o crime organizado<\/strong><\/p>\n\n\n\n<p>Al\u00e9m das a\u00e7\u00f5es de tr\u00e2nsito, o feriad\u00e3o tamb\u00e9m contou com opera\u00e7\u00f5es voltadas ao combate ao crime nas rodovias. Ao todo, foram apreendidas <strong>2.995,83 quilos de entorpecentes<\/strong>, com destaque para a <strong>apreens\u00e3o de 2,7 toneladas de maconha em Cianorte<\/strong>, em um caminh\u00e3o. A carga il\u00edcita representava um preju\u00edzo estimado de <strong>R$ 7,6 milh\u00f5es ao crime organizado<\/strong>.<\/p>\n\n\n\n<p>Em Amp\u00e9re, na regi\u00e3o sudoeste, um homem foi preso portando um <strong>fuzil calibre 5,56<\/strong>, uma <strong>pistola 9mm<\/strong> e diversas muni\u00e7\u00f5es.<\/p>\n\n\n\n<p><\/p>\n\n\n\n<figure class=\"wp-block-image size-large\"><img loading=\"lazy\" decoding=\"async\" width=\"768\" height=\"1024\" src=\"https:\/\/radiostudiow.com.br\/site\/wp-content\/uploads\/2025\/04\/f79d01ef-c9f3-4d64-8a7b-74a715247187-768x1024.jpg\" alt=\"\" class=\"wp-image-37224\" srcset=\"https:\/\/radiostudiow.com.br\/site\/wp-content\/uploads\/2025\/04\/f79d01ef-c9f3-4d64-8a7b-74a715247187-768x1024.jpg 768w, https:\/\/radiostudiow.com.br\/site\/wp-content\/uploads\/2025\/04\/f79d01ef-c9f3-4d64-8a7b-74a715247187-225x300.jpg 225w, https:\/\/radiostudiow.com.br\/site\/wp-content\/uploads\/2025\/04\/f79d01ef-c9f3-4d64-8a7b-74a715247187-1152x1536.jpg 1152w, https:\/\/radiostudiow.com.br\/site\/wp-content\/uploads\/2025\/04\/f79d01ef-c9f3-4d64-8a7b-74a715247187.jpg 1200w\" sizes=\"auto, (max-width: 768px) 100vw, 768px\" \/><\/figure>\n\n\n\n<p><strong>Acidentes e v\u00edtimas<\/strong><\/p>\n\n\n\n<p>Mesmo com o refor\u00e7o no policiamento, o feriad\u00e3o terminou com um saldo tr\u00e1gico nas rodovias estaduais: <strong>78 sinistros<\/strong>, <strong>90 pessoas feridas<\/strong> e <strong>6 mortes<\/strong> foram registrados durante os seis dias de opera\u00e7\u00e3o. A Pol\u00edcia Rodovi\u00e1ria optou por n\u00e3o realizar comparativo com o ano anterior, visto que o feriado prolongado ocorreu apenas em 2025.<\/p>\n\n\n\n<figure class=\"wp-block-image size-full\"><img loading=\"lazy\" decoding=\"async\" width=\"897\" height=\"204\" src=\"https:\/\/radiostudiow.com.br\/site\/wp-content\/uploads\/2025\/03\/BARAO-NOVO-NOTICIAS-1.jpg\" alt=\"\" class=\"wp-image-35084\" srcset=\"https:\/\/radiostudiow.com.br\/site\/wp-content\/uploads\/2025\/03\/BARAO-NOVO-NOTICIAS-1.jpg 897w, https:\/\/radiostudiow.com.br\/site\/wp-content\/uploads\/2025\/03\/BARAO-NOVO-NOTICIAS-1-300x68.jpg 300w, https:\/\/radiostudiow.com.br\/site\/wp-content\/uploads\/2025\/03\/BARAO-NOVO-NOTICIAS-1-768x175.jpg 768w\" sizes=\"auto, (max-width: 897px) 100vw, 897px\" \/><\/figure>\n\n\n\n<p><\/p>\n\n\n\n<p><\/p>\n\n\n\n<h2 class=\"wp-block-heading\">PMPR\/BPRV &#8211; BALAN\u00c7O OPERACIONAL DA OPERA\u00c7\u00c3O P\u00c1SCOA\/TIRADENTES<\/h2>\n\n\n\n<h2 class=\"wp-block-heading\">APOIO: REP\u00d3RTER KIKO DE OLIVEIRA<\/h2>\n\n\n\n<p><\/p>\n","protected":false},"excerpt":{"rendered":"<p>O feriad\u00e3o prolongado entre os dias 17 e 22 de abril mobilizou uma intensa opera\u00e7\u00e3o do Batalh\u00e3o de Pol\u00edcia Rodovi\u00e1ria (BPRv) nas rodovias estaduais do Paran\u00e1. Com o aumento do fluxo de ve\u00edculos devido \u00e0 jun\u00e7\u00e3o dos feriados da Semana Santa e de Tiradentes, o policiamento foi refor\u00e7ado e resultou em n\u00fameros alarmantes de imprud\u00eancia [&hellip;]<\/p>\n","protected":false},"author":2,"featured_media":37225,"comment_status":"open","ping_status":"open","sticky":false,"template":"","format":"standard","meta":{"footnotes":""},"categories":[7],"tags":[172],"class_list":["post-37222","post","type-post","status-publish","format-standard","has-post-thumbnail","hentry","category-geral","tag-featured"],"amp_enabled":true,"_links":{"self":[{"href":"https:\/\/radiostudiow.com.br\/site\/wp-json\/wp\/v2\/posts\/37222","targetHints":{"allow":["GET"]}}],"collection":[{"href":"https:\/\/radiostudiow.com.br\/site\/wp-json\/wp\/v2\/posts"}],"about":[{"href":"https:\/\/radiostudiow.com.br\/site\/wp-json\/wp\/v2\/types\/post"}],"author":[{"embeddable":true,"href":"https:\/\/radiostudiow.com.br\/site\/wp-json\/wp\/v2\/users\/2"}],"replies":[{"embeddable":true,"href":"https:\/\/radiostudiow.com.br\/site\/wp-json\/wp\/v2\/comments?post=37222"}],"version-history":[{"count":1,"href":"https:\/\/radiostudiow.com.br\/site\/wp-json\/wp\/v2\/posts\/37222\/revisions"}],"predecessor-version":[{"id":37226,"href":"https:\/\/radiostudiow.com.br\/site\/wp-json\/wp\/v2\/posts\/37222\/revisions\/37226"}],"wp:featuredmedia":[{"embeddable":true,"href":"https:\/\/radiostudiow.com.br\/site\/wp-json\/wp\/v2\/media\/37225"}],"wp:attachment":[{"href":"https:\/\/radiostudiow.com.br\/site\/wp-json\/wp\/v2\/media?parent=37222"}],"wp:term":[{"taxonomy":"category","embeddable":true,"href":"https:\/\/radiostudiow.com.br\/site\/wp-json\/wp\/v2\/categories?post=37222"},{"taxonomy":"post_tag","embeddable":true,"href":"https:\/\/radiostudiow.com.br\/site\/wp-json\/wp\/v2\/tags?post=37222"}],"curies":[{"name":"wp","href":"https:\/\/api.w.org\/{rel}","templated":true}]}}