{"id":37247,"date":"2025-04-24T09:10:51","date_gmt":"2025-04-24T12:10:51","guid":{"rendered":"https:\/\/radiostudiow.com.br\/site\/?p=37247"},"modified":"2025-04-24T09:19:28","modified_gmt":"2025-04-24T12:19:28","slug":"homem-e-preso-em-mallet-por-descumprir-medida-protetiva-mandado-de-prisao-preventiva-foi-cumprido-pela-policia-militar","status":"publish","type":"post","link":"https:\/\/radiostudiow.com.br\/site\/2025\/04\/24\/homem-e-preso-em-mallet-por-descumprir-medida-protetiva-mandado-de-prisao-preventiva-foi-cumprido-pela-policia-militar\/","title":{"rendered":"Homem \u00e9 preso em Mallet por descumprir medida protetiva; mandado de pris\u00e3o preventiva foi cumprida pela Policia Militar"},"content":{"rendered":"\n<p><\/p>\n\n\n\n<figure class=\"wp-block-image size-full\"><img loading=\"lazy\" decoding=\"async\" width=\"897\" height=\"204\" src=\"https:\/\/radiostudiow.com.br\/site\/wp-content\/uploads\/2025\/03\/SITE-GRANDE5.png\" alt=\"\" class=\"wp-image-35420\" srcset=\"https:\/\/radiostudiow.com.br\/site\/wp-content\/uploads\/2025\/03\/SITE-GRANDE5.png 897w, https:\/\/radiostudiow.com.br\/site\/wp-content\/uploads\/2025\/03\/SITE-GRANDE5-300x68.png 300w, https:\/\/radiostudiow.com.br\/site\/wp-content\/uploads\/2025\/03\/SITE-GRANDE5-768x175.png 768w\" sizes=\"auto, (max-width: 897px) 100vw, 897px\" \/><\/figure>\n\n\n\n<p><\/p>\n\n\n\n<p>Um homem foi preso na madrugada desta quinta-feira (24), no distrito de Dorizon, em Mallet, ap\u00f3s a Pol\u00edcia Militar cumprir um mandado de pris\u00e3o preventiva por descumprimento de medida protetiva.<\/p>\n\n\n\n<p><strong>A a\u00e7\u00e3o ocorreu por volta da meia-noite, quando uma equipe da Policia Militar do 3\u00ba Pelot\u00e3o Cabo Abr\u00e3o Kanclarovicz, recebeu informa\u00e7\u00f5es sobre o caso, abordando uma caminhonete Volkswagen Amarok, que trafegava pela regi\u00e3o.<\/strong><\/p>\n\n\n\n<p>Durante a verifica\u00e7\u00e3o dos dados do condutor nos sistemas informatizados, foi constatada a exist\u00eancia de um mandado de pris\u00e3o em aberto contra ele.<\/p>\n\n\n\n<p><\/p>\n\n\n\n<figure class=\"wp-block-image size-full\"><img loading=\"lazy\" decoding=\"async\" width=\"897\" height=\"204\" src=\"https:\/\/radiostudiow.com.br\/site\/wp-content\/uploads\/2025\/02\/SITE-GRANDE7.png\" alt=\"\" class=\"wp-image-33861\" srcset=\"https:\/\/radiostudiow.com.br\/site\/wp-content\/uploads\/2025\/02\/SITE-GRANDE7.png 897w, https:\/\/radiostudiow.com.br\/site\/wp-content\/uploads\/2025\/02\/SITE-GRANDE7-300x68.png 300w, https:\/\/radiostudiow.com.br\/site\/wp-content\/uploads\/2025\/02\/SITE-GRANDE7-768x175.png 768w\" sizes=\"auto, (max-width: 897px) 100vw, 897px\" \/><\/figure>\n\n\n\n<p><\/p>\n\n\n\n<p>O mandado foi expedido em raz\u00e3o do n\u00e3o cumprimento de medidas protetivas de urg\u00eancia, previstas na Lei Maria da Penha, que visam resguardar a integridade de v\u00edtimas de viol\u00eancia dom\u00e9stica.<\/p>\n\n\n\n<p>Diante da situa\u00e7\u00e3o, o homem foi detido e encaminhado ao Departamento Penitenci\u00e1rio (DEPEN) de Uni\u00e3o da Vit\u00f3ria, onde permanecer\u00e1 \u00e0 disposi\u00e7\u00e3o da Justi\u00e7a.<\/p>\n\n\n\n<p><strong>FONTE: 27\u00ba BPM<\/strong><\/p>\n\n\n\n<blockquote class=\"wp-block-quote is-layout-flow wp-block-quote-is-layout-flow\">\n<p>VEM A\u00cd O ANIVERS\u00c1RIO DE 12 ANOS<\/p>\n\n\n\n<p> DA STUDIO W. <\/p>\n\n\n\n<p>AGUARDE !!!<\/p>\n<\/blockquote>\n\n\n\n<figure class=\"wp-block-image size-large\"><img loading=\"lazy\" decoding=\"async\" width=\"1024\" height=\"859\" src=\"https:\/\/radiostudiow.com.br\/site\/wp-content\/uploads\/2025\/04\/2450df75-3d46-4c0b-ae72-81450a7cb55b-2-1024x859.jpg\" alt=\"\" class=\"wp-image-37255\" srcset=\"https:\/\/radiostudiow.com.br\/site\/wp-content\/uploads\/2025\/04\/2450df75-3d46-4c0b-ae72-81450a7cb55b-2-1024x859.jpg 1024w, https:\/\/radiostudiow.com.br\/site\/wp-content\/uploads\/2025\/04\/2450df75-3d46-4c0b-ae72-81450a7cb55b-2-300x252.jpg 300w, https:\/\/radiostudiow.com.br\/site\/wp-content\/uploads\/2025\/04\/2450df75-3d46-4c0b-ae72-81450a7cb55b-2-768x644.jpg 768w, https:\/\/radiostudiow.com.br\/site\/wp-content\/uploads\/2025\/04\/2450df75-3d46-4c0b-ae72-81450a7cb55b-2-1536x1288.jpg 1536w, https:\/\/radiostudiow.com.br\/site\/wp-content\/uploads\/2025\/04\/2450df75-3d46-4c0b-ae72-81450a7cb55b-2.jpg 1600w\" sizes=\"auto, (max-width: 1024px) 100vw, 1024px\" \/><\/figure>\n","protected":false},"excerpt":{"rendered":"<p>Um homem foi preso na madrugada desta quinta-feira (24), no distrito de Dorizon, em Mallet, ap\u00f3s a Pol\u00edcia Militar cumprir um mandado de pris\u00e3o preventiva por descumprimento de medida protetiva. A a\u00e7\u00e3o ocorreu por volta da meia-noite, quando uma equipe da Policia Militar do 3\u00ba Pelot\u00e3o Cabo Abr\u00e3o Kanclarovicz, recebeu informa\u00e7\u00f5es sobre o caso, abordando [&hellip;]<\/p>\n","protected":false},"author":2,"featured_media":37249,"comment_status":"open","ping_status":"open","sticky":false,"template":"","format":"standard","meta":{"footnotes":""},"categories":[184],"tags":[172],"class_list":["post-37247","post","type-post","status-publish","format-standard","has-post-thumbnail","hentry","category-local","tag-featured"],"amp_enabled":true,"_links":{"self":[{"href":"https:\/\/radiostudiow.com.br\/site\/wp-json\/wp\/v2\/posts\/37247","targetHints":{"allow":["GET"]}}],"collection":[{"href":"https:\/\/radiostudiow.com.br\/site\/wp-json\/wp\/v2\/posts"}],"about":[{"href":"https:\/\/radiostudiow.com.br\/site\/wp-json\/wp\/v2\/types\/post"}],"author":[{"embeddable":true,"href":"https:\/\/radiostudiow.com.br\/site\/wp-json\/wp\/v2\/users\/2"}],"replies":[{"embeddable":true,"href":"https:\/\/radiostudiow.com.br\/site\/wp-json\/wp\/v2\/comments?post=37247"}],"version-history":[{"count":4,"href":"https:\/\/radiostudiow.com.br\/site\/wp-json\/wp\/v2\/posts\/37247\/revisions"}],"predecessor-version":[{"id":37257,"href":"https:\/\/radiostudiow.com.br\/site\/wp-json\/wp\/v2\/posts\/37247\/revisions\/37257"}],"wp:featuredmedia":[{"embeddable":true,"href":"https:\/\/radiostudiow.com.br\/site\/wp-json\/wp\/v2\/media\/37249"}],"wp:attachment":[{"href":"https:\/\/radiostudiow.com.br\/site\/wp-json\/wp\/v2\/media?parent=37247"}],"wp:term":[{"taxonomy":"category","embeddable":true,"href":"https:\/\/radiostudiow.com.br\/site\/wp-json\/wp\/v2\/categories?post=37247"},{"taxonomy":"post_tag","embeddable":true,"href":"https:\/\/radiostudiow.com.br\/site\/wp-json\/wp\/v2\/tags?post=37247"}],"curies":[{"name":"wp","href":"https:\/\/api.w.org\/{rel}","templated":true}]}}