{"id":37258,"date":"2025-04-24T16:13:18","date_gmt":"2025-04-24T19:13:18","guid":{"rendered":"https:\/\/radiostudiow.com.br\/site\/?p=37258"},"modified":"2025-04-24T16:40:45","modified_gmt":"2025-04-24T19:40:45","slug":"tres-homens-sao-presos-pela-policia-militar-por-homicidio-e-trafico-de-drogas-em-tres-cidades-da-regiao","status":"publish","type":"post","link":"https:\/\/radiostudiow.com.br\/site\/2025\/04\/24\/tres-homens-sao-presos-pela-policia-militar-por-homicidio-e-trafico-de-drogas-em-tres-cidades-da-regiao\/","title":{"rendered":"Tr\u00eas homens s\u00e3o presos pela Pol\u00edcia Militar por homic\u00eddio e tr\u00e1fico de drogas em tr\u00eas cidades da regi\u00e3o"},"content":{"rendered":"\n<p><\/p>\n\n\n\n<figure class=\"wp-block-image size-full\"><img decoding=\"async\" src=\"https:\/\/radiostudiow.com.br\/site\/wp-content\/uploads\/2024\/01\/SITE-GRANDE.png\" alt=\"\" class=\"wp-image-18949\"\/><\/figure>\n\n\n\n<p><\/p>\n\n\n\n<p><strong>Em uma opera\u00e7\u00e3o coordenada nesta quarta-feira (24), a Pol\u00edcia Militar do 27\u00ba BPM, prendeu tr\u00eas homens com mandados de pris\u00e3o em aberto pelos crimes de homic\u00eddio e tr\u00e1fico de drogas.<\/strong><\/p>\n\n\n\n<p> As a\u00e7\u00f5es ocorreram nos munic\u00edpios de Uni\u00e3o da Vit\u00f3ria, S\u00e3o Mateus do Sul e Bituruna, em diferentes hor\u00e1rios do dia.<\/p>\n\n\n\n<h4 class=\"wp-block-heading\"><strong>Pris\u00e3o por homic\u00eddio em Uni\u00e3o da Vit\u00f3ria<\/strong><\/h4>\n\n\n\n<p>A primeira pris\u00e3o foi registrada por volta das 12h05, na Col\u00f4nia Rio Vermelho, em Uni\u00e3o da Vit\u00f3ria. Ap\u00f3s receberem informa\u00e7\u00f5es sobre o paradeiro de um foragido, policiais militares se deslocaram at\u00e9 o local e abordaram um homem contra o qual havia um mandado de pris\u00e3o expedido com base no artigo 121 do C\u00f3digo Penal, que trata do crime de homic\u00eddio. O suspeito foi detido e encaminhado ao sistema penitenci\u00e1rio.<\/p>\n\n\n\n<figure class=\"wp-block-image size-full\"><img loading=\"lazy\" decoding=\"async\" width=\"897\" height=\"204\" src=\"https:\/\/radiostudiow.com.br\/site\/wp-content\/uploads\/2024\/01\/SITE-GRANDE3.png\" alt=\"zaions\" class=\"wp-image-18936\" srcset=\"https:\/\/radiostudiow.com.br\/site\/wp-content\/uploads\/2024\/01\/SITE-GRANDE3.png 897w, https:\/\/radiostudiow.com.br\/site\/wp-content\/uploads\/2024\/01\/SITE-GRANDE3-300x68.png 300w, https:\/\/radiostudiow.com.br\/site\/wp-content\/uploads\/2024\/01\/SITE-GRANDE3-768x175.png 768w\" sizes=\"auto, (max-width: 897px) 100vw, 897px\" \/><\/figure>\n\n\n\n<p><\/p>\n\n\n\n<h4 class=\"wp-block-heading\"><strong>Traficante \u00e9 preso em S\u00e3o Mateus do Sul<\/strong><\/h4>\n\n\n\n<p>J\u00e1 por volta das 11h30, em S\u00e3o Mateus do Sul, um homem foi preso na Vila Verde por envolvimento com o tr\u00e1fico de drogas. Conforme a Pol\u00edcia Militar, o mandado de pris\u00e3o foi expedido pela Comarca de Irati, com fundamento no artigo 33 da Lei 11.343\/2006 (Lei de Drogas). <\/p>\n\n\n\n<p>Os policiais se dirigiram at\u00e9 a resid\u00eancia do acusado, onde cumpriram a ordem judicial. Ele foi encaminhado \u00e0 carceragem local para os procedimentos legais.<\/p>\n\n\n\n<p><\/p>\n\n\n\n<figure class=\"wp-block-image size-full\"><img loading=\"lazy\" decoding=\"async\" width=\"897\" height=\"204\" src=\"https:\/\/radiostudiow.com.br\/site\/wp-content\/uploads\/2025\/03\/image-62.png\" alt=\"\" class=\"wp-image-35859\" srcset=\"https:\/\/radiostudiow.com.br\/site\/wp-content\/uploads\/2025\/03\/image-62.png 897w, https:\/\/radiostudiow.com.br\/site\/wp-content\/uploads\/2025\/03\/image-62-300x68.png 300w, https:\/\/radiostudiow.com.br\/site\/wp-content\/uploads\/2025\/03\/image-62-768x175.png 768w\" sizes=\"auto, (max-width: 897px) 100vw, 897px\" \/><\/figure>\n\n\n\n<p><\/p>\n\n\n\n<h4 class=\"wp-block-heading\"><strong>Mais um preso por homic\u00eddio, desta vez em Bituruna<\/strong><\/h4>\n\n\n\n<p>A terceira pris\u00e3o do dia ocorreu \u00e0s 17h, na \u00e1rea rural de Bituruna. Durante uma abordagem a uma caminhonete que transportava v\u00e1rias pessoas, os policiais identificaram um dos passageiros como sendo alvo de um mandado de pris\u00e3o preventiva por homic\u00eddio qualificado, conforme o artigo 121, \u00a72\u00ba, do C\u00f3digo Penal. O homem foi preso e encaminhado ao DEPEN de Uni\u00e3o da Vit\u00f3ria.<\/p>\n\n\n\n<p>As pris\u00f5es refor\u00e7am a atua\u00e7\u00e3o integrada das equipes policiais na regi\u00e3o e demonstram o compromisso das for\u00e7as de seguran\u00e7a no cumprimento das determina\u00e7\u00f5es da Justi\u00e7a e no combate \u00e0 criminalidade.<\/p>\n\n\n\n<p><\/p>\n\n\n\n<p>INFORMA\u00c7\u00d5ES: 27\u00ba BPM DE UNI\u00c3O DA VIT\u00d3RIA<\/p>\n\n\n\n<p><\/p>\n\n\n\n<figure class=\"wp-block-image size-full\"><img loading=\"lazy\" decoding=\"async\" width=\"900\" height=\"205\" src=\"https:\/\/radiostudiow.com.br\/site\/wp-content\/uploads\/2024\/03\/bannertijolao-e1733625657395.jpg\" alt=\"\" class=\"wp-image-20494\" srcset=\"https:\/\/radiostudiow.com.br\/site\/wp-content\/uploads\/2024\/03\/bannertijolao-e1733625657395.jpg 900w, https:\/\/radiostudiow.com.br\/site\/wp-content\/uploads\/2024\/03\/bannertijolao-e1733625657395-300x68.jpg 300w, https:\/\/radiostudiow.com.br\/site\/wp-content\/uploads\/2024\/03\/bannertijolao-e1733625657395-768x175.jpg 768w\" sizes=\"auto, (max-width: 900px) 100vw, 900px\" \/><\/figure>\n\n\n\n<p><\/p>\n","protected":false},"excerpt":{"rendered":"<p>Em uma opera\u00e7\u00e3o coordenada nesta quarta-feira (24), a Pol\u00edcia Militar do 27\u00ba BPM, prendeu tr\u00eas homens com mandados de pris\u00e3o em aberto pelos crimes de homic\u00eddio e tr\u00e1fico de drogas. As a\u00e7\u00f5es ocorreram nos munic\u00edpios de Uni\u00e3o da Vit\u00f3ria, S\u00e3o Mateus do Sul e Bituruna, em diferentes hor\u00e1rios do dia. Pris\u00e3o por homic\u00eddio em Uni\u00e3o [&hellip;]<\/p>\n","protected":false},"author":2,"featured_media":37260,"comment_status":"open","ping_status":"open","sticky":false,"template":"","format":"standard","meta":{"footnotes":""},"categories":[185],"tags":[172],"class_list":["post-37258","post","type-post","status-publish","format-standard","has-post-thumbnail","hentry","category-regional","tag-featured"],"amp_enabled":true,"_links":{"self":[{"href":"https:\/\/radiostudiow.com.br\/site\/wp-json\/wp\/v2\/posts\/37258","targetHints":{"allow":["GET"]}}],"collection":[{"href":"https:\/\/radiostudiow.com.br\/site\/wp-json\/wp\/v2\/posts"}],"about":[{"href":"https:\/\/radiostudiow.com.br\/site\/wp-json\/wp\/v2\/types\/post"}],"author":[{"embeddable":true,"href":"https:\/\/radiostudiow.com.br\/site\/wp-json\/wp\/v2\/users\/2"}],"replies":[{"embeddable":true,"href":"https:\/\/radiostudiow.com.br\/site\/wp-json\/wp\/v2\/comments?post=37258"}],"version-history":[{"count":2,"href":"https:\/\/radiostudiow.com.br\/site\/wp-json\/wp\/v2\/posts\/37258\/revisions"}],"predecessor-version":[{"id":37263,"href":"https:\/\/radiostudiow.com.br\/site\/wp-json\/wp\/v2\/posts\/37258\/revisions\/37263"}],"wp:featuredmedia":[{"embeddable":true,"href":"https:\/\/radiostudiow.com.br\/site\/wp-json\/wp\/v2\/media\/37260"}],"wp:attachment":[{"href":"https:\/\/radiostudiow.com.br\/site\/wp-json\/wp\/v2\/media?parent=37258"}],"wp:term":[{"taxonomy":"category","embeddable":true,"href":"https:\/\/radiostudiow.com.br\/site\/wp-json\/wp\/v2\/categories?post=37258"},{"taxonomy":"post_tag","embeddable":true,"href":"https:\/\/radiostudiow.com.br\/site\/wp-json\/wp\/v2\/tags?post=37258"}],"curies":[{"name":"wp","href":"https:\/\/api.w.org\/{rel}","templated":true}]}}