{"id":37264,"date":"2025-04-24T16:43:32","date_gmt":"2025-04-24T19:43:32","guid":{"rendered":"https:\/\/radiostudiow.com.br\/site\/?p=37264"},"modified":"2025-04-24T19:45:18","modified_gmt":"2025-04-24T22:45:18","slug":"policia-militar-descobre-plantacao-de-maconha-e-prende-homem-por-trafico-de-drogas-em-uniao-da-vitoria","status":"publish","type":"post","link":"https:\/\/radiostudiow.com.br\/site\/2025\/04\/24\/policia-militar-descobre-plantacao-de-maconha-e-prende-homem-por-trafico-de-drogas-em-uniao-da-vitoria\/","title":{"rendered":"Pol\u00edcia Militar descobre planta\u00e7\u00e3o de maconha e prende homem por tr\u00e1fico de drogas em Uni\u00e3o da Vit\u00f3ria"},"content":{"rendered":"\n<p><\/p>\n\n\n\n<figure class=\"wp-block-image size-full\"><img loading=\"lazy\" decoding=\"async\" width=\"897\" height=\"204\" src=\"https:\/\/radiostudiow.com.br\/site\/wp-content\/uploads\/2025\/03\/SITE-GRANDE5.png\" alt=\"\" class=\"wp-image-35420\" srcset=\"https:\/\/radiostudiow.com.br\/site\/wp-content\/uploads\/2025\/03\/SITE-GRANDE5.png 897w, https:\/\/radiostudiow.com.br\/site\/wp-content\/uploads\/2025\/03\/SITE-GRANDE5-300x68.png 300w, https:\/\/radiostudiow.com.br\/site\/wp-content\/uploads\/2025\/03\/SITE-GRANDE5-768x175.png 768w\" sizes=\"auto, (max-width: 897px) 100vw, 897px\" \/><\/figure>\n\n\n\n<p><\/p>\n\n\n\n<p><\/p>\n\n\n\n<p><\/p>\n\n\n\n<p>Segundo a PM, a equipe recebeu informa\u00e7\u00f5es de que uma resid\u00eancia na regi\u00e3o estaria sendo utilizada como ponto de armazenamento e comercializa\u00e7\u00e3o de entorpecentes. <\/p>\n\n\n\n<p>Ao chegarem ao local indicado, os policiais encontraram uma planta\u00e7\u00e3o de maconha, diversas mudas da planta, al\u00e9m de drogas sint\u00e9ticas do tipo ecstasy, sementes de maconha, dinheiro em esp\u00e9cie \u2014 tanto em reais quanto em d\u00f3lares \u2014 e um aparelho celular.<\/p>\n\n\n\n<p>O respons\u00e1vel pela resid\u00eancia foi preso em flagrante e conduzido \u00e0 4\u00aa Subdivis\u00e3o Policial (SDP) para as provid\u00eancias legais.<\/p>\n\n\n\n<p>Essa \u00e9 a segunda ocorr\u00eancia registrada pela PM na Col\u00f4nia Rio Vermelho no mesmo dia. Mais cedo, um homem foi preso no mesmo distrito por conta de um mandado de pris\u00e3o em aberto por homic\u00eddio, conforme divulgado anteriormente.<\/p>\n\n\n\n<p>A Pol\u00edcia Militar segue intensificando as a\u00e7\u00f5es de combate ao tr\u00e1fico de drogas e \u00e0 criminalidade em Uni\u00e3o da Vit\u00f3ria e regi\u00e3o.<\/p>\n\n\n\n<p><\/p>\n\n\n\n<figure class=\"wp-block-image size-full\"><img loading=\"lazy\" decoding=\"async\" width=\"897\" height=\"204\" src=\"https:\/\/radiostudiow.com.br\/site\/wp-content\/uploads\/2025\/01\/SITE-GRANDE3.png\" alt=\"\" class=\"wp-image-32900\" srcset=\"https:\/\/radiostudiow.com.br\/site\/wp-content\/uploads\/2025\/01\/SITE-GRANDE3.png 897w, https:\/\/radiostudiow.com.br\/site\/wp-content\/uploads\/2025\/01\/SITE-GRANDE3-300x68.png 300w, https:\/\/radiostudiow.com.br\/site\/wp-content\/uploads\/2025\/01\/SITE-GRANDE3-768x175.png 768w\" sizes=\"auto, (max-width: 897px) 100vw, 897px\" \/><\/figure>\n","protected":false},"excerpt":{"rendered":"<p>Segundo a PM, a equipe recebeu informa\u00e7\u00f5es de que uma resid\u00eancia na regi\u00e3o estaria sendo utilizada como ponto de armazenamento e comercializa\u00e7\u00e3o de entorpecentes. Ao chegarem ao local indicado, os policiais encontraram uma planta\u00e7\u00e3o de maconha, diversas mudas da planta, al\u00e9m de drogas sint\u00e9ticas do tipo ecstasy, sementes de maconha, dinheiro em esp\u00e9cie \u2014 tanto [&hellip;]<\/p>\n","protected":false},"author":2,"featured_media":37265,"comment_status":"open","ping_status":"open","sticky":false,"template":"","format":"standard","meta":{"footnotes":""},"categories":[185],"tags":[172],"class_list":["post-37264","post","type-post","status-publish","format-standard","has-post-thumbnail","hentry","category-regional","tag-featured"],"amp_enabled":true,"_links":{"self":[{"href":"https:\/\/radiostudiow.com.br\/site\/wp-json\/wp\/v2\/posts\/37264","targetHints":{"allow":["GET"]}}],"collection":[{"href":"https:\/\/radiostudiow.com.br\/site\/wp-json\/wp\/v2\/posts"}],"about":[{"href":"https:\/\/radiostudiow.com.br\/site\/wp-json\/wp\/v2\/types\/post"}],"author":[{"embeddable":true,"href":"https:\/\/radiostudiow.com.br\/site\/wp-json\/wp\/v2\/users\/2"}],"replies":[{"embeddable":true,"href":"https:\/\/radiostudiow.com.br\/site\/wp-json\/wp\/v2\/comments?post=37264"}],"version-history":[{"count":2,"href":"https:\/\/radiostudiow.com.br\/site\/wp-json\/wp\/v2\/posts\/37264\/revisions"}],"predecessor-version":[{"id":37292,"href":"https:\/\/radiostudiow.com.br\/site\/wp-json\/wp\/v2\/posts\/37264\/revisions\/37292"}],"wp:featuredmedia":[{"embeddable":true,"href":"https:\/\/radiostudiow.com.br\/site\/wp-json\/wp\/v2\/media\/37265"}],"wp:attachment":[{"href":"https:\/\/radiostudiow.com.br\/site\/wp-json\/wp\/v2\/media?parent=37264"}],"wp:term":[{"taxonomy":"category","embeddable":true,"href":"https:\/\/radiostudiow.com.br\/site\/wp-json\/wp\/v2\/categories?post=37264"},{"taxonomy":"post_tag","embeddable":true,"href":"https:\/\/radiostudiow.com.br\/site\/wp-json\/wp\/v2\/tags?post=37264"}],"curies":[{"name":"wp","href":"https:\/\/api.w.org\/{rel}","templated":true}]}}