{"id":37267,"date":"2025-04-24T17:24:54","date_gmt":"2025-04-24T20:24:54","guid":{"rendered":"https:\/\/radiostudiow.com.br\/site\/?p=37267"},"modified":"2025-04-24T17:24:54","modified_gmt":"2025-04-24T20:24:54","slug":"policia-militar-apreende-drogas-e-municoes-em-caminhonete-apos-denuncia-em-uniao-da-vitoria","status":"publish","type":"post","link":"https:\/\/radiostudiow.com.br\/site\/2025\/04\/24\/policia-militar-apreende-drogas-e-municoes-em-caminhonete-apos-denuncia-em-uniao-da-vitoria\/","title":{"rendered":"Pol\u00edcia Militar apreende drogas e muni\u00e7\u00f5es em caminhonete ap\u00f3s den\u00fancia em Uni\u00e3o da Vit\u00f3ria"},"content":{"rendered":"\n<p>Uni\u00e3o da Vit\u00f3ria \u2013 A Pol\u00edcia Militar apreendeu entorpecentes e muni\u00e7\u00f5es na madrugada desta quinta-feira (24), ap\u00f3s atender uma den\u00fancia de que um homem estaria manuseando uma arma de fogo dentro de uma caminhonete estacionada em via p\u00fablica, no bairro S\u00e3o Crist\u00f3v\u00e3o.<\/p>\n\n\n\n<p>Por volta das 2h, uma equipe da PM foi at\u00e9 o local indicado e localizou o ve\u00edculo parado em frente a uma resid\u00eancia. O propriet\u00e1rio do autom\u00f3vel se apresentou aos policiais e, de forma colaborativa, permitiu a abordagem.<\/p>\n\n\n\n<figure class=\"wp-block-image size-full\"><img loading=\"lazy\" decoding=\"async\" width=\"300\" height=\"180\" src=\"https:\/\/radiostudiow.com.br\/site\/wp-content\/uploads\/2025\/04\/DAIANE.png\" alt=\"\" class=\"wp-image-37227\"\/><\/figure>\n\n\n\n<p>Durante a conversa, os militares notaram inconsist\u00eancias nas informa\u00e7\u00f5es prestadas pelo homem. Ao observar o interior da caminhonete, os policiais identificaram por\u00e7\u00f5es de subst\u00e2ncias suspeitas no banco do passageiro. Com autoriza\u00e7\u00e3o do propriet\u00e1rio, foi realizada uma busca no ve\u00edculo, que resultou na apreens\u00e3o de coca\u00edna, maconha, crack e seis muni\u00e7\u00f5es calibre .38.<\/p>\n\n\n\n<p>O abordado assumiu espontaneamente a posse dos entorpecentes e das muni\u00e7\u00f5es. Diante dos fatos, ele foi conduzido \u00e0 4\u00aa Subdivis\u00e3o Policial (SDP) para as medidas legais cab\u00edveis.<br>A Pol\u00edcia Militar refor\u00e7a a import\u00e2ncia das den\u00fancias an\u00f4nimas, que t\u00eam contribu\u00eddo significativamente para o combate ao crime na regi\u00e3o.<\/p>\n","protected":false},"excerpt":{"rendered":"<p>Uni\u00e3o da Vit\u00f3ria \u2013 A Pol\u00edcia Militar apreendeu entorpecentes e muni\u00e7\u00f5es na madrugada desta quinta-feira (24), ap\u00f3s atender uma den\u00fancia de que um homem estaria manuseando uma arma de fogo dentro de uma caminhonete estacionada em via p\u00fablica, no bairro S\u00e3o Crist\u00f3v\u00e3o. Por volta das 2h, uma equipe da PM foi at\u00e9 o local indicado [&hellip;]<\/p>\n","protected":false},"author":2,"featured_media":37268,"comment_status":"open","ping_status":"open","sticky":false,"template":"","format":"standard","meta":{"footnotes":""},"categories":[2],"tags":[172],"class_list":["post-37267","post","type-post","status-publish","format-standard","has-post-thumbnail","hentry","category-policial","tag-featured"],"amp_enabled":true,"_links":{"self":[{"href":"https:\/\/radiostudiow.com.br\/site\/wp-json\/wp\/v2\/posts\/37267","targetHints":{"allow":["GET"]}}],"collection":[{"href":"https:\/\/radiostudiow.com.br\/site\/wp-json\/wp\/v2\/posts"}],"about":[{"href":"https:\/\/radiostudiow.com.br\/site\/wp-json\/wp\/v2\/types\/post"}],"author":[{"embeddable":true,"href":"https:\/\/radiostudiow.com.br\/site\/wp-json\/wp\/v2\/users\/2"}],"replies":[{"embeddable":true,"href":"https:\/\/radiostudiow.com.br\/site\/wp-json\/wp\/v2\/comments?post=37267"}],"version-history":[{"count":1,"href":"https:\/\/radiostudiow.com.br\/site\/wp-json\/wp\/v2\/posts\/37267\/revisions"}],"predecessor-version":[{"id":37269,"href":"https:\/\/radiostudiow.com.br\/site\/wp-json\/wp\/v2\/posts\/37267\/revisions\/37269"}],"wp:featuredmedia":[{"embeddable":true,"href":"https:\/\/radiostudiow.com.br\/site\/wp-json\/wp\/v2\/media\/37268"}],"wp:attachment":[{"href":"https:\/\/radiostudiow.com.br\/site\/wp-json\/wp\/v2\/media?parent=37267"}],"wp:term":[{"taxonomy":"category","embeddable":true,"href":"https:\/\/radiostudiow.com.br\/site\/wp-json\/wp\/v2\/categories?post=37267"},{"taxonomy":"post_tag","embeddable":true,"href":"https:\/\/radiostudiow.com.br\/site\/wp-json\/wp\/v2\/tags?post=37267"}],"curies":[{"name":"wp","href":"https:\/\/api.w.org\/{rel}","templated":true}]}}