{"id":37270,"date":"2025-04-24T17:35:19","date_gmt":"2025-04-24T20:35:19","guid":{"rendered":"https:\/\/radiostudiow.com.br\/site\/?p=37270"},"modified":"2025-04-24T17:35:19","modified_gmt":"2025-04-24T20:35:19","slug":"motocicleta-furtada-em-prudentopolis","status":"publish","type":"post","link":"https:\/\/radiostudiow.com.br\/site\/2025\/04\/24\/motocicleta-furtada-em-prudentopolis\/","title":{"rendered":"MOTOCICLETA FURTADA EM PRUDENT\u00d3POLIS"},"content":{"rendered":"\n<p>Informou que o port\u00e3o estava fechado, por\u00e9m sem cadeado, e que a motocicleta encontrava-se destravada, sem a chave e sem alarme.<\/p>\n\n\n\n<p>A equipe deslocou-se onde fez contato com solicitante, um homem de 24 anos, na manh\u00e3 de ontem 23\/04, por volta das 09h38 no bairro Pousinhos em Prudent\u00f3polis<\/p>\n\n\n\n<figure class=\"wp-block-image size-full\"><img loading=\"lazy\" decoding=\"async\" width=\"598\" height=\"204\" src=\"https:\/\/radiostudiow.com.br\/site\/wp-content\/uploads\/2025\/04\/BOROX.png\" alt=\"\" class=\"wp-image-37229\" srcset=\"https:\/\/radiostudiow.com.br\/site\/wp-content\/uploads\/2025\/04\/BOROX.png 598w, https:\/\/radiostudiow.com.br\/site\/wp-content\/uploads\/2025\/04\/BOROX-300x102.png 300w\" sizes=\"auto, (max-width: 598px) 100vw, 598px\" \/><\/figure>\n\n\n\n<p>Este relatou que teve sua motocicleta Yamaha\/Fazer YS250, de placa APG-6I48, cor azul, furtada do interior do p\u00e1tio de sua resid\u00eancia.<\/p>\n\n\n\n<p>O furto teria ocorrido durante a madrugada, sendo percebido somente pela manh\u00e3. Tamb\u00e9m foi levado um capacete preto, marca Protork, que estava junto \u00e0 motocicleta.<\/p>\n\n\n\n<p>A v\u00edtima informou ainda que buscou por imagens de c\u00e2meras de seguran\u00e7a de vizinhos, mas at\u00e9 o momento n\u00e3o obteve registros que flagrassem a a\u00e7\u00e3o dos autores.<\/p>\n\n\n\n<figure class=\"wp-block-image size-full\"><img loading=\"lazy\" decoding=\"async\" width=\"300\" height=\"180\" src=\"https:\/\/radiostudiow.com.br\/site\/wp-content\/uploads\/2025\/01\/SITE-PEQUENO.png\" alt=\"\" class=\"wp-image-32833\"\/><\/figure>\n\n\n\n<p>Diante dos fatos, a equipe orientou o solicitante a divulgar o furto em meios de comunica\u00e7\u00e3o e a repassar qualquer informa\u00e7\u00e3o obtida \u00e0 pol\u00edcia. Foi lavrado o boletim de alerta, e seguem as buscas pela localiza\u00e7\u00e3o do ve\u00edculo.<\/p>\n\n\n\n<p>Informa\u00e7\u00f5es 16\u00b0BPM<br>Imagem R\u00e1dio Copas Verdes\/Rep\u00f3rter Silvo Nego<br>Colabora\u00e7\u00e3o da reportagem: Rep\u00f3rter Kiko de Oliveira<\/p>\n","protected":false},"excerpt":{"rendered":"<p>Informou que o port\u00e3o estava fechado, por\u00e9m sem cadeado, e que a motocicleta encontrava-se destravada, sem a chave e sem alarme. A equipe deslocou-se onde fez contato com solicitante, um homem de 24 anos, na manh\u00e3 de ontem 23\/04, por volta das 09h38 no bairro Pousinhos em Prudent\u00f3polis Este relatou que teve sua motocicleta Yamaha\/Fazer [&hellip;]<\/p>\n","protected":false},"author":2,"featured_media":37271,"comment_status":"open","ping_status":"open","sticky":false,"template":"","format":"standard","meta":{"footnotes":""},"categories":[2],"tags":[172],"class_list":["post-37270","post","type-post","status-publish","format-standard","has-post-thumbnail","hentry","category-policial","tag-featured"],"amp_enabled":true,"_links":{"self":[{"href":"https:\/\/radiostudiow.com.br\/site\/wp-json\/wp\/v2\/posts\/37270","targetHints":{"allow":["GET"]}}],"collection":[{"href":"https:\/\/radiostudiow.com.br\/site\/wp-json\/wp\/v2\/posts"}],"about":[{"href":"https:\/\/radiostudiow.com.br\/site\/wp-json\/wp\/v2\/types\/post"}],"author":[{"embeddable":true,"href":"https:\/\/radiostudiow.com.br\/site\/wp-json\/wp\/v2\/users\/2"}],"replies":[{"embeddable":true,"href":"https:\/\/radiostudiow.com.br\/site\/wp-json\/wp\/v2\/comments?post=37270"}],"version-history":[{"count":1,"href":"https:\/\/radiostudiow.com.br\/site\/wp-json\/wp\/v2\/posts\/37270\/revisions"}],"predecessor-version":[{"id":37272,"href":"https:\/\/radiostudiow.com.br\/site\/wp-json\/wp\/v2\/posts\/37270\/revisions\/37272"}],"wp:featuredmedia":[{"embeddable":true,"href":"https:\/\/radiostudiow.com.br\/site\/wp-json\/wp\/v2\/media\/37271"}],"wp:attachment":[{"href":"https:\/\/radiostudiow.com.br\/site\/wp-json\/wp\/v2\/media?parent=37270"}],"wp:term":[{"taxonomy":"category","embeddable":true,"href":"https:\/\/radiostudiow.com.br\/site\/wp-json\/wp\/v2\/categories?post=37270"},{"taxonomy":"post_tag","embeddable":true,"href":"https:\/\/radiostudiow.com.br\/site\/wp-json\/wp\/v2\/tags?post=37270"}],"curies":[{"name":"wp","href":"https:\/\/api.w.org\/{rel}","templated":true}]}}