{"id":37293,"date":"2025-04-24T21:11:40","date_gmt":"2025-04-25T00:11:40","guid":{"rendered":"https:\/\/radiostudiow.com.br\/site\/?p=37293"},"modified":"2025-04-24T21:17:37","modified_gmt":"2025-04-25T00:17:37","slug":"manobra-de-emergencia-evita-tragedia-na-pr-340-em-tibagi","status":"publish","type":"post","link":"https:\/\/radiostudiow.com.br\/site\/2025\/04\/24\/manobra-de-emergencia-evita-tragedia-na-pr-340-em-tibagi\/","title":{"rendered":"Manobra de emerg\u00eancia evita trag\u00e9dia na PR-340 em Tibagi."},"content":{"rendered":"\n<p><\/p>\n\n\n\n<figure class=\"wp-block-image size-full\"><img loading=\"lazy\" decoding=\"async\" width=\"897\" height=\"204\" src=\"https:\/\/radiostudiow.com.br\/site\/wp-content\/uploads\/2025\/03\/BARAO-NOVO-NOTICIAS-1.jpg\" alt=\"\" class=\"wp-image-35084\" srcset=\"https:\/\/radiostudiow.com.br\/site\/wp-content\/uploads\/2025\/03\/BARAO-NOVO-NOTICIAS-1.jpg 897w, https:\/\/radiostudiow.com.br\/site\/wp-content\/uploads\/2025\/03\/BARAO-NOVO-NOTICIAS-1-300x68.jpg 300w, https:\/\/radiostudiow.com.br\/site\/wp-content\/uploads\/2025\/03\/BARAO-NOVO-NOTICIAS-1-768x175.jpg 768w\" sizes=\"auto, (max-width: 897px) 100vw, 897px\" \/><\/figure>\n\n\n\n<p><\/p>\n\n\n\n<h2 class=\"wp-block-heading\">V\u00eddeo mostra carreta formando &#8220;L&#8221; para evitar colis\u00e3o frontal com outro caminh\u00e3o<\/h2>\n\n\n\n<p><\/p>\n\n\n\n<p>Uma manobra de emerg\u00eancia evitou o que poderia ter sido um grave acidente na PR-340, entre os munic\u00edpios de Tibagi e Castro na regi\u00e3o dos Campos Gerais, na tarde desta quinta-feira (24).<br>A situa\u00e7\u00e3o, registrada em v\u00eddeo por um caminhoneiro, ocorreu por volta das 14h e evidenciou os riscos de ultrapassagens em rodovias de pista simples, especialmente em trechos com pouca visibilidade.<\/p>\n\n\n\n<p><\/p>\n\n\n\n<figure class=\"wp-block-image size-full\"><img loading=\"lazy\" decoding=\"async\" width=\"897\" height=\"204\" src=\"https:\/\/radiostudiow.com.br\/site\/wp-content\/uploads\/2025\/02\/SITE-GRANDE7.png\" alt=\"\" class=\"wp-image-33861\" srcset=\"https:\/\/radiostudiow.com.br\/site\/wp-content\/uploads\/2025\/02\/SITE-GRANDE7.png 897w, https:\/\/radiostudiow.com.br\/site\/wp-content\/uploads\/2025\/02\/SITE-GRANDE7-300x68.png 300w, https:\/\/radiostudiow.com.br\/site\/wp-content\/uploads\/2025\/02\/SITE-GRANDE7-768x175.png 768w\" sizes=\"auto, (max-width: 897px) 100vw, 897px\" \/><\/figure>\n\n\n\n<p><\/p>\n\n\n\n<p>O v\u00eddeo mostra o momento em que um ve\u00edculo realiza uma ultrapassagem arriscada pela contram\u00e3o, tentando passar por um caminh\u00e3o e um carro de passeio parados na via devido a uma pane mec\u00e2nica.<br>A situa\u00e7\u00e3o se agravava pela localiza\u00e7\u00e3o: uma curva fechada, com visibilidade comprometida.<br>No local, um homem tentava sinalizar o trecho com gestos manuais, alertando os motoristas que se aproximavam. No entanto, segundos ap\u00f3s o in\u00edcio da ultrapassagem, uma carreta surge no sentido contr\u00e1rio. O caminhoneiro, ao perceber o risco iminente, freia bruscamente e executa uma manobra evasiva, fazendo com que o ve\u00edculo forme um &#8220;L&#8221; sobre a pista e atinja um barranco \u00e0 margem da rodovia.<br>Apesar do susto e da gravidade da cena, ningu\u00e9m ficou ferido.<\/p>\n\n\n\n<figure class=\"wp-block-image size-full\"><img loading=\"lazy\" decoding=\"async\" width=\"897\" height=\"204\" src=\"https:\/\/radiostudiow.com.br\/site\/wp-content\/uploads\/2025\/03\/SITE-GRANDE5.png\" alt=\"\" class=\"wp-image-35420\" srcset=\"https:\/\/radiostudiow.com.br\/site\/wp-content\/uploads\/2025\/03\/SITE-GRANDE5.png 897w, https:\/\/radiostudiow.com.br\/site\/wp-content\/uploads\/2025\/03\/SITE-GRANDE5-300x68.png 300w, https:\/\/radiostudiow.com.br\/site\/wp-content\/uploads\/2025\/03\/SITE-GRANDE5-768x175.png 768w\" sizes=\"auto, (max-width: 897px) 100vw, 897px\" \/><\/figure>\n\n\n\n<p><\/p>\n\n\n\n<p>O v\u00eddeo tamb\u00e9m capturou a rea\u00e7\u00e3o do caminhoneiro que fazia a filmagem, claramente abalado com a cena: &#8220;A\u00ed, a\u00ed, a\u00ed\u2026 Senhor do c\u00e9u, tenha miseric\u00f3rdia\u2026 Deus o livre&#8221;, exclamou, refletindo o momento de tens\u00e3o vivido no local.<\/p>\n\n\n\n<p>O caso serve como alerta para os perigos de ultrapassagens imprudentes e a necessidade de aten\u00e7\u00e3o redobrada em rodovias de pista simples, especialmente em situa\u00e7\u00f5es de pane veicular.<\/p>\n\n\n\n<h2 class=\"wp-block-heading\">ASSISTA AO V\u00cdDEO E ESCUTE S\u00d3 A REA\u00c7\u00c3O DO MOTORISTA <\/h2>\n\n\n\n<p><\/p>\n\n\n\n<figure class=\"wp-block-video\"><video height=\"720\" style=\"aspect-ratio: 1280 \/ 720;\" width=\"1280\" controls src=\"https:\/\/radiostudiow.com.br\/site\/wp-content\/uploads\/2025\/04\/WhatsApp-Video-2025-04-24-at-19.46.42-5.mp4\"><\/video><\/figure>\n\n\n\n<figure class=\"wp-block-image size-full\"><img loading=\"lazy\" decoding=\"async\" width=\"897\" height=\"204\" src=\"https:\/\/radiostudiow.com.br\/site\/wp-content\/uploads\/2025\/03\/image-62.png\" alt=\"\" class=\"wp-image-35859\" srcset=\"https:\/\/radiostudiow.com.br\/site\/wp-content\/uploads\/2025\/03\/image-62.png 897w, https:\/\/radiostudiow.com.br\/site\/wp-content\/uploads\/2025\/03\/image-62-300x68.png 300w, https:\/\/radiostudiow.com.br\/site\/wp-content\/uploads\/2025\/03\/image-62-768x175.png 768w\" sizes=\"auto, (max-width: 897px) 100vw, 897px\" \/><\/figure>\n","protected":false},"excerpt":{"rendered":"<p>V\u00eddeo mostra carreta formando &#8220;L&#8221; para evitar colis\u00e3o frontal com outro caminh\u00e3o Uma manobra de emerg\u00eancia evitou o que poderia ter sido um grave acidente na PR-340, entre os munic\u00edpios de Tibagi e Castro na regi\u00e3o dos Campos Gerais, na tarde desta quinta-feira (24).A situa\u00e7\u00e3o, registrada em v\u00eddeo por um caminhoneiro, ocorreu por volta das [&hellip;]<\/p>\n","protected":false},"author":2,"featured_media":37295,"comment_status":"open","ping_status":"open","sticky":false,"template":"","format":"standard","meta":{"footnotes":""},"categories":[7],"tags":[172],"class_list":["post-37293","post","type-post","status-publish","format-standard","has-post-thumbnail","hentry","category-geral","tag-featured"],"amp_enabled":true,"_links":{"self":[{"href":"https:\/\/radiostudiow.com.br\/site\/wp-json\/wp\/v2\/posts\/37293","targetHints":{"allow":["GET"]}}],"collection":[{"href":"https:\/\/radiostudiow.com.br\/site\/wp-json\/wp\/v2\/posts"}],"about":[{"href":"https:\/\/radiostudiow.com.br\/site\/wp-json\/wp\/v2\/types\/post"}],"author":[{"embeddable":true,"href":"https:\/\/radiostudiow.com.br\/site\/wp-json\/wp\/v2\/users\/2"}],"replies":[{"embeddable":true,"href":"https:\/\/radiostudiow.com.br\/site\/wp-json\/wp\/v2\/comments?post=37293"}],"version-history":[{"count":2,"href":"https:\/\/radiostudiow.com.br\/site\/wp-json\/wp\/v2\/posts\/37293\/revisions"}],"predecessor-version":[{"id":37299,"href":"https:\/\/radiostudiow.com.br\/site\/wp-json\/wp\/v2\/posts\/37293\/revisions\/37299"}],"wp:featuredmedia":[{"embeddable":true,"href":"https:\/\/radiostudiow.com.br\/site\/wp-json\/wp\/v2\/media\/37295"}],"wp:attachment":[{"href":"https:\/\/radiostudiow.com.br\/site\/wp-json\/wp\/v2\/media?parent=37293"}],"wp:term":[{"taxonomy":"category","embeddable":true,"href":"https:\/\/radiostudiow.com.br\/site\/wp-json\/wp\/v2\/categories?post=37293"},{"taxonomy":"post_tag","embeddable":true,"href":"https:\/\/radiostudiow.com.br\/site\/wp-json\/wp\/v2\/tags?post=37293"}],"curies":[{"name":"wp","href":"https:\/\/api.w.org\/{rel}","templated":true}]}}