{"id":37306,"date":"2025-04-25T10:19:01","date_gmt":"2025-04-25T13:19:01","guid":{"rendered":"https:\/\/radiostudiow.com.br\/site\/?p=37306"},"modified":"2025-04-25T10:19:41","modified_gmt":"2025-04-25T13:19:41","slug":"inss-inicia-pagamento-da-1a-parcela-do-13o-para-342-milhoes-de-beneficiarios","status":"publish","type":"post","link":"https:\/\/radiostudiow.com.br\/site\/2025\/04\/25\/inss-inicia-pagamento-da-1a-parcela-do-13o-para-342-milhoes-de-beneficiarios\/","title":{"rendered":"INSS inicia pagamento da 1\u00aa parcela do 13\u00ba para 34,2 milh\u00f5es de benefici\u00e1rios"},"content":{"rendered":"\n<p class=\"has-text-align-center\"><em>da Reda\u00e7\u00e3o com informa\u00e7\u00f5es da Ag\u00eancia Brasil\/Portal V.Vale<\/em><\/p>\n\n\n\n<p>Cerca de 34,2 milh\u00f5es de aposentados, pensionistas e benefici\u00e1rios de aux\u00edlios do Instituto Nacional do Seguro Social (INSS) come\u00e7am a receber nesta quinta-feira (24) a primeira parcela do d\u00e9cimo terceiro sal\u00e1rio. O pagamento ser\u00e1 feito de forma escalonada, conforme o d\u00edgito final do N\u00famero de Inscri\u00e7\u00e3o Social (NIS), com t\u00e9rmino previsto para 8 de maio.<\/p>\n\n\n\n<p>A antecipa\u00e7\u00e3o do benef\u00edcio deve injetar aproximadamente R$ 73,3 bilh\u00f5es na economia nacional. O pagamento ser\u00e1 dividido em duas parcelas: a segunda ser\u00e1 depositada entre 26 de maio e 6 de junho. O cronograma varia de acordo com o valor recebido e o final do NIS. Quem ganha at\u00e9 um sal\u00e1rio m\u00ednimo (R$ 1.518) recebe antes dos que ganham acima desse valor.<\/p>\n\n\n\n<figure class=\"wp-block-image size-full\"><img loading=\"lazy\" decoding=\"async\" width=\"897\" height=\"204\" src=\"https:\/\/radiostudiow.com.br\/site\/wp-content\/uploads\/2025\/01\/SITE-GRANDE3.png\" alt=\"\" class=\"wp-image-32900\" srcset=\"https:\/\/radiostudiow.com.br\/site\/wp-content\/uploads\/2025\/01\/SITE-GRANDE3.png 897w, https:\/\/radiostudiow.com.br\/site\/wp-content\/uploads\/2025\/01\/SITE-GRANDE3-300x68.png 300w, https:\/\/radiostudiow.com.br\/site\/wp-content\/uploads\/2025\/01\/SITE-GRANDE3-768x175.png 768w\" sizes=\"auto, (max-width: 897px) 100vw, 897px\" \/><\/figure>\n\n\n\n<p>Desde a semana passada, a consulta \u00e0s datas e valores pode ser feita pelo aplicativo Meu INSS, dispon\u00edvel para celulares e tablets, ou pelo site&nbsp;<a class=\"\" href=\"https:\/\/gov.br\/meuinss\">gov.br\/meuinss<\/a>. Quem n\u00e3o tem acesso \u00e0 internet pode ligar gratuitamente para o n\u00famero 135, de segunda a s\u00e1bado, das 7h \u00e0s 22h, informando o CPF e confirmando alguns dados pessoais.<\/p>\n\n\n\n<p>O decreto que oficializou a antecipa\u00e7\u00e3o foi assinado no in\u00edcio do m\u00eas pelo presidente Luiz In\u00e1cio Lula da Silva. Esta \u00e9 a sexta vez consecutiva que o pagamento do 13\u00ba \u00e9 antecipado. Em 2020 e 2021, a medida foi adotada por causa da pandemia de covid-19. Em 2022 e 2023, os repasses ocorreram entre maio e junho. Em 2024, as parcelas ser\u00e3o pagas entre abril e maio.<\/p>\n\n\n\n<p>Dados de fevereiro do INSS mostram que 28,68 milh\u00f5es de segurados recebem at\u00e9 um sal\u00e1rio m\u00ednimo \u2014 o que representa 70,5% do total. Outros 11,98 milh\u00f5es ganham acima do piso, sendo 10,6 mil com rendimentos no teto da Previd\u00eancia Social, de R$ 8.157,41.<\/p>\n\n\n\n<figure class=\"wp-block-image size-full\"><img loading=\"lazy\" decoding=\"async\" width=\"900\" height=\"408\" src=\"https:\/\/radiostudiow.com.br\/site\/wp-content\/uploads\/2025\/03\/SITE-E-TV-1.png\" alt=\"\" class=\"wp-image-35744\" srcset=\"https:\/\/radiostudiow.com.br\/site\/wp-content\/uploads\/2025\/03\/SITE-E-TV-1.png 900w, https:\/\/radiostudiow.com.br\/site\/wp-content\/uploads\/2025\/03\/SITE-E-TV-1-300x136.png 300w, https:\/\/radiostudiow.com.br\/site\/wp-content\/uploads\/2025\/03\/SITE-E-TV-1-768x348.png 768w\" sizes=\"auto, (max-width: 900px) 100vw, 900px\" \/><\/figure>\n\n\n\n<p>A maioria dos benefici\u00e1rios receber\u00e1 50% do valor total do 13\u00ba na primeira parcela. Para quem come\u00e7ou a receber o benef\u00edcio ap\u00f3s janeiro, o valor ser\u00e1 proporcional. J\u00e1 os segurados com benef\u00edcio por incapacidade tempor\u00e1ria (antigo aux\u00edlio-doen\u00e7a) tamb\u00e9m recebem uma parcela proporcional, conforme a dura\u00e7\u00e3o do aux\u00edlio.<\/p>\n\n\n\n<p>Vale lembrar que benefici\u00e1rios de programas assistenciais, como o Benef\u00edcio de Presta\u00e7\u00e3o Continuada (BPC) e a Renda Mensal Vital\u00edcia, n\u00e3o t\u00eam direito ao d\u00e9cimo terceiro sal\u00e1rio, conforme determina a legisla\u00e7\u00e3o.<\/p>\n\n\n<div class=\"wp-block-image\">\n<figure class=\"aligncenter\"><a href=\"https:\/\/www.vvale.com.br\/economia\/inss-inicia-pagamento-da-1a-parcela-do-13o-para-342-milhoes-de-beneficiarios\/attachment\/aposentados2\/\"><img decoding=\"async\" src=\"https:\/\/static5.vvale.com.br\/wp-content\/uploads\/2025\/04\/aposentados2-427x600.jpg\" alt=\"\" class=\"wp-image-563240\"\/><\/a><\/figure>\n<\/div>\n\n\n<figure class=\"wp-block-table\"><table class=\"has-fixed-layout\"><thead><tr><th colspan=\"3\">Quem recebe mais que o sal\u00e1rio m\u00ednimo<\/th><\/tr><\/thead><tbody><tr><td>&nbsp;&nbsp;&nbsp;&nbsp; Final do NIS<\/td><td>&nbsp;&nbsp;&nbsp;&nbsp;&nbsp;&nbsp;&nbsp;&nbsp; Primeira Parcela<\/td><td>&nbsp;&nbsp;&nbsp;&nbsp;&nbsp;&nbsp; Segunda Parcela<\/td><\/tr><tr><td>&nbsp;&nbsp; 1 e 6<\/td><td>&nbsp;&nbsp; 2 de maio<\/td><td>&nbsp;&nbsp;&nbsp; 2 de junho<\/td><\/tr><tr><td>&nbsp;&nbsp;&nbsp; 2 e 7<\/td><td>&nbsp;&nbsp; 5 de maio<\/td><td>&nbsp;&nbsp;&nbsp; 3 de junho<\/td><\/tr><tr><td>&nbsp;&nbsp;&nbsp; 3 e 8<\/td><td>&nbsp;&nbsp; 6 de maio<\/td><td>&nbsp;&nbsp;&nbsp; 4 de junho<\/td><\/tr><tr><td>&nbsp;&nbsp;&nbsp; 4 e 9<\/td><td>&nbsp;&nbsp; 7 de maio<\/td><td>&nbsp;&nbsp;&nbsp; 5 de junho<\/td><\/tr><tr><td>&nbsp;&nbsp;&nbsp; 5 e 0<\/td><td>&nbsp;&nbsp; 8 de maio<\/td><td>&nbsp;&nbsp;&nbsp; 6 de junho<\/td><\/tr><\/tbody><\/table><\/figure>\n","protected":false},"excerpt":{"rendered":"<p>da Reda\u00e7\u00e3o com informa\u00e7\u00f5es da Ag\u00eancia Brasil\/Portal V.Vale Cerca de 34,2 milh\u00f5es de aposentados, pensionistas e benefici\u00e1rios de aux\u00edlios do Instituto Nacional do Seguro Social (INSS) come\u00e7am a receber nesta quinta-feira (24) a primeira parcela do d\u00e9cimo terceiro sal\u00e1rio. O pagamento ser\u00e1 feito de forma escalonada, conforme o d\u00edgito final do N\u00famero de Inscri\u00e7\u00e3o Social [&hellip;]<\/p>\n","protected":false},"author":2,"featured_media":36177,"comment_status":"open","ping_status":"open","sticky":false,"template":"","format":"standard","meta":{"footnotes":""},"categories":[7],"tags":[172],"class_list":["post-37306","post","type-post","status-publish","format-standard","has-post-thumbnail","hentry","category-geral","tag-featured"],"amp_enabled":true,"_links":{"self":[{"href":"https:\/\/radiostudiow.com.br\/site\/wp-json\/wp\/v2\/posts\/37306","targetHints":{"allow":["GET"]}}],"collection":[{"href":"https:\/\/radiostudiow.com.br\/site\/wp-json\/wp\/v2\/posts"}],"about":[{"href":"https:\/\/radiostudiow.com.br\/site\/wp-json\/wp\/v2\/types\/post"}],"author":[{"embeddable":true,"href":"https:\/\/radiostudiow.com.br\/site\/wp-json\/wp\/v2\/users\/2"}],"replies":[{"embeddable":true,"href":"https:\/\/radiostudiow.com.br\/site\/wp-json\/wp\/v2\/comments?post=37306"}],"version-history":[{"count":2,"href":"https:\/\/radiostudiow.com.br\/site\/wp-json\/wp\/v2\/posts\/37306\/revisions"}],"predecessor-version":[{"id":37309,"href":"https:\/\/radiostudiow.com.br\/site\/wp-json\/wp\/v2\/posts\/37306\/revisions\/37309"}],"wp:featuredmedia":[{"embeddable":true,"href":"https:\/\/radiostudiow.com.br\/site\/wp-json\/wp\/v2\/media\/36177"}],"wp:attachment":[{"href":"https:\/\/radiostudiow.com.br\/site\/wp-json\/wp\/v2\/media?parent=37306"}],"wp:term":[{"taxonomy":"category","embeddable":true,"href":"https:\/\/radiostudiow.com.br\/site\/wp-json\/wp\/v2\/categories?post=37306"},{"taxonomy":"post_tag","embeddable":true,"href":"https:\/\/radiostudiow.com.br\/site\/wp-json\/wp\/v2\/tags?post=37306"}],"curies":[{"name":"wp","href":"https:\/\/api.w.org\/{rel}","templated":true}]}}