{"id":37317,"date":"2025-04-25T12:08:28","date_gmt":"2025-04-25T15:08:28","guid":{"rendered":"https:\/\/radiostudiow.com.br\/site\/?p=37317"},"modified":"2025-04-25T12:08:29","modified_gmt":"2025-04-25T15:08:29","slug":"tragedia-tenente-da-policia-militar-de-ponta-grossa-da-detalhes-sobre-duplo-homicidio-de-irmaos-caminhoneiros","status":"publish","type":"post","link":"https:\/\/radiostudiow.com.br\/site\/2025\/04\/25\/tragedia-tenente-da-policia-militar-de-ponta-grossa-da-detalhes-sobre-duplo-homicidio-de-irmaos-caminhoneiros\/","title":{"rendered":"Trag\u00e9dia! Tenente da Pol\u00edcia Militar de Ponta Grossa d\u00e1 detalhes sobre duplo homic\u00eddio de irm\u00e3os caminhoneiros"},"content":{"rendered":"\n<p>Um crime brutal chocou a cidade de\u00a0Ponta Grossa\u00a0nesta manh\u00e3 de sexta-feira (25). Dois irm\u00e3os acabaram assassinados com golpes de faca ap\u00f3s uma\u00a0briga entre caminhoneiros.\u00a0<strong>Gilberto Vasconcellos, de 51 anos, e Josiel Vasconcellos, de 40 anos,\u00a0as\u00a0v\u00edtimas do assassinato<\/strong>\u00a0que faleceram ainda no local, e o autor dos assassinatos foi encaminhado ao\u00a0Hospital\u00a0para cuidar dos ferimentos.<\/p>\n\n\n\n<figure class=\"wp-block-image size-full\"><img loading=\"lazy\" decoding=\"async\" width=\"897\" height=\"204\" src=\"https:\/\/radiostudiow.com.br\/site\/wp-content\/uploads\/2025\/03\/image-62.png\" alt=\"\" class=\"wp-image-35859\" srcset=\"https:\/\/radiostudiow.com.br\/site\/wp-content\/uploads\/2025\/03\/image-62.png 897w, https:\/\/radiostudiow.com.br\/site\/wp-content\/uploads\/2025\/03\/image-62-300x68.png 300w, https:\/\/radiostudiow.com.br\/site\/wp-content\/uploads\/2025\/03\/image-62-768x175.png 768w\" sizes=\"auto, (max-width: 897px) 100vw, 897px\" \/><\/figure>\n\n\n\n<p>Em um v\u00eddeo encaminhado para a Studio W, um presente gravou a cena chocante do assassinato dos dois motoristas. No v\u00eddeo, \u00e9 poss\u00edvel ver um dos corpos ca\u00eddo pr\u00f3ximo a uma grade, enquanto o outro corpo est\u00e1 ca\u00eddo perto de um caminh\u00e3o Scania branco. Tamb\u00e9m \u00e9 poss\u00edvel ver o autor do crime,\u00a0que deu detalhes sobre explicou o ocorrido, sentado na cena, com suas vestimentas ensaguentadas.\u00a0<\/p>\n\n\n\n<p><strong>MOTIVA\u00c7\u00d5ES\u00a0<\/strong>&#8211; Segundo informa\u00e7\u00f5es preliminares, o crime teria sido motivado devido a uma discuss\u00e3o entre os caminhoneiros envolvidos no ocorrido. Conforme o\u00a0relato de outro presente, o local passa por problemas causados pela necessidade dos motoristas em esperar por dias para carregar e descarregar os ve\u00edculos, gerando filas e conflitos.\u00a0<\/p>\n\n\n\n<p><em>Em entrevista para a equipe de\u00a0Jornalismo do Portal aRede\u00a0e\u00a0Jornal da Manh\u00e3, o\u00a0tenente Massaki,\u00a0da\u00a0Pol\u00edcia Militar (PM),\u00a0deu detalhes sobre o\u00a0duplo homic\u00eddio\u00a0ocorrido na manh\u00e3 desta sexta-feira (25), no\u00a0Distrito Industrial de Ponta Grossa.\u00a0 Confira:<\/em><\/p>\n\n\n\n<figure class=\"wp-block-image size-full\"><img loading=\"lazy\" decoding=\"async\" width=\"897\" height=\"204\" src=\"https:\/\/radiostudiow.com.br\/site\/wp-content\/uploads\/2025\/02\/SITE-GRANDE7.png\" alt=\"\" class=\"wp-image-33861\" srcset=\"https:\/\/radiostudiow.com.br\/site\/wp-content\/uploads\/2025\/02\/SITE-GRANDE7.png 897w, https:\/\/radiostudiow.com.br\/site\/wp-content\/uploads\/2025\/02\/SITE-GRANDE7-300x68.png 300w, https:\/\/radiostudiow.com.br\/site\/wp-content\/uploads\/2025\/02\/SITE-GRANDE7-768x175.png 768w\" sizes=\"auto, (max-width: 897px) 100vw, 897px\" \/><\/figure>\n\n\n\n<figure class=\"wp-block-video\"><video height=\"1920\" style=\"aspect-ratio: 1080 \/ 1920;\" width=\"1080\" controls src=\"https:\/\/radiostudiow.com.br\/site\/wp-content\/uploads\/2025\/04\/videoreels-58-00570373-0-202504251019_JOHFlQDY.mp4\"><\/video><\/figure>\n\n\n\n<p><em>Video: reprodu\u00e7\u00e3o\/redes sociais.<\/em><\/p>\n\n\n\n<p>Conforme Massaki,&nbsp;os policiais foram acionados por volta das 6h30 da manh\u00e3 desta sexta, para prestar atendimento a uma ocorr\u00eancia de ferimento por arma branca, em frente a empresa Rota Certa.<\/p>\n\n\n\n<p>&nbsp;O tenente relatou que o crime envolveu tr\u00eas caminhoneiros, ap\u00f3s uma briga de tr\u00e2nsito.&nbsp;&#8220;Dois caminh\u00f5es estavam descarregando no p\u00e1tio, enquanto o outro caminh\u00e3o avan\u00e7ava pelo sentido contr\u00e1rio. Isso gerou uma discuss\u00e3o que partiu para agress\u00e3o e o caminhoneiro armado desferiu golpes de faca nos dois irm\u00e3os&#8221;, contou.<\/p>\n\n\n\n<figure class=\"wp-block-image size-full\"><img loading=\"lazy\" decoding=\"async\" width=\"897\" height=\"204\" src=\"https:\/\/radiostudiow.com.br\/site\/wp-content\/uploads\/2025\/03\/BARAO-NOVO-NOTICIAS-1.jpg\" alt=\"\" class=\"wp-image-35084\" srcset=\"https:\/\/radiostudiow.com.br\/site\/wp-content\/uploads\/2025\/03\/BARAO-NOVO-NOTICIAS-1.jpg 897w, https:\/\/radiostudiow.com.br\/site\/wp-content\/uploads\/2025\/03\/BARAO-NOVO-NOTICIAS-1-300x68.jpg 300w, https:\/\/radiostudiow.com.br\/site\/wp-content\/uploads\/2025\/03\/BARAO-NOVO-NOTICIAS-1-768x175.jpg 768w\" sizes=\"auto, (max-width: 897px) 100vw, 897px\" \/><\/figure>\n\n\n\n<p>As v\u00edtimas identificadas como Gilberto Vasconcelos&nbsp;e&nbsp;Josiel Vasconcelos, que seriam do munic\u00edpio de&nbsp;Balsa Nova, foram atendidas pelos m\u00e9dicos do Servi\u00e7o de Atendimento M\u00f3vel de Urg\u00eancia (Samu), mas n\u00e3o resistiram aos ferimentos.&nbsp;<\/p>\n\n\n\n<p>O autor do crime recebeu encaminhamento m\u00e9dico e, em seguida, foi encaminhado para a delegacia de pol\u00edcia.<\/p>\n\n\n\n<figure class=\"wp-block-image size-full\"><img loading=\"lazy\" decoding=\"async\" width=\"897\" height=\"204\" src=\"https:\/\/radiostudiow.com.br\/site\/wp-content\/uploads\/2025\/03\/SITE-GRANDE5.png\" alt=\"\" class=\"wp-image-35420\" srcset=\"https:\/\/radiostudiow.com.br\/site\/wp-content\/uploads\/2025\/03\/SITE-GRANDE5.png 897w, https:\/\/radiostudiow.com.br\/site\/wp-content\/uploads\/2025\/03\/SITE-GRANDE5-300x68.png 300w, https:\/\/radiostudiow.com.br\/site\/wp-content\/uploads\/2025\/03\/SITE-GRANDE5-768x175.png 768w\" sizes=\"auto, (max-width: 897px) 100vw, 897px\" \/><\/figure>\n\n\n\n<figure class=\"wp-block-video\"><video height=\"1920\" style=\"aspect-ratio: 1080 \/ 1920;\" width=\"1080\" controls src=\"https:\/\/radiostudiow.com.br\/site\/wp-content\/uploads\/2025\/04\/OK-1.mp4\"><\/video><\/figure>\n\n\n\n<p><strong>SOBRE &#8211;&nbsp;<\/strong>Segundo informa\u00e7\u00f5es apuradas pelo<strong>&nbsp;Portal aRede<\/strong>, o motivo do assassinato seria uma discuss\u00e3o de tr\u00e2nsito, ap\u00f3s um dos caminh\u00f5es ter &#8216;fechado&#8217; o outro, situa\u00e7\u00e3o que acabou gerando uma briga. Os envolvidos estariam em uma fila para carregar caminh\u00f5es em uma empresa, quando iniciou o desentendimento.<\/p>\n\n\n\n<p>O suspeito de cometer o duplo homic\u00eddio foi preso em flagrante pela&nbsp;Pol\u00edcia Militar (PM).&nbsp;Segundo testemunhas, os irm\u00e3os teriam partido para cima do autor do crime que, em seguida, os golpeou com uma faca.<\/p>\n\n\n\n<p>Equipes do&nbsp;Servi\u00e7o de Atendimento M\u00f3vel de Urg\u00eancia (Samu)&nbsp;e&nbsp;Instituto M\u00e9dico Legal (IML)&nbsp;tamb\u00e9m estiveram presentes no local.<\/p>\n","protected":false},"excerpt":{"rendered":"<p>Um crime brutal chocou a cidade de\u00a0Ponta Grossa\u00a0nesta manh\u00e3 de sexta-feira (25). Dois irm\u00e3os acabaram assassinados com golpes de faca ap\u00f3s uma\u00a0briga entre caminhoneiros.\u00a0Gilberto Vasconcellos, de 51 anos, e Josiel Vasconcellos, de 40 anos,\u00a0as\u00a0v\u00edtimas do assassinato\u00a0que faleceram ainda no local, e o autor dos assassinatos foi encaminhado ao\u00a0Hospital\u00a0para cuidar dos ferimentos. Em um v\u00eddeo encaminhado [&hellip;]<\/p>\n","protected":false},"author":2,"featured_media":37326,"comment_status":"open","ping_status":"open","sticky":false,"template":"","format":"video","meta":{"footnotes":""},"categories":[185],"tags":[172],"class_list":["post-37317","post","type-post","status-publish","format-video","has-post-thumbnail","hentry","category-regional","tag-featured","post_format-post-format-video"],"amp_enabled":true,"_links":{"self":[{"href":"https:\/\/radiostudiow.com.br\/site\/wp-json\/wp\/v2\/posts\/37317","targetHints":{"allow":["GET"]}}],"collection":[{"href":"https:\/\/radiostudiow.com.br\/site\/wp-json\/wp\/v2\/posts"}],"about":[{"href":"https:\/\/radiostudiow.com.br\/site\/wp-json\/wp\/v2\/types\/post"}],"author":[{"embeddable":true,"href":"https:\/\/radiostudiow.com.br\/site\/wp-json\/wp\/v2\/users\/2"}],"replies":[{"embeddable":true,"href":"https:\/\/radiostudiow.com.br\/site\/wp-json\/wp\/v2\/comments?post=37317"}],"version-history":[{"count":2,"href":"https:\/\/radiostudiow.com.br\/site\/wp-json\/wp\/v2\/posts\/37317\/revisions"}],"predecessor-version":[{"id":37330,"href":"https:\/\/radiostudiow.com.br\/site\/wp-json\/wp\/v2\/posts\/37317\/revisions\/37330"}],"wp:featuredmedia":[{"embeddable":true,"href":"https:\/\/radiostudiow.com.br\/site\/wp-json\/wp\/v2\/media\/37326"}],"wp:attachment":[{"href":"https:\/\/radiostudiow.com.br\/site\/wp-json\/wp\/v2\/media?parent=37317"}],"wp:term":[{"taxonomy":"category","embeddable":true,"href":"https:\/\/radiostudiow.com.br\/site\/wp-json\/wp\/v2\/categories?post=37317"},{"taxonomy":"post_tag","embeddable":true,"href":"https:\/\/radiostudiow.com.br\/site\/wp-json\/wp\/v2\/tags?post=37317"}],"curies":[{"name":"wp","href":"https:\/\/api.w.org\/{rel}","templated":true}]}}