{"id":37344,"date":"2025-04-26T10:24:43","date_gmt":"2025-04-26T13:24:43","guid":{"rendered":"https:\/\/radiostudiow.com.br\/site\/?p=37344"},"modified":"2025-04-26T10:24:43","modified_gmt":"2025-04-26T13:24:43","slug":"apoio-aereo-agiliza-transferencia-de-crianca-para-tratamento-de-cancer-em-curitiba","status":"publish","type":"post","link":"https:\/\/radiostudiow.com.br\/site\/2025\/04\/26\/apoio-aereo-agiliza-transferencia-de-crianca-para-tratamento-de-cancer-em-curitiba\/","title":{"rendered":"Apoio a\u00e9reo agiliza transfer\u00eancia de crian\u00e7a para tratamento de c\u00e2ncer em Curitiba"},"content":{"rendered":"\n<p>Na tarde desta sexta-feira (25), uma opera\u00e7\u00e3o conjunta entre a Pol\u00edcia Rodovi\u00e1ria Federal (PRF) e o Servi\u00e7o de Atendimento M\u00f3vel de Urg\u00eancia (SAMU), por meio do N\u00facleo de Opera\u00e7\u00f5es A\u00e9reas (NOA), garantiu a transfer\u00eancia r\u00e1pida de uma menina de 10 anos, natural de S\u00e3o Mateus do Sul (PR), para tratamento especializado contra o c\u00e2ncer em Curitiba.<\/p>\n\n\n\n<figure class=\"wp-block-image size-full\"><img loading=\"lazy\" decoding=\"async\" width=\"897\" height=\"204\" src=\"https:\/\/radiostudiow.com.br\/site\/wp-content\/uploads\/2025\/03\/SITE-GRANDE5.png\" alt=\"\" class=\"wp-image-35420\" srcset=\"https:\/\/radiostudiow.com.br\/site\/wp-content\/uploads\/2025\/03\/SITE-GRANDE5.png 897w, https:\/\/radiostudiow.com.br\/site\/wp-content\/uploads\/2025\/03\/SITE-GRANDE5-300x68.png 300w, https:\/\/radiostudiow.com.br\/site\/wp-content\/uploads\/2025\/03\/SITE-GRANDE5-768x175.png 768w\" sizes=\"auto, (max-width: 897px) 100vw, 897px\" \/><\/figure>\n\n\n\n<p>A paciente e sua m\u00e3e foram levadas pelo SAMU at\u00e9 o campo do Samas Klub, onde uma aeronave aguardava para realizar o transporte. Caso a viagem fosse realizada apenas por via terrestre, o trajeto levaria mais de tr\u00eas horas. Com o apoio a\u00e9reo, o deslocamento foi conclu\u00eddo em apenas 35 minutos.<br>No Aeroporto do Bacacheri, em Curitiba, uma ambul\u00e2ncia j\u00e1 estava posicionada para dar continuidade ao atendimento, conduzindo a menina at\u00e9 o Hospital Pequeno Pr\u00edncipe, refer\u00eancia no tratamento de doen\u00e7as infantis no Paran\u00e1.<\/p>\n\n\n\n<p>A a\u00e7\u00e3o r\u00e1pida e coordenada entre os \u00f3rg\u00e3os foi fundamental para garantir mais conforto e agilidade no atendimento da jovem paciente.<\/p>\n\n\n\n<figure class=\"wp-block-image size-full\"><img loading=\"lazy\" decoding=\"async\" width=\"897\" height=\"204\" src=\"https:\/\/radiostudiow.com.br\/site\/wp-content\/uploads\/2025\/02\/SITE-GRANDE7.png\" alt=\"\" class=\"wp-image-33861\" srcset=\"https:\/\/radiostudiow.com.br\/site\/wp-content\/uploads\/2025\/02\/SITE-GRANDE7.png 897w, https:\/\/radiostudiow.com.br\/site\/wp-content\/uploads\/2025\/02\/SITE-GRANDE7-300x68.png 300w, https:\/\/radiostudiow.com.br\/site\/wp-content\/uploads\/2025\/02\/SITE-GRANDE7-768x175.png 768w\" sizes=\"auto, (max-width: 897px) 100vw, 897px\" \/><\/figure>\n\n\n\n<figure class=\"wp-block-video\"><video height=\"720\" style=\"aspect-ratio: 1280 \/ 720;\" width=\"1280\" controls src=\"https:\/\/radiostudiow.com.br\/site\/wp-content\/uploads\/2025\/04\/WhatsApp-Video-2025-04-26-at-10.13.08.mp4\"><\/video><\/figure>\n\n\n\n<p><em>Informa\u00e7\u00f5es e Imagens PRF &#8211; Apoio Informativo: Rep\u00f3rter Kiko de Oliveira<\/em><\/p>\n","protected":false},"excerpt":{"rendered":"<p>Na tarde desta sexta-feira (25), uma opera\u00e7\u00e3o conjunta entre a Pol\u00edcia Rodovi\u00e1ria Federal (PRF) e o Servi\u00e7o de Atendimento M\u00f3vel de Urg\u00eancia (SAMU), por meio do N\u00facleo de Opera\u00e7\u00f5es A\u00e9reas (NOA), garantiu a transfer\u00eancia r\u00e1pida de uma menina de 10 anos, natural de S\u00e3o Mateus do Sul (PR), para tratamento especializado contra o c\u00e2ncer em [&hellip;]<\/p>\n","protected":false},"author":2,"featured_media":37346,"comment_status":"open","ping_status":"open","sticky":false,"template":"","format":"standard","meta":{"footnotes":""},"categories":[185],"tags":[172],"class_list":["post-37344","post","type-post","status-publish","format-standard","has-post-thumbnail","hentry","category-regional","tag-featured"],"amp_enabled":true,"_links":{"self":[{"href":"https:\/\/radiostudiow.com.br\/site\/wp-json\/wp\/v2\/posts\/37344","targetHints":{"allow":["GET"]}}],"collection":[{"href":"https:\/\/radiostudiow.com.br\/site\/wp-json\/wp\/v2\/posts"}],"about":[{"href":"https:\/\/radiostudiow.com.br\/site\/wp-json\/wp\/v2\/types\/post"}],"author":[{"embeddable":true,"href":"https:\/\/radiostudiow.com.br\/site\/wp-json\/wp\/v2\/users\/2"}],"replies":[{"embeddable":true,"href":"https:\/\/radiostudiow.com.br\/site\/wp-json\/wp\/v2\/comments?post=37344"}],"version-history":[{"count":1,"href":"https:\/\/radiostudiow.com.br\/site\/wp-json\/wp\/v2\/posts\/37344\/revisions"}],"predecessor-version":[{"id":37347,"href":"https:\/\/radiostudiow.com.br\/site\/wp-json\/wp\/v2\/posts\/37344\/revisions\/37347"}],"wp:featuredmedia":[{"embeddable":true,"href":"https:\/\/radiostudiow.com.br\/site\/wp-json\/wp\/v2\/media\/37346"}],"wp:attachment":[{"href":"https:\/\/radiostudiow.com.br\/site\/wp-json\/wp\/v2\/media?parent=37344"}],"wp:term":[{"taxonomy":"category","embeddable":true,"href":"https:\/\/radiostudiow.com.br\/site\/wp-json\/wp\/v2\/categories?post=37344"},{"taxonomy":"post_tag","embeddable":true,"href":"https:\/\/radiostudiow.com.br\/site\/wp-json\/wp\/v2\/tags?post=37344"}],"curies":[{"name":"wp","href":"https:\/\/api.w.org\/{rel}","templated":true}]}}