{"id":37348,"date":"2025-04-26T10:51:30","date_gmt":"2025-04-26T13:51:30","guid":{"rendered":"https:\/\/radiostudiow.com.br\/site\/?p=37348"},"modified":"2025-04-26T11:30:03","modified_gmt":"2025-04-26T14:30:03","slug":"pedestre-morre-atropelado-por-onibus-na-br-376-em-palmeira","status":"publish","type":"post","link":"https:\/\/radiostudiow.com.br\/site\/2025\/04\/26\/pedestre-morre-atropelado-por-onibus-na-br-376-em-palmeira\/","title":{"rendered":"Pedestre morre atropelado por \u00f4nibus na BR-376, em Palmeira"},"content":{"rendered":"\n<p>Um pedestre morreu ap\u00f3s ser atropelado por um \u00f4nibus de linha na madrugada desta s\u00e1bado (26), na BR-376, km 545, na regi\u00e3o da Col\u00f4nia Witmarsum, em Palmeira (PR).<\/p>\n\n\n\n<p>De acordo com informa\u00e7\u00f5es da Pol\u00edcia Rodovi\u00e1ria Federal (PRF), o acidente ocorreu por volta das 02h35min. O \u00f4nibus, que fazia o trajeto entre Florian\u00f3polis (SC) e Maring\u00e1 (PR), trafegava no sentido decrescente da rodovia, entre Curitiba e Ponta Grossa, quando o pedestre tentou atravessar a pista e acabou sendo atingido. A v\u00edtima, um homem sem identifica\u00e7\u00e3o, aparentava ter entre 45 e 55 anos de idade.<\/p>\n\n\n\n<figure class=\"wp-block-image size-full\"><img loading=\"lazy\" decoding=\"async\" width=\"897\" height=\"204\" src=\"https:\/\/radiostudiow.com.br\/site\/wp-content\/uploads\/2025\/01\/SITE-GRANDE2.png\" alt=\"\" class=\"wp-image-32805\" srcset=\"https:\/\/radiostudiow.com.br\/site\/wp-content\/uploads\/2025\/01\/SITE-GRANDE2.png 897w, https:\/\/radiostudiow.com.br\/site\/wp-content\/uploads\/2025\/01\/SITE-GRANDE2-300x68.png 300w, https:\/\/radiostudiow.com.br\/site\/wp-content\/uploads\/2025\/01\/SITE-GRANDE2-768x175.png 768w\" sizes=\"auto, (max-width: 897px) 100vw, 897px\" \/><\/figure>\n\n\n\n<p>No ve\u00edculo viajavam 35 passageiros, mas ningu\u00e9m se feriu. O motorista do \u00f4nibus acionou imediatamente os servi\u00e7os de emerg\u00eancia e realizou o teste do etil\u00f4metro, que apontou resultado negativo para o consumo de \u00e1lcool.<\/p>\n\n\n\n<p>O corpo da v\u00edtima foi encaminhado ao Instituto M\u00e9dico Legal (IML) de Ponta Grossa. A ocorr\u00eancia contou com o atendimento da Pol\u00edcia Cient\u00edfica, Departamento de Estradas de Rodagem (DER), Servi\u00e7o de Atendimento M\u00f3vel de Urg\u00eancia (SAMU) e Pol\u00edcia Rodovi\u00e1ria Federal (PRF).<\/p>\n\n\n\n<p>As informa\u00e7\u00f5es e imagens s\u00e3o da PRF, com colabora\u00e7\u00e3o do rep\u00f3rter Kiko de Oliveira.<\/p>\n\n\n\n<figure class=\"wp-block-image size-full\"><img loading=\"lazy\" decoding=\"async\" width=\"598\" height=\"204\" src=\"https:\/\/radiostudiow.com.br\/site\/wp-content\/uploads\/2025\/04\/BOROX.png\" alt=\"\" class=\"wp-image-37229\" srcset=\"https:\/\/radiostudiow.com.br\/site\/wp-content\/uploads\/2025\/04\/BOROX.png 598w, https:\/\/radiostudiow.com.br\/site\/wp-content\/uploads\/2025\/04\/BOROX-300x102.png 300w\" sizes=\"auto, (max-width: 598px) 100vw, 598px\" \/><\/figure>\n\n\n\n<figure class=\"wp-block-image size-large\"><img loading=\"lazy\" decoding=\"async\" width=\"1024\" height=\"768\" src=\"https:\/\/radiostudiow.com.br\/site\/wp-content\/uploads\/2025\/04\/image-86-1024x768.png\" alt=\"\" class=\"wp-image-37349\" srcset=\"https:\/\/radiostudiow.com.br\/site\/wp-content\/uploads\/2025\/04\/image-86-1024x768.png 1024w, https:\/\/radiostudiow.com.br\/site\/wp-content\/uploads\/2025\/04\/image-86-300x225.png 300w, https:\/\/radiostudiow.com.br\/site\/wp-content\/uploads\/2025\/04\/image-86-768x576.png 768w, https:\/\/radiostudiow.com.br\/site\/wp-content\/uploads\/2025\/04\/image-86.png 1080w\" sizes=\"auto, (max-width: 1024px) 100vw, 1024px\" \/><\/figure>\n","protected":false},"excerpt":{"rendered":"<p>Um pedestre morreu ap\u00f3s ser atropelado por um \u00f4nibus de linha na madrugada desta s\u00e1bado (26), na BR-376, km 545, na regi\u00e3o da Col\u00f4nia Witmarsum, em Palmeira (PR). De acordo com informa\u00e7\u00f5es da Pol\u00edcia Rodovi\u00e1ria Federal (PRF), o acidente ocorreu por volta das 02h35min. O \u00f4nibus, que fazia o trajeto entre Florian\u00f3polis (SC) e Maring\u00e1 [&hellip;]<\/p>\n","protected":false},"author":2,"featured_media":37350,"comment_status":"open","ping_status":"open","sticky":false,"template":"","format":"standard","meta":{"footnotes":""},"categories":[185],"tags":[172],"class_list":["post-37348","post","type-post","status-publish","format-standard","has-post-thumbnail","hentry","category-regional","tag-featured"],"amp_enabled":true,"_links":{"self":[{"href":"https:\/\/radiostudiow.com.br\/site\/wp-json\/wp\/v2\/posts\/37348","targetHints":{"allow":["GET"]}}],"collection":[{"href":"https:\/\/radiostudiow.com.br\/site\/wp-json\/wp\/v2\/posts"}],"about":[{"href":"https:\/\/radiostudiow.com.br\/site\/wp-json\/wp\/v2\/types\/post"}],"author":[{"embeddable":true,"href":"https:\/\/radiostudiow.com.br\/site\/wp-json\/wp\/v2\/users\/2"}],"replies":[{"embeddable":true,"href":"https:\/\/radiostudiow.com.br\/site\/wp-json\/wp\/v2\/comments?post=37348"}],"version-history":[{"count":2,"href":"https:\/\/radiostudiow.com.br\/site\/wp-json\/wp\/v2\/posts\/37348\/revisions"}],"predecessor-version":[{"id":37362,"href":"https:\/\/radiostudiow.com.br\/site\/wp-json\/wp\/v2\/posts\/37348\/revisions\/37362"}],"wp:featuredmedia":[{"embeddable":true,"href":"https:\/\/radiostudiow.com.br\/site\/wp-json\/wp\/v2\/media\/37350"}],"wp:attachment":[{"href":"https:\/\/radiostudiow.com.br\/site\/wp-json\/wp\/v2\/media?parent=37348"}],"wp:term":[{"taxonomy":"category","embeddable":true,"href":"https:\/\/radiostudiow.com.br\/site\/wp-json\/wp\/v2\/categories?post=37348"},{"taxonomy":"post_tag","embeddable":true,"href":"https:\/\/radiostudiow.com.br\/site\/wp-json\/wp\/v2\/tags?post=37348"}],"curies":[{"name":"wp","href":"https:\/\/api.w.org\/{rel}","templated":true}]}}