{"id":37356,"date":"2025-04-26T11:25:10","date_gmt":"2025-04-26T14:25:10","guid":{"rendered":"https:\/\/radiostudiow.com.br\/site\/?p=37356"},"modified":"2025-04-26T11:29:49","modified_gmt":"2025-04-26T14:29:49","slug":"policia-militar-prende-homem-por-tradico-de-drogas-em-uniao-da-vitoria","status":"publish","type":"post","link":"https:\/\/radiostudiow.com.br\/site\/2025\/04\/26\/policia-militar-prende-homem-por-tradico-de-drogas-em-uniao-da-vitoria\/","title":{"rendered":"Pol\u00edcia Militar prende homem por tr\u00e1dico de drogas em Uni\u00e3o da Vit\u00f3ria"},"content":{"rendered":"\n<figure class=\"wp-block-image size-full\"><img loading=\"lazy\" decoding=\"async\" width=\"300\" height=\"180\" src=\"https:\/\/radiostudiow.com.br\/site\/wp-content\/uploads\/2025\/04\/DAIANE.png\" alt=\"\" class=\"wp-image-37227\"\/><\/figure>\n\n\n\n<p>Durante o patrulhamento da equipe da Pol\u00edcia Militar de Uni\u00e3o da Vit\u00f3ria pela Ponte Jos\u00e9 Richa sentido bairro\/centro por volta das 15h15min dessa sexta-feira (25), avistou um indiv\u00edduo em atitude suspeita.<\/p>\n\n\n\n<p>Quando a equipe se aproximou, ele parou pr\u00f3ximo a uma lixeira e dispensou um objeto, saindo em seguida correndo. Diante da situa\u00e7\u00e3o foi realizada a abordagem inicial.<\/p>\n\n\n\n<p>Durante a revista pessoal, nada de il\u00edcito foi encontrado, no entanto, ao verificar o cesto de lixo onde o suspeito havia dispensado algo, foi localizado um inv\u00f3lucro branco contendo subst\u00e2ncia identificada com o crack, totalizando 40 gramas.<\/p>\n\n\n\n<p>O indiv\u00edduo foi encaminhado \u00e0 delegacia para os procedimentos legais cab\u00edveis.<\/p>\n\n\n\n<figure class=\"wp-block-image size-full\"><img loading=\"lazy\" decoding=\"async\" width=\"598\" height=\"204\" src=\"https:\/\/radiostudiow.com.br\/site\/wp-content\/uploads\/2025\/01\/SITE-MEDIO.png\" alt=\"\" class=\"wp-image-32810\" srcset=\"https:\/\/radiostudiow.com.br\/site\/wp-content\/uploads\/2025\/01\/SITE-MEDIO.png 598w, https:\/\/radiostudiow.com.br\/site\/wp-content\/uploads\/2025\/01\/SITE-MEDIO-300x102.png 300w\" sizes=\"auto, (max-width: 598px) 100vw, 598px\" \/><\/figure>\n\n\n\n<p><\/p>\n","protected":false},"excerpt":{"rendered":"<p>Durante o patrulhamento da equipe da Pol\u00edcia Militar de Uni\u00e3o da Vit\u00f3ria pela Ponte Jos\u00e9 Richa sentido bairro\/centro por volta das 15h15min dessa sexta-feira (25), avistou um indiv\u00edduo em atitude suspeita. Quando a equipe se aproximou, ele parou pr\u00f3ximo a uma lixeira e dispensou um objeto, saindo em seguida correndo. Diante da situa\u00e7\u00e3o foi realizada [&hellip;]<\/p>\n","protected":false},"author":2,"featured_media":22528,"comment_status":"open","ping_status":"open","sticky":false,"template":"","format":"standard","meta":{"footnotes":""},"categories":[2],"tags":[172],"class_list":["post-37356","post","type-post","status-publish","format-standard","has-post-thumbnail","hentry","category-policial","tag-featured"],"amp_enabled":true,"_links":{"self":[{"href":"https:\/\/radiostudiow.com.br\/site\/wp-json\/wp\/v2\/posts\/37356","targetHints":{"allow":["GET"]}}],"collection":[{"href":"https:\/\/radiostudiow.com.br\/site\/wp-json\/wp\/v2\/posts"}],"about":[{"href":"https:\/\/radiostudiow.com.br\/site\/wp-json\/wp\/v2\/types\/post"}],"author":[{"embeddable":true,"href":"https:\/\/radiostudiow.com.br\/site\/wp-json\/wp\/v2\/users\/2"}],"replies":[{"embeddable":true,"href":"https:\/\/radiostudiow.com.br\/site\/wp-json\/wp\/v2\/comments?post=37356"}],"version-history":[{"count":4,"href":"https:\/\/radiostudiow.com.br\/site\/wp-json\/wp\/v2\/posts\/37356\/revisions"}],"predecessor-version":[{"id":37361,"href":"https:\/\/radiostudiow.com.br\/site\/wp-json\/wp\/v2\/posts\/37356\/revisions\/37361"}],"wp:featuredmedia":[{"embeddable":true,"href":"https:\/\/radiostudiow.com.br\/site\/wp-json\/wp\/v2\/media\/22528"}],"wp:attachment":[{"href":"https:\/\/radiostudiow.com.br\/site\/wp-json\/wp\/v2\/media?parent=37356"}],"wp:term":[{"taxonomy":"category","embeddable":true,"href":"https:\/\/radiostudiow.com.br\/site\/wp-json\/wp\/v2\/categories?post=37356"},{"taxonomy":"post_tag","embeddable":true,"href":"https:\/\/radiostudiow.com.br\/site\/wp-json\/wp\/v2\/tags?post=37356"}],"curies":[{"name":"wp","href":"https:\/\/api.w.org\/{rel}","templated":true}]}}