{"id":37363,"date":"2025-04-26T11:40:53","date_gmt":"2025-04-26T14:40:53","guid":{"rendered":"https:\/\/radiostudiow.com.br\/site\/?p=37363"},"modified":"2025-04-26T11:40:53","modified_gmt":"2025-04-26T14:40:53","slug":"pm-prende-homem-por-porte-ilegal-de-arma-de-fogo-e-municao-em-general-carneiro","status":"publish","type":"post","link":"https:\/\/radiostudiow.com.br\/site\/2025\/04\/26\/pm-prende-homem-por-porte-ilegal-de-arma-de-fogo-e-municao-em-general-carneiro\/","title":{"rendered":"PM prende homem por porte ilegal de arma de fogo e muni\u00e7\u00e3o em General Carneiro"},"content":{"rendered":"\n<figure class=\"wp-block-image size-full\"><img loading=\"lazy\" decoding=\"async\" width=\"897\" height=\"204\" src=\"https:\/\/radiostudiow.com.br\/site\/wp-content\/uploads\/2025\/03\/image-62.png\" alt=\"\" class=\"wp-image-35859\" srcset=\"https:\/\/radiostudiow.com.br\/site\/wp-content\/uploads\/2025\/03\/image-62.png 897w, https:\/\/radiostudiow.com.br\/site\/wp-content\/uploads\/2025\/03\/image-62-300x68.png 300w, https:\/\/radiostudiow.com.br\/site\/wp-content\/uploads\/2025\/03\/image-62-768x175.png 768w\" sizes=\"auto, (max-width: 897px) 100vw, 897px\" \/><\/figure>\n\n\n\n<p>Durante patrulhamento da equipe da Pol\u00edcia Militar em opera\u00e7\u00e3o no munic\u00edpio General Carneiro por volta da meia noite desse s\u00e1bado (26), visualizou tr\u00eas indiv\u00edduos em atitude suspeita pela via p\u00fablica do bairro S\u00e3o Jo\u00e3o.<\/p>\n\n\n\n<p>Ao perceberem a presen\u00e7a da viatura, um dos indiv\u00edduos, usando jaqueta azul e vermelha, colocou algo no bolso e fugiu em dire\u00e7\u00e3o a uma resid\u00eancia, foi alcan\u00e7ado. Ao realizar a abordagem o suspeito resistiu tentando se desenvencilhar com empurr\u00f5es.<\/p>\n\n\n\n<p>Ap\u00f3s ser contido, foi realizada a busca pessoal, sendo encontradas seis muni\u00e7\u00f5es de calibre 38 no bolso de sua jaqueta.<\/p>\n\n\n\n<p>O suspeito recebeu voz de pris\u00e3o e foi encaminhado \u00e0 delegacia com as muni\u00e7\u00f5es apreendidas para as provid\u00eancias legais.<\/p>\n\n\n\n<figure class=\"wp-block-image size-full\"><img loading=\"lazy\" decoding=\"async\" width=\"300\" height=\"180\" src=\"https:\/\/radiostudiow.com.br\/site\/wp-content\/uploads\/2025\/04\/LOU.png\" alt=\"\" class=\"wp-image-37228\"\/><\/figure>\n","protected":false},"excerpt":{"rendered":"<p>Durante patrulhamento da equipe da Pol\u00edcia Militar em opera\u00e7\u00e3o no munic\u00edpio General Carneiro por volta da meia noite desse s\u00e1bado (26), visualizou tr\u00eas indiv\u00edduos em atitude suspeita pela via p\u00fablica do bairro S\u00e3o Jo\u00e3o. Ao perceberem a presen\u00e7a da viatura, um dos indiv\u00edduos, usando jaqueta azul e vermelha, colocou algo no bolso e fugiu em [&hellip;]<\/p>\n","protected":false},"author":2,"featured_media":37365,"comment_status":"open","ping_status":"open","sticky":false,"template":"","format":"standard","meta":{"footnotes":""},"categories":[2],"tags":[172],"class_list":["post-37363","post","type-post","status-publish","format-standard","has-post-thumbnail","hentry","category-policial","tag-featured"],"amp_enabled":true,"_links":{"self":[{"href":"https:\/\/radiostudiow.com.br\/site\/wp-json\/wp\/v2\/posts\/37363","targetHints":{"allow":["GET"]}}],"collection":[{"href":"https:\/\/radiostudiow.com.br\/site\/wp-json\/wp\/v2\/posts"}],"about":[{"href":"https:\/\/radiostudiow.com.br\/site\/wp-json\/wp\/v2\/types\/post"}],"author":[{"embeddable":true,"href":"https:\/\/radiostudiow.com.br\/site\/wp-json\/wp\/v2\/users\/2"}],"replies":[{"embeddable":true,"href":"https:\/\/radiostudiow.com.br\/site\/wp-json\/wp\/v2\/comments?post=37363"}],"version-history":[{"count":2,"href":"https:\/\/radiostudiow.com.br\/site\/wp-json\/wp\/v2\/posts\/37363\/revisions"}],"predecessor-version":[{"id":37366,"href":"https:\/\/radiostudiow.com.br\/site\/wp-json\/wp\/v2\/posts\/37363\/revisions\/37366"}],"wp:featuredmedia":[{"embeddable":true,"href":"https:\/\/radiostudiow.com.br\/site\/wp-json\/wp\/v2\/media\/37365"}],"wp:attachment":[{"href":"https:\/\/radiostudiow.com.br\/site\/wp-json\/wp\/v2\/media?parent=37363"}],"wp:term":[{"taxonomy":"category","embeddable":true,"href":"https:\/\/radiostudiow.com.br\/site\/wp-json\/wp\/v2\/categories?post=37363"},{"taxonomy":"post_tag","embeddable":true,"href":"https:\/\/radiostudiow.com.br\/site\/wp-json\/wp\/v2\/tags?post=37363"}],"curies":[{"name":"wp","href":"https:\/\/api.w.org\/{rel}","templated":true}]}}