{"id":37369,"date":"2025-04-26T12:55:43","date_gmt":"2025-04-26T15:55:43","guid":{"rendered":"https:\/\/radiostudiow.com.br\/site\/?p=37369"},"modified":"2025-04-26T12:55:44","modified_gmt":"2025-04-26T15:55:44","slug":"quatro-suspeitos-sao-presos-apos-homicidio-elucidado-no-parana","status":"publish","type":"post","link":"https:\/\/radiostudiow.com.br\/site\/2025\/04\/26\/quatro-suspeitos-sao-presos-apos-homicidio-elucidado-no-parana\/","title":{"rendered":"Quatro suspeitos s\u00e3o presos ap\u00f3s homic\u00eddio elucidado no Paran\u00e1"},"content":{"rendered":"\n<p>Tr\u00eas suspeitos foram capturados em Arapoti, enquanto o quarto foi localizado e preso na cidade de Irati.<\/p>\n\n\n\n<p>A Pol\u00edcia Civil do Paran\u00e1, por meio da Delegacia de Arapoti, concluiu a investiga\u00e7\u00e3o sobre um homic\u00eddio ocorrido no dia 31 de janeiro de 2025, na cidade de Arapoti, nos Campos Gerais do Estado.<\/p>\n\n\n\n<p>O trabalho investigativo identificou quatro pessoas envolvidas no crime.<\/p>\n\n\n\n<figure class=\"wp-block-image size-full\"><img loading=\"lazy\" decoding=\"async\" width=\"598\" height=\"204\" src=\"https:\/\/radiostudiow.com.br\/site\/wp-content\/uploads\/2025\/01\/SITE-MEDIO7.png\" alt=\"\" class=\"wp-image-32801\" srcset=\"https:\/\/radiostudiow.com.br\/site\/wp-content\/uploads\/2025\/01\/SITE-MEDIO7.png 598w, https:\/\/radiostudiow.com.br\/site\/wp-content\/uploads\/2025\/01\/SITE-MEDIO7-300x102.png 300w\" sizes=\"auto, (max-width: 598px) 100vw, 598px\" \/><\/figure>\n\n\n\n<p>As pris\u00f5es contaram com o apoio da Delegacia de Pira\u00ed do Sul, refor\u00e7ando a integra\u00e7\u00e3o entre as unidades da Pol\u00edcia Civil na regi\u00e3o e a atua\u00e7\u00e3o r\u00e1pida e eficiente das for\u00e7as de seguran\u00e7a.<\/p>\n\n\n\n<p>A elucida\u00e7\u00e3o do caso demonstra o compromisso da Pol\u00edcia Civil do Paran\u00e1 com a celeridade nas investiga\u00e7\u00f5es e a prote\u00e7\u00e3o da popula\u00e7\u00e3o.<\/p>\n\n\n\n<p>Pol\u00edcia Civil do Paran\u00e1 \u2014 Servir e Proteger.<\/p>\n\n\n\n<p><em>Informa\u00e7\u00f5es e Imagem 13\u00b0 SDP<\/em><\/p>\n","protected":false},"excerpt":{"rendered":"<p>Tr\u00eas suspeitos foram capturados em Arapoti, enquanto o quarto foi localizado e preso na cidade de Irati. A Pol\u00edcia Civil do Paran\u00e1, por meio da Delegacia de Arapoti, concluiu a investiga\u00e7\u00e3o sobre um homic\u00eddio ocorrido no dia 31 de janeiro de 2025, na cidade de Arapoti, nos Campos Gerais do Estado. O trabalho investigativo identificou [&hellip;]<\/p>\n","protected":false},"author":2,"featured_media":37370,"comment_status":"open","ping_status":"open","sticky":false,"template":"","format":"standard","meta":{"footnotes":""},"categories":[2],"tags":[172],"class_list":["post-37369","post","type-post","status-publish","format-standard","has-post-thumbnail","hentry","category-policial","tag-featured"],"amp_enabled":true,"_links":{"self":[{"href":"https:\/\/radiostudiow.com.br\/site\/wp-json\/wp\/v2\/posts\/37369","targetHints":{"allow":["GET"]}}],"collection":[{"href":"https:\/\/radiostudiow.com.br\/site\/wp-json\/wp\/v2\/posts"}],"about":[{"href":"https:\/\/radiostudiow.com.br\/site\/wp-json\/wp\/v2\/types\/post"}],"author":[{"embeddable":true,"href":"https:\/\/radiostudiow.com.br\/site\/wp-json\/wp\/v2\/users\/2"}],"replies":[{"embeddable":true,"href":"https:\/\/radiostudiow.com.br\/site\/wp-json\/wp\/v2\/comments?post=37369"}],"version-history":[{"count":1,"href":"https:\/\/radiostudiow.com.br\/site\/wp-json\/wp\/v2\/posts\/37369\/revisions"}],"predecessor-version":[{"id":37371,"href":"https:\/\/radiostudiow.com.br\/site\/wp-json\/wp\/v2\/posts\/37369\/revisions\/37371"}],"wp:featuredmedia":[{"embeddable":true,"href":"https:\/\/radiostudiow.com.br\/site\/wp-json\/wp\/v2\/media\/37370"}],"wp:attachment":[{"href":"https:\/\/radiostudiow.com.br\/site\/wp-json\/wp\/v2\/media?parent=37369"}],"wp:term":[{"taxonomy":"category","embeddable":true,"href":"https:\/\/radiostudiow.com.br\/site\/wp-json\/wp\/v2\/categories?post=37369"},{"taxonomy":"post_tag","embeddable":true,"href":"https:\/\/radiostudiow.com.br\/site\/wp-json\/wp\/v2\/tags?post=37369"}],"curies":[{"name":"wp","href":"https:\/\/api.w.org\/{rel}","templated":true}]}}