{"id":37391,"date":"2025-04-28T09:26:00","date_gmt":"2025-04-28T12:26:00","guid":{"rendered":"https:\/\/radiostudiow.com.br\/site\/?p=37391"},"modified":"2025-04-28T09:26:00","modified_gmt":"2025-04-28T12:26:00","slug":"mulher-fica-ferida-apos-veiculo-capotar-em-irati","status":"publish","type":"post","link":"https:\/\/radiostudiow.com.br\/site\/2025\/04\/28\/mulher-fica-ferida-apos-veiculo-capotar-em-irati\/","title":{"rendered":"MULHER FICA FERIDA AP\u00d3S VE\u00cdCULO CAPOTAR EM IRATI"},"content":{"rendered":"\n<figure class=\"wp-block-image size-full\"><img loading=\"lazy\" decoding=\"async\" width=\"897\" height=\"204\" src=\"https:\/\/radiostudiow.com.br\/site\/wp-content\/uploads\/2024\/01\/SITE-GRANDE3.png\" alt=\"zaions\" class=\"wp-image-18936\" srcset=\"https:\/\/radiostudiow.com.br\/site\/wp-content\/uploads\/2024\/01\/SITE-GRANDE3.png 897w, https:\/\/radiostudiow.com.br\/site\/wp-content\/uploads\/2024\/01\/SITE-GRANDE3-300x68.png 300w, https:\/\/radiostudiow.com.br\/site\/wp-content\/uploads\/2024\/01\/SITE-GRANDE3-768x175.png 768w\" sizes=\"auto, (max-width: 897px) 100vw, 897px\" \/><\/figure>\n\n\n\n<p>Condutora do ve\u00edculo Volkswagen\/Jetta de 42 anos, teve ferimentos leves e foi encaminhada pelo SAMU para hospital de Irati<\/p>\n\n\n\n<p>\u00a0Um acidente do tipo sa\u00edda de pista seguido de capotamento envolvendo um ve\u00edculo e resultando em uma pessoa em lesionada e teve atendimento da PRF, Corpo de bombeiros, SAMU e Pol\u00edcia Militar, na manh\u00e3 do s\u00e1bado dia  26 de abril, por volta das 10h00 na BR-153 km 341 em Irati<\/p>\n\n\n\n<p>O ve\u00edculo envolvido foi: Um Jetta de cor branca com placas de Irati (PR).<\/p>\n\n\n\n<p>A condutora do Jetta, de 42 anos, teve les\u00f5es leves e foi encaminhada pelo SAMU para o hospital de Irati. Realizou o teste do bar\u00f4metro com resultado negativo para ingest\u00e3o de \u00e1lcool.<\/p>\n\n\n\n<p>Chegando ao local, confirmada a ocorr\u00eancia de capotamento de autom\u00f3vel onde o mesmo se encontrava \u00e0s margens da rodovia, uma v\u00edtima no local, consciente e orientada, deambulando no local, sendo atendida pela AA ALFA SAMU. V\u00edtima foi retirada do ve\u00edculo por motoristas que passavam pelo local.<\/p>\n\n\n\n<p>Realizado apoio no atendimento \u00e0 v\u00edtima e sinaliza\u00e7\u00e3o da rodovia, local deixado aos cuidados da PRF.<\/p>\n\n\n\n<p>Informa\u00e7\u00f5es PRF\/6\u00b0CIBM\/ Imagens 6\u00b0CIBM\/Divulga\u00e7\u00e3o\/Rep\u00f3rter Kiko de Oliveira<\/p>\n\n\n\n<figure class=\"wp-block-image size-full\"><img loading=\"lazy\" decoding=\"async\" width=\"598\" height=\"204\" src=\"https:\/\/radiostudiow.com.br\/site\/wp-content\/uploads\/2025\/01\/SITE-MEDIO7.png\" alt=\"\" class=\"wp-image-32801\" srcset=\"https:\/\/radiostudiow.com.br\/site\/wp-content\/uploads\/2025\/01\/SITE-MEDIO7.png 598w, https:\/\/radiostudiow.com.br\/site\/wp-content\/uploads\/2025\/01\/SITE-MEDIO7-300x102.png 300w\" sizes=\"auto, (max-width: 598px) 100vw, 598px\" \/><\/figure>\n\n\n\n<p><\/p>\n\n\n\n<figure class=\"wp-block-image size-large\"><img loading=\"lazy\" decoding=\"async\" width=\"1024\" height=\"771\" src=\"https:\/\/radiostudiow.com.br\/site\/wp-content\/uploads\/2025\/04\/da68c6b9-5230-4f28-9bfa-c6290b582932-1024x771.jpg\" alt=\"\" class=\"wp-image-37393\" srcset=\"https:\/\/radiostudiow.com.br\/site\/wp-content\/uploads\/2025\/04\/da68c6b9-5230-4f28-9bfa-c6290b582932-1024x771.jpg 1024w, https:\/\/radiostudiow.com.br\/site\/wp-content\/uploads\/2025\/04\/da68c6b9-5230-4f28-9bfa-c6290b582932-300x226.jpg 300w, https:\/\/radiostudiow.com.br\/site\/wp-content\/uploads\/2025\/04\/da68c6b9-5230-4f28-9bfa-c6290b582932-768x578.jpg 768w, https:\/\/radiostudiow.com.br\/site\/wp-content\/uploads\/2025\/04\/da68c6b9-5230-4f28-9bfa-c6290b582932.jpg 1080w\" sizes=\"auto, (max-width: 1024px) 100vw, 1024px\" \/><\/figure>\n","protected":false},"excerpt":{"rendered":"<p>Condutora do ve\u00edculo Volkswagen\/Jetta de 42 anos, teve ferimentos leves e foi encaminhada pelo SAMU para hospital de Irati \u00a0Um acidente do tipo sa\u00edda de pista seguido de capotamento envolvendo um ve\u00edculo e resultando em uma pessoa em lesionada e teve atendimento da PRF, Corpo de bombeiros, SAMU e Pol\u00edcia Militar, na manh\u00e3 do s\u00e1bado [&hellip;]<\/p>\n","protected":false},"author":2,"featured_media":37394,"comment_status":"open","ping_status":"open","sticky":false,"template":"","format":"standard","meta":{"footnotes":""},"categories":[185],"tags":[172],"class_list":["post-37391","post","type-post","status-publish","format-standard","has-post-thumbnail","hentry","category-regional","tag-featured"],"amp_enabled":true,"_links":{"self":[{"href":"https:\/\/radiostudiow.com.br\/site\/wp-json\/wp\/v2\/posts\/37391","targetHints":{"allow":["GET"]}}],"collection":[{"href":"https:\/\/radiostudiow.com.br\/site\/wp-json\/wp\/v2\/posts"}],"about":[{"href":"https:\/\/radiostudiow.com.br\/site\/wp-json\/wp\/v2\/types\/post"}],"author":[{"embeddable":true,"href":"https:\/\/radiostudiow.com.br\/site\/wp-json\/wp\/v2\/users\/2"}],"replies":[{"embeddable":true,"href":"https:\/\/radiostudiow.com.br\/site\/wp-json\/wp\/v2\/comments?post=37391"}],"version-history":[{"count":1,"href":"https:\/\/radiostudiow.com.br\/site\/wp-json\/wp\/v2\/posts\/37391\/revisions"}],"predecessor-version":[{"id":37395,"href":"https:\/\/radiostudiow.com.br\/site\/wp-json\/wp\/v2\/posts\/37391\/revisions\/37395"}],"wp:featuredmedia":[{"embeddable":true,"href":"https:\/\/radiostudiow.com.br\/site\/wp-json\/wp\/v2\/media\/37394"}],"wp:attachment":[{"href":"https:\/\/radiostudiow.com.br\/site\/wp-json\/wp\/v2\/media?parent=37391"}],"wp:term":[{"taxonomy":"category","embeddable":true,"href":"https:\/\/radiostudiow.com.br\/site\/wp-json\/wp\/v2\/categories?post=37391"},{"taxonomy":"post_tag","embeddable":true,"href":"https:\/\/radiostudiow.com.br\/site\/wp-json\/wp\/v2\/tags?post=37391"}],"curies":[{"name":"wp","href":"https:\/\/api.w.org\/{rel}","templated":true}]}}