{"id":37399,"date":"2025-04-28T09:53:43","date_gmt":"2025-04-28T12:53:43","guid":{"rendered":"https:\/\/radiostudiow.com.br\/site\/?p=37399"},"modified":"2025-04-28T10:18:51","modified_gmt":"2025-04-28T13:18:51","slug":"capotamento-no-centro-deixa-motorista-ferido-neste-domingo","status":"publish","type":"post","link":"https:\/\/radiostudiow.com.br\/site\/2025\/04\/28\/capotamento-no-centro-deixa-motorista-ferido-neste-domingo\/","title":{"rendered":"Capotamento no centro de S\u00e3o Mateus do Sul deixa motorista ferido neste domingo"},"content":{"rendered":"\n<p><\/p>\n\n\n\n<figure class=\"wp-block-image size-full\"><img loading=\"lazy\" decoding=\"async\" width=\"897\" height=\"204\" src=\"https:\/\/radiostudiow.com.br\/site\/wp-content\/uploads\/2025\/03\/BARAO-NOVO-NOTICIAS-1.jpg\" alt=\"\" class=\"wp-image-35084\" srcset=\"https:\/\/radiostudiow.com.br\/site\/wp-content\/uploads\/2025\/03\/BARAO-NOVO-NOTICIAS-1.jpg 897w, https:\/\/radiostudiow.com.br\/site\/wp-content\/uploads\/2025\/03\/BARAO-NOVO-NOTICIAS-1-300x68.jpg 300w, https:\/\/radiostudiow.com.br\/site\/wp-content\/uploads\/2025\/03\/BARAO-NOVO-NOTICIAS-1-768x175.jpg 768w\" sizes=\"auto, (max-width: 897px) 100vw, 897px\" \/><\/figure>\n\n\n\n<p>Na manh\u00e3 deste domingo (27), um capotamento no Centro de S\u00e3o Mateus do Sul mobilizou equipes de resgate. <\/p>\n\n\n\n<p>O acidente envolveu um ve\u00edculo da marca Chevrolet\/Kadett conduzido por um homem de 46 anos, que sofreu ferimentos leves.<\/p>\n\n\n\n<p>O Corpo de Bombeiros e a Pol\u00edcia Militar foram acionados para atender a ocorr\u00eancia. <\/p>\n\n\n\n<p>A v\u00edtima foi atendida no local e encaminhada ao Pronto Atendimento Municipal para avalia\u00e7\u00e3o m\u00e9dica.<\/p>\n\n\n\n<p>As circunst\u00e2ncias do acidente ainda n\u00e3o foram divulgadas pela Pol\u00edcia Militar. O acidente aconteceu na Avenida Ozy Mendon\u00e7a de Lima, em frente \u00e0 delegacia.<\/p>\n\n\n\n<p><\/p>\n\n\n\n<p>Fonte: VVale\/RDX<\/p>\n\n\n\n<figure class=\"wp-block-image size-full\"><img loading=\"lazy\" decoding=\"async\" width=\"300\" height=\"180\" src=\"https:\/\/radiostudiow.com.br\/site\/wp-content\/uploads\/2025\/04\/AGRODU.png\" alt=\"\" class=\"wp-image-37219\"\/><\/figure>\n","protected":false},"excerpt":{"rendered":"<p>Na manh\u00e3 deste domingo (27), um capotamento no Centro de S\u00e3o Mateus do Sul mobilizou equipes de resgate. O acidente envolveu um ve\u00edculo da marca Chevrolet\/Kadett conduzido por um homem de 46 anos, que sofreu ferimentos leves. O Corpo de Bombeiros e a Pol\u00edcia Militar foram acionados para atender a ocorr\u00eancia. A v\u00edtima foi atendida [&hellip;]<\/p>\n","protected":false},"author":2,"featured_media":37400,"comment_status":"open","ping_status":"open","sticky":false,"template":"","format":"standard","meta":{"footnotes":""},"categories":[185],"tags":[172],"class_list":["post-37399","post","type-post","status-publish","format-standard","has-post-thumbnail","hentry","category-regional","tag-featured"],"amp_enabled":true,"_links":{"self":[{"href":"https:\/\/radiostudiow.com.br\/site\/wp-json\/wp\/v2\/posts\/37399","targetHints":{"allow":["GET"]}}],"collection":[{"href":"https:\/\/radiostudiow.com.br\/site\/wp-json\/wp\/v2\/posts"}],"about":[{"href":"https:\/\/radiostudiow.com.br\/site\/wp-json\/wp\/v2\/types\/post"}],"author":[{"embeddable":true,"href":"https:\/\/radiostudiow.com.br\/site\/wp-json\/wp\/v2\/users\/2"}],"replies":[{"embeddable":true,"href":"https:\/\/radiostudiow.com.br\/site\/wp-json\/wp\/v2\/comments?post=37399"}],"version-history":[{"count":2,"href":"https:\/\/radiostudiow.com.br\/site\/wp-json\/wp\/v2\/posts\/37399\/revisions"}],"predecessor-version":[{"id":37403,"href":"https:\/\/radiostudiow.com.br\/site\/wp-json\/wp\/v2\/posts\/37399\/revisions\/37403"}],"wp:featuredmedia":[{"embeddable":true,"href":"https:\/\/radiostudiow.com.br\/site\/wp-json\/wp\/v2\/media\/37400"}],"wp:attachment":[{"href":"https:\/\/radiostudiow.com.br\/site\/wp-json\/wp\/v2\/media?parent=37399"}],"wp:term":[{"taxonomy":"category","embeddable":true,"href":"https:\/\/radiostudiow.com.br\/site\/wp-json\/wp\/v2\/categories?post=37399"},{"taxonomy":"post_tag","embeddable":true,"href":"https:\/\/radiostudiow.com.br\/site\/wp-json\/wp\/v2\/tags?post=37399"}],"curies":[{"name":"wp","href":"https:\/\/api.w.org\/{rel}","templated":true}]}}