{"id":37407,"date":"2025-04-28T10:32:20","date_gmt":"2025-04-28T13:32:20","guid":{"rendered":"https:\/\/radiostudiow.com.br\/site\/?p=37407"},"modified":"2025-04-28T10:32:21","modified_gmt":"2025-04-28T13:32:21","slug":"homem-furta-pacote-de-fraldas-de-farmacia-e-foge-de-bicicleta-em-porto-uniao","status":"publish","type":"post","link":"https:\/\/radiostudiow.com.br\/site\/2025\/04\/28\/homem-furta-pacote-de-fraldas-de-farmacia-e-foge-de-bicicleta-em-porto-uniao\/","title":{"rendered":"Homem furta pacote de fraldas de Farm\u00e1cia e foge de bicicleta em Porto Uni\u00e3o"},"content":{"rendered":"\n<p><\/p>\n\n\n\n<p>Um furto a um estabelecimento comercial foi registrado na noite deste domingo (27), por volta das 21h15, em uma farm\u00e1cia localizada na cidade de Porto Uni\u00e3o &#8211; SC.<\/p>\n\n\n\n<p>A Pol\u00edcia Militar foi acionada ap\u00f3s a funcion\u00e1ria relatar que um homem havia furtado um pacote de fraldas.<\/p>\n\n\n\n<p>Segundo a solicitante, o suspeito trajava bon\u00e9 preto e jaqueta cinza. Ele teria subtra\u00eddo um pacote de fraldas da marca Pampers, avaliado em R$ 137,00, e fugido rapidamente do local utilizando uma bicicleta.<\/p>\n\n\n\n<p>A guarni\u00e7\u00e3o realizou rondas pelas proximidades na tentativa de localizar o autor do furto, mas ele n\u00e3o foi encontrado.<\/p>\n\n\n\n<p> O boletim de ocorr\u00eancia foi confeccionado pela Pol\u00edcia Militar.<\/p>\n\n\n\n<p>Fonte: VVale<\/p>\n","protected":false},"excerpt":{"rendered":"<p>Um furto a um estabelecimento comercial foi registrado na noite deste domingo (27), por volta das 21h15, em uma farm\u00e1cia localizada na cidade de Porto Uni\u00e3o &#8211; SC. A Pol\u00edcia Militar foi acionada ap\u00f3s a funcion\u00e1ria relatar que um homem havia furtado um pacote de fraldas. Segundo a solicitante, o suspeito trajava bon\u00e9 preto e [&hellip;]<\/p>\n","protected":false},"author":2,"featured_media":37408,"comment_status":"open","ping_status":"open","sticky":false,"template":"","format":"standard","meta":{"footnotes":""},"categories":[7],"tags":[172],"class_list":["post-37407","post","type-post","status-publish","format-standard","has-post-thumbnail","hentry","category-geral","tag-featured"],"amp_enabled":true,"_links":{"self":[{"href":"https:\/\/radiostudiow.com.br\/site\/wp-json\/wp\/v2\/posts\/37407","targetHints":{"allow":["GET"]}}],"collection":[{"href":"https:\/\/radiostudiow.com.br\/site\/wp-json\/wp\/v2\/posts"}],"about":[{"href":"https:\/\/radiostudiow.com.br\/site\/wp-json\/wp\/v2\/types\/post"}],"author":[{"embeddable":true,"href":"https:\/\/radiostudiow.com.br\/site\/wp-json\/wp\/v2\/users\/2"}],"replies":[{"embeddable":true,"href":"https:\/\/radiostudiow.com.br\/site\/wp-json\/wp\/v2\/comments?post=37407"}],"version-history":[{"count":1,"href":"https:\/\/radiostudiow.com.br\/site\/wp-json\/wp\/v2\/posts\/37407\/revisions"}],"predecessor-version":[{"id":37409,"href":"https:\/\/radiostudiow.com.br\/site\/wp-json\/wp\/v2\/posts\/37407\/revisions\/37409"}],"wp:featuredmedia":[{"embeddable":true,"href":"https:\/\/radiostudiow.com.br\/site\/wp-json\/wp\/v2\/media\/37408"}],"wp:attachment":[{"href":"https:\/\/radiostudiow.com.br\/site\/wp-json\/wp\/v2\/media?parent=37407"}],"wp:term":[{"taxonomy":"category","embeddable":true,"href":"https:\/\/radiostudiow.com.br\/site\/wp-json\/wp\/v2\/categories?post=37407"},{"taxonomy":"post_tag","embeddable":true,"href":"https:\/\/radiostudiow.com.br\/site\/wp-json\/wp\/v2\/tags?post=37407"}],"curies":[{"name":"wp","href":"https:\/\/api.w.org\/{rel}","templated":true}]}}