{"id":37414,"date":"2025-04-28T11:01:18","date_gmt":"2025-04-28T14:01:18","guid":{"rendered":"https:\/\/radiostudiow.com.br\/site\/?p=37414"},"modified":"2025-04-28T18:36:55","modified_gmt":"2025-04-28T21:36:55","slug":"homem-morre-em-confronto-com-a-policia-militar-em-ivai","status":"publish","type":"post","link":"https:\/\/radiostudiow.com.br\/site\/2025\/04\/28\/homem-morre-em-confronto-com-a-policia-militar-em-ivai\/","title":{"rendered":"Homem morre em confronto com a Pol\u00edcia Militar em Iva\u00ed"},"content":{"rendered":"\n<p><\/p>\n\n\n\n<figure class=\"wp-block-image size-full\"><img loading=\"lazy\" decoding=\"async\" width=\"897\" height=\"204\" src=\"https:\/\/radiostudiow.com.br\/site\/wp-content\/uploads\/2025\/03\/SITE-GRANDE5.png\" alt=\"\" class=\"wp-image-35420\" srcset=\"https:\/\/radiostudiow.com.br\/site\/wp-content\/uploads\/2025\/03\/SITE-GRANDE5.png 897w, https:\/\/radiostudiow.com.br\/site\/wp-content\/uploads\/2025\/03\/SITE-GRANDE5-300x68.png 300w, https:\/\/radiostudiow.com.br\/site\/wp-content\/uploads\/2025\/03\/SITE-GRANDE5-768x175.png 768w\" sizes=\"auto, (max-width: 897px) 100vw, 897px\" \/><\/figure>\n\n\n\n<p><\/p>\n\n\n\n<h2 class=\"wp-block-heading\">Ainda, apontou o armamento em dire\u00e7\u00e3o aos policiais, sendo necess\u00e1rio a realiza\u00e7\u00e3o de disparos de arma de fogo por parte da equipe policial, a fim de repelir a injusta agress\u00e3o.<\/h2>\n\n\n\n<p><\/p>\n\n\n\n<p>A equipe policial recebeu informa\u00e7\u00f5es de que um homem teria efetuado disparos de arma de fogo e se evadido em uma caminhonete de cor preta, na madrugada deste domingo (27), por volta das 02h55, no bairro Floren\u00e7a em Iva\u00ed<\/p>\n\n\n\n<p><strong>\u00a0Durante patrulhamento, novas informa\u00e7\u00f5es de outra situa\u00e7\u00e3o de disparos de arma de fogo, seguida de uma terceira situa\u00e7\u00e3o do mesmo fato onde foi poss\u00edvel localizar de onde vinham os disparos, tendo a equipe progredido a p\u00e9 at\u00e9 pr\u00f3ximo de uma resid\u00eancia, onde foi poss\u00edvel visualizar um indiv\u00edduo saindo do interior da casa com uma pistola em punho, momento em que foi verbalizado com o mesmo para que largasse a arma, n\u00e3o sendo obedecido pelo mesmo.<\/strong><\/p>\n\n\n\n<p>&nbsp;Ap\u00f3s cessada a amea\u00e7a, foi acionado o SAMU para atendimento, onde foi constatado o indiv\u00edduo sem os sinais vitais.<\/p>\n\n\n\n<p><\/p>\n\n\n\n<figure class=\"wp-block-image size-full\"><img loading=\"lazy\" decoding=\"async\" width=\"897\" height=\"204\" src=\"https:\/\/radiostudiow.com.br\/site\/wp-content\/uploads\/2025\/02\/SITE-GRANDE7.png\" alt=\"\" class=\"wp-image-33861\" srcset=\"https:\/\/radiostudiow.com.br\/site\/wp-content\/uploads\/2025\/02\/SITE-GRANDE7.png 897w, https:\/\/radiostudiow.com.br\/site\/wp-content\/uploads\/2025\/02\/SITE-GRANDE7-300x68.png 300w, https:\/\/radiostudiow.com.br\/site\/wp-content\/uploads\/2025\/02\/SITE-GRANDE7-768x175.png 768w\" sizes=\"auto, (max-width: 897px) 100vw, 897px\" \/><\/figure>\n\n\n\n<p><\/p>\n\n\n\n<p>Em seguida foi acionada a Pol\u00edcia Civil para realizar contato junto a Pol\u00edcia Cient\u00edfica para realizar o<\/p>\n\n\n\n<p>recolhimento do corpo at\u00e9 o instituto m\u00e9dico legal IML.<\/p>\n\n\n\n<p>Informa\u00e7\u00f5es 8\u00b0CIPM\/Rep\u00f3rter Kiko de Oliveira<\/p>\n","protected":false},"excerpt":{"rendered":"<p>Ainda, apontou o armamento em dire\u00e7\u00e3o aos policiais, sendo necess\u00e1rio a realiza\u00e7\u00e3o de disparos de arma de fogo por parte da equipe policial, a fim de repelir a injusta agress\u00e3o. A equipe policial recebeu informa\u00e7\u00f5es de que um homem teria efetuado disparos de arma de fogo e se evadido em uma caminhonete de cor preta, [&hellip;]<\/p>\n","protected":false},"author":2,"featured_media":37415,"comment_status":"open","ping_status":"open","sticky":false,"template":"","format":"standard","meta":{"footnotes":""},"categories":[7],"tags":[172],"class_list":["post-37414","post","type-post","status-publish","format-standard","has-post-thumbnail","hentry","category-geral","tag-featured"],"amp_enabled":true,"_links":{"self":[{"href":"https:\/\/radiostudiow.com.br\/site\/wp-json\/wp\/v2\/posts\/37414","targetHints":{"allow":["GET"]}}],"collection":[{"href":"https:\/\/radiostudiow.com.br\/site\/wp-json\/wp\/v2\/posts"}],"about":[{"href":"https:\/\/radiostudiow.com.br\/site\/wp-json\/wp\/v2\/types\/post"}],"author":[{"embeddable":true,"href":"https:\/\/radiostudiow.com.br\/site\/wp-json\/wp\/v2\/users\/2"}],"replies":[{"embeddable":true,"href":"https:\/\/radiostudiow.com.br\/site\/wp-json\/wp\/v2\/comments?post=37414"}],"version-history":[{"count":2,"href":"https:\/\/radiostudiow.com.br\/site\/wp-json\/wp\/v2\/posts\/37414\/revisions"}],"predecessor-version":[{"id":37430,"href":"https:\/\/radiostudiow.com.br\/site\/wp-json\/wp\/v2\/posts\/37414\/revisions\/37430"}],"wp:featuredmedia":[{"embeddable":true,"href":"https:\/\/radiostudiow.com.br\/site\/wp-json\/wp\/v2\/media\/37415"}],"wp:attachment":[{"href":"https:\/\/radiostudiow.com.br\/site\/wp-json\/wp\/v2\/media?parent=37414"}],"wp:term":[{"taxonomy":"category","embeddable":true,"href":"https:\/\/radiostudiow.com.br\/site\/wp-json\/wp\/v2\/categories?post=37414"},{"taxonomy":"post_tag","embeddable":true,"href":"https:\/\/radiostudiow.com.br\/site\/wp-json\/wp\/v2\/tags?post=37414"}],"curies":[{"name":"wp","href":"https:\/\/api.w.org\/{rel}","templated":true}]}}