{"id":37418,"date":"2025-04-28T11:37:51","date_gmt":"2025-04-28T14:37:51","guid":{"rendered":"https:\/\/radiostudiow.com.br\/site\/?p=37418"},"modified":"2025-04-28T11:37:52","modified_gmt":"2025-04-28T14:37:52","slug":"motociclista-de-guamiranga-morre-apos-acidente-na-prc-522-em-imbituva","status":"publish","type":"post","link":"https:\/\/radiostudiow.com.br\/site\/2025\/04\/28\/motociclista-de-guamiranga-morre-apos-acidente-na-prc-522-em-imbituva\/","title":{"rendered":"Motociclista de Guamiranga Morre Ap\u00f3s Acidente na PRC-522, em Imbituva"},"content":{"rendered":"\n<p>Um motociclista de 38 anos morreu ap\u00f3s sofrer um grave acidente na madrugada deste domingo (27), na PRC-522, na localidade de Palmar, no interior de Imbituva, nos Campos Gerais do Paran\u00e1.<\/p>\n\n\n\n<p>De acordo com informa\u00e7\u00f5es da Pol\u00edcia Militar (PM), o acidente ocorreu por volta das 00h10, quando a motocicleta Yamaha, com placas de Guamiranga, transitava no sentido Imbituva a Iva\u00ed. O condutor perdeu o controle do ve\u00edculo e colidiu contra uma cerca de arame \u00e0s margens da rodovia.<\/p>\n\n\n\n<figure class=\"wp-block-image size-full\"><img loading=\"lazy\" decoding=\"async\" width=\"897\" height=\"204\" src=\"https:\/\/radiostudiow.com.br\/site\/wp-content\/uploads\/2025\/01\/SITE-GRANDE.png\" alt=\"\" class=\"wp-image-32809\" srcset=\"https:\/\/radiostudiow.com.br\/site\/wp-content\/uploads\/2025\/01\/SITE-GRANDE.png 897w, https:\/\/radiostudiow.com.br\/site\/wp-content\/uploads\/2025\/01\/SITE-GRANDE-300x68.png 300w, https:\/\/radiostudiow.com.br\/site\/wp-content\/uploads\/2025\/01\/SITE-GRANDE-768x175.png 768w\" sizes=\"auto, (max-width: 897px) 100vw, 897px\" \/><\/figure>\n\n\n\n<p>O Servi\u00e7o de Atendimento M\u00f3vel de Urg\u00eancia (SAMU) foi acionado e encaminhou o motociclista, com ferimentos graves, ao Pronto Atendimento (PA) de Imbituva. No entanto, por volta das 2h20, a equipe m\u00e9dica informou que, devido \u00e0 gravidade das les\u00f5es, o homem n\u00e3o resistiu e veio a \u00f3bito.<\/p>\n\n\n\n<p>A Pol\u00edcia Militar Rodovi\u00e1ria (PMRv) foi acionada para realizar os procedimentos cab\u00edveis, uma vez que o acidente ocorreu em uma rodovia estadual. Posteriormente, a Pol\u00edcia Civil e a Pol\u00edcia Cient\u00edfica foram chamadas para o recolhimento do corpo.<\/p>\n\n\n\n<p>A m\u00e3e da v\u00edtima esteve no local e realizou o reconhecimento formal. O corpo foi encaminhado ao Instituto M\u00e9dico-Legal (IML) de Ponta Grossa para os exames de praxe. J\u00e1 a motocicleta foi removida ao p\u00e1tio da Pol\u00edcia Rodovi\u00e1ria Estadual de Ponta Grossa, pois n\u00e3o havia respons\u00e1vel presente para retir\u00e1-la.<\/p>\n\n\n\n<p>A v\u00edtima identificada como Edeumar Eleut\u00e9rio dos Santos, de 38 anos, era condutor da motocicleta Yamaha com placa de Guamiranga.<\/p>\n\n\n\n<p>O caso foi registrado em boletim de ocorr\u00eancia e ser\u00e1 investigado pelas autoridades.<\/p>\n\n\n\n<figure class=\"wp-block-image size-full\"><img loading=\"lazy\" decoding=\"async\" width=\"598\" height=\"204\" src=\"https:\/\/radiostudiow.com.br\/site\/wp-content\/uploads\/2025\/01\/SITE-MEDIO3.png\" alt=\"\" class=\"wp-image-32815\" srcset=\"https:\/\/radiostudiow.com.br\/site\/wp-content\/uploads\/2025\/01\/SITE-MEDIO3.png 598w, https:\/\/radiostudiow.com.br\/site\/wp-content\/uploads\/2025\/01\/SITE-MEDIO3-300x102.png 300w\" sizes=\"auto, (max-width: 598px) 100vw, 598px\" \/><\/figure>\n\n\n\n<figure class=\"wp-block-image size-full\"><img loading=\"lazy\" decoding=\"async\" width=\"665\" height=\"551\" src=\"https:\/\/radiostudiow.com.br\/site\/wp-content\/uploads\/2025\/04\/image-89.png\" alt=\"\" class=\"wp-image-37419\" srcset=\"https:\/\/radiostudiow.com.br\/site\/wp-content\/uploads\/2025\/04\/image-89.png 665w, https:\/\/radiostudiow.com.br\/site\/wp-content\/uploads\/2025\/04\/image-89-300x249.png 300w\" sizes=\"auto, (max-width: 665px) 100vw, 665px\" \/><\/figure>\n","protected":false},"excerpt":{"rendered":"<p>Um motociclista de 38 anos morreu ap\u00f3s sofrer um grave acidente na madrugada deste domingo (27), na PRC-522, na localidade de Palmar, no interior de Imbituva, nos Campos Gerais do Paran\u00e1. De acordo com informa\u00e7\u00f5es da Pol\u00edcia Militar (PM), o acidente ocorreu por volta das 00h10, quando a motocicleta Yamaha, com placas de Guamiranga, transitava [&hellip;]<\/p>\n","protected":false},"author":2,"featured_media":37420,"comment_status":"open","ping_status":"open","sticky":false,"template":"","format":"standard","meta":{"footnotes":""},"categories":[185],"tags":[172],"class_list":["post-37418","post","type-post","status-publish","format-standard","has-post-thumbnail","hentry","category-regional","tag-featured"],"amp_enabled":true,"_links":{"self":[{"href":"https:\/\/radiostudiow.com.br\/site\/wp-json\/wp\/v2\/posts\/37418","targetHints":{"allow":["GET"]}}],"collection":[{"href":"https:\/\/radiostudiow.com.br\/site\/wp-json\/wp\/v2\/posts"}],"about":[{"href":"https:\/\/radiostudiow.com.br\/site\/wp-json\/wp\/v2\/types\/post"}],"author":[{"embeddable":true,"href":"https:\/\/radiostudiow.com.br\/site\/wp-json\/wp\/v2\/users\/2"}],"replies":[{"embeddable":true,"href":"https:\/\/radiostudiow.com.br\/site\/wp-json\/wp\/v2\/comments?post=37418"}],"version-history":[{"count":1,"href":"https:\/\/radiostudiow.com.br\/site\/wp-json\/wp\/v2\/posts\/37418\/revisions"}],"predecessor-version":[{"id":37421,"href":"https:\/\/radiostudiow.com.br\/site\/wp-json\/wp\/v2\/posts\/37418\/revisions\/37421"}],"wp:featuredmedia":[{"embeddable":true,"href":"https:\/\/radiostudiow.com.br\/site\/wp-json\/wp\/v2\/media\/37420"}],"wp:attachment":[{"href":"https:\/\/radiostudiow.com.br\/site\/wp-json\/wp\/v2\/media?parent=37418"}],"wp:term":[{"taxonomy":"category","embeddable":true,"href":"https:\/\/radiostudiow.com.br\/site\/wp-json\/wp\/v2\/categories?post=37418"},{"taxonomy":"post_tag","embeddable":true,"href":"https:\/\/radiostudiow.com.br\/site\/wp-json\/wp\/v2\/tags?post=37418"}],"curies":[{"name":"wp","href":"https:\/\/api.w.org\/{rel}","templated":true}]}}