{"id":37431,"date":"2025-04-28T18:40:38","date_gmt":"2025-04-28T21:40:38","guid":{"rendered":"https:\/\/radiostudiow.com.br\/site\/?p=37431"},"modified":"2025-04-28T18:46:45","modified_gmt":"2025-04-28T21:46:45","slug":"ja-tem-data-marcada-para-o-conclave-onde-sera-eleito-o-sucessor-do-papa-francisco","status":"publish","type":"post","link":"https:\/\/radiostudiow.com.br\/site\/2025\/04\/28\/ja-tem-data-marcada-para-o-conclave-onde-sera-eleito-o-sucessor-do-papa-francisco\/","title":{"rendered":"J\u00e1 tem data marcada para o Conclave onde ser\u00e1 eleito o sucessor do papa Francisco"},"content":{"rendered":"\n<p><strong>Cardeais participam de Consit\u00f3rio presidido pelo papa Francisco no Vaticano. 7\/12\/2024 &#8211;\u00a0(Alessandra Benedetti &#8211; Corbis\/Getty Images)<\/strong><\/p>\n\n\n\n<figure class=\"wp-block-image size-full\"><img loading=\"lazy\" decoding=\"async\" width=\"897\" height=\"204\" src=\"https:\/\/radiostudiow.com.br\/site\/wp-content\/uploads\/2025\/01\/SITE-GRANDE3.png\" alt=\"\" class=\"wp-image-32900\" srcset=\"https:\/\/radiostudiow.com.br\/site\/wp-content\/uploads\/2025\/01\/SITE-GRANDE3.png 897w, https:\/\/radiostudiow.com.br\/site\/wp-content\/uploads\/2025\/01\/SITE-GRANDE3-300x68.png 300w, https:\/\/radiostudiow.com.br\/site\/wp-content\/uploads\/2025\/01\/SITE-GRANDE3-768x175.png 768w\" sizes=\"auto, (max-width: 897px) 100vw, 897px\" \/><\/figure>\n\n\n\n<p><\/p>\n\n\n\n<p>O Vaticano anunciou nesta segunda-feira (28) que o conclave para eleger o novo papa come\u00e7ar\u00e1 no dia 7 de maio. A decis\u00e3o foi tomada durante uma reuni\u00e3o a portas fechadas entre os cardeais, a primeira ap\u00f3s o funeral do papa Francisco, realizado no \u00faltimo s\u00e1bado (26).<\/p>\n\n\n\n<p>Francisco faleceu no dia 21 de abril, aos 88 anos, em decorr\u00eancia de um derrame e insufici\u00eancia card\u00edaca. Seu sepultamento ocorreu na Bas\u00edlica de Santa Maria Maggiore, em Roma, conforme seu desejo expresso em testamento. Mais de 200 mil fi\u00e9is, al\u00e9m de chefes de Estado e membros da realeza, participaram das cerim\u00f4nias de despedida. No domingo (27), milhares de fi\u00e9is visitaram o t\u00famulo do pont\u00edfice, marcado pela inscri\u00e7\u00e3o &#8220;Franciscus&#8221; e uma cruz de ferro.<\/p>\n\n\n\n<p><strong>O conclave reunir\u00e1 os 135 cardeais com direito a voto, todos com menos de 80 anos, que se encontrar\u00e3o na Capela Sistina para a escolha do novo l\u00edder da Igreja Cat\u00f3lica. As sess\u00f5es, que podem ter at\u00e9 quatro vota\u00e7\u00f5es di\u00e1rias, seguir\u00e3o em ritmo intenso at\u00e9 que se alcance o consenso de dois ter\u00e7os dos votos. Caso n\u00e3o haja elei\u00e7\u00e3o ap\u00f3s 34 vota\u00e7\u00f5es, os dois cardeais mais votados disputar\u00e3o um segundo turno.<\/strong><\/p>\n\n\n\n<figure class=\"wp-block-image size-full\"><img loading=\"lazy\" decoding=\"async\" width=\"598\" height=\"204\" src=\"https:\/\/radiostudiow.com.br\/site\/wp-content\/uploads\/2024\/10\/labirati.png\" alt=\"\" class=\"wp-image-28854\" srcset=\"https:\/\/radiostudiow.com.br\/site\/wp-content\/uploads\/2024\/10\/labirati.png 598w, https:\/\/radiostudiow.com.br\/site\/wp-content\/uploads\/2024\/10\/labirati-300x102.png 300w\" sizes=\"auto, (max-width: 598px) 100vw, 598px\" \/><\/figure>\n\n\n\n<p><\/p>\n\n\n\n<blockquote class=\"wp-block-quote is-layout-flow wp-block-quote-is-layout-flow\">\n<p>Entre os principais cotados para suceder Francisco est\u00e3o:<\/p>\n<\/blockquote>\n\n\n\n<ul class=\"wp-block-list\">\n<li><strong>Peter Turkson<\/strong> (Gana): arcebispo de Costa do Cabo, conhecido por seu engajamento com causas sociais e clim\u00e1ticas.<\/li>\n\n\n\n<li><strong>Jean-Marc Aveline<\/strong> (Fran\u00e7a): arcebispo de Marselha.<\/li>\n\n\n\n<li><strong>Pietro Parolin<\/strong> (It\u00e1lia): secret\u00e1rio de Estado do Vaticano e considerado pe\u00e7a-chave no atual governo da Igreja.<\/li>\n\n\n\n<li><strong>Matteo Maria Zuppi<\/strong> (It\u00e1lia): arcebispo de Bolonha, reconhecido por seu trabalho pastoral e social.<\/li>\n\n\n\n<li><strong>Pierbattista Pizzaballa<\/strong> (It\u00e1lia): patriarca latino de Jerusal\u00e9m, elogiado por seu esfor\u00e7o no di\u00e1logo inter-religioso.<\/li>\n\n\n\n<li><strong>Luis Antonio Tagle<\/strong> (Filipinas): arcebispo de Manila, visto como uma voz importante da Igreja na \u00c1sia.<\/li>\n\n\n\n<li><strong>P\u00e9ter Erd\u0151<\/strong> (Hungria): arcebispo de Esztergom-Budapeste.<\/li>\n<\/ul>\n\n\n\n<p>A escolha do pr\u00f3ximo papa promete refletir o legado de Francisco, que ficou marcado pela abertura da Igreja \u00e0 diversidade, aten\u00e7\u00e3o aos pobres e defesa dos direitos humanos.<\/p>\n\n\n\n<p><strong>Fonte: Veja.abril.com.br<\/strong><\/p>\n\n\n\n<p><\/p>\n","protected":false},"excerpt":{"rendered":"<p>Cardeais participam de Consit\u00f3rio presidido pelo papa Francisco no Vaticano. 7\/12\/2024 &#8211;\u00a0(Alessandra Benedetti &#8211; Corbis\/Getty Images) O Vaticano anunciou nesta segunda-feira (28) que o conclave para eleger o novo papa come\u00e7ar\u00e1 no dia 7 de maio. A decis\u00e3o foi tomada durante uma reuni\u00e3o a portas fechadas entre os cardeais, a primeira ap\u00f3s o funeral do [&hellip;]<\/p>\n","protected":false},"author":2,"featured_media":37432,"comment_status":"open","ping_status":"open","sticky":false,"template":"","format":"standard","meta":{"footnotes":""},"categories":[7],"tags":[172],"class_list":["post-37431","post","type-post","status-publish","format-standard","has-post-thumbnail","hentry","category-geral","tag-featured"],"amp_enabled":true,"_links":{"self":[{"href":"https:\/\/radiostudiow.com.br\/site\/wp-json\/wp\/v2\/posts\/37431","targetHints":{"allow":["GET"]}}],"collection":[{"href":"https:\/\/radiostudiow.com.br\/site\/wp-json\/wp\/v2\/posts"}],"about":[{"href":"https:\/\/radiostudiow.com.br\/site\/wp-json\/wp\/v2\/types\/post"}],"author":[{"embeddable":true,"href":"https:\/\/radiostudiow.com.br\/site\/wp-json\/wp\/v2\/users\/2"}],"replies":[{"embeddable":true,"href":"https:\/\/radiostudiow.com.br\/site\/wp-json\/wp\/v2\/comments?post=37431"}],"version-history":[{"count":2,"href":"https:\/\/radiostudiow.com.br\/site\/wp-json\/wp\/v2\/posts\/37431\/revisions"}],"predecessor-version":[{"id":37435,"href":"https:\/\/radiostudiow.com.br\/site\/wp-json\/wp\/v2\/posts\/37431\/revisions\/37435"}],"wp:featuredmedia":[{"embeddable":true,"href":"https:\/\/radiostudiow.com.br\/site\/wp-json\/wp\/v2\/media\/37432"}],"wp:attachment":[{"href":"https:\/\/radiostudiow.com.br\/site\/wp-json\/wp\/v2\/media?parent=37431"}],"wp:term":[{"taxonomy":"category","embeddable":true,"href":"https:\/\/radiostudiow.com.br\/site\/wp-json\/wp\/v2\/categories?post=37431"},{"taxonomy":"post_tag","embeddable":true,"href":"https:\/\/radiostudiow.com.br\/site\/wp-json\/wp\/v2\/tags?post=37431"}],"curies":[{"name":"wp","href":"https:\/\/api.w.org\/{rel}","templated":true}]}}