{"id":37436,"date":"2025-04-28T18:51:03","date_gmt":"2025-04-28T21:51:03","guid":{"rendered":"https:\/\/radiostudiow.com.br\/site\/?p=37436"},"modified":"2025-04-28T18:51:03","modified_gmt":"2025-04-28T21:51:03","slug":"prf-apreende-mais-de-150-kg-de-crack-em-caminhao-na-br-277-em-prudentopolis","status":"publish","type":"post","link":"https:\/\/radiostudiow.com.br\/site\/2025\/04\/28\/prf-apreende-mais-de-150-kg-de-crack-em-caminhao-na-br-277-em-prudentopolis\/","title":{"rendered":"PRF apreende mais de 150 kg de crack em caminh\u00e3o na BR-277, em Prudent\u00f3polis"},"content":{"rendered":"\n<p><\/p>\n\n\n\n<figure class=\"wp-block-image size-full\"><img loading=\"lazy\" decoding=\"async\" width=\"897\" height=\"204\" src=\"https:\/\/radiostudiow.com.br\/site\/wp-content\/uploads\/2025\/03\/BARAO-NOVO-NOTICIAS-1.jpg\" alt=\"\" class=\"wp-image-35084\" srcset=\"https:\/\/radiostudiow.com.br\/site\/wp-content\/uploads\/2025\/03\/BARAO-NOVO-NOTICIAS-1.jpg 897w, https:\/\/radiostudiow.com.br\/site\/wp-content\/uploads\/2025\/03\/BARAO-NOVO-NOTICIAS-1-300x68.jpg 300w, https:\/\/radiostudiow.com.br\/site\/wp-content\/uploads\/2025\/03\/BARAO-NOVO-NOTICIAS-1-768x175.jpg 768w\" sizes=\"auto, (max-width: 897px) 100vw, 897px\" \/><\/figure>\n\n\n\n<p><\/p>\n\n\n\n<h2 class=\"wp-block-heading\"><strong>Motorista foi preso em flagrante por tr\u00e1fico de drogas; carga il\u00edcita estava escondida em compartimento oculto do ve\u00edculo.<\/strong><\/h2>\n\n\n\n<p><\/p>\n\n\n\n<p>A Pol\u00edcia Rodovi\u00e1ria Federal (PRF) apreendeu, na noite da \u00faltima sexta-feira (25), cerca de 152 quilos de crack durante uma fiscaliza\u00e7\u00e3o na BR-277, em Prudent\u00f3polis, regi\u00e3o central do Paran\u00e1.<\/p>\n\n\n\n<p>A abordagem ocorreu por volta das 20h, quando os agentes deram ordem de parada a um caminh\u00e3o Mercedes-Benz de cor preta, com placas de S\u00e3o Jos\u00e9 dos Pinhais (PR). Durante a fiscaliza\u00e7\u00e3o, os policiais encontraram 146 tabletes da droga escondidos em um compartimento oculto no ve\u00edculo.<\/p>\n\n\n\n<p>Segundo informa\u00e7\u00f5es da PRF, o motorista, um homem de 46 anos, confessou que havia carregado a droga em Laranjeiras do Sul (PR) e que seu destino final seria Curitiba (PR).<\/p>\n\n\n\n<p><\/p>\n\n\n\n<figure class=\"wp-block-image size-full\"><img loading=\"lazy\" decoding=\"async\" width=\"897\" height=\"204\" src=\"https:\/\/radiostudiow.com.br\/site\/wp-content\/uploads\/2025\/03\/SITE-GRANDE5.png\" alt=\"\" class=\"wp-image-35420\" srcset=\"https:\/\/radiostudiow.com.br\/site\/wp-content\/uploads\/2025\/03\/SITE-GRANDE5.png 897w, https:\/\/radiostudiow.com.br\/site\/wp-content\/uploads\/2025\/03\/SITE-GRANDE5-300x68.png 300w, https:\/\/radiostudiow.com.br\/site\/wp-content\/uploads\/2025\/03\/SITE-GRANDE5-768x175.png 768w\" sizes=\"auto, (max-width: 897px) 100vw, 897px\" \/><\/figure>\n\n\n\n<p><\/p>\n\n\n\n<p>O motorista foi preso em flagrante pelo crime de tr\u00e1fico de drogas. Ele, o caminh\u00e3o e a carga il\u00edcita foram encaminhados \u00e0 Delegacia da Pol\u00edcia Civil de Prudent\u00f3polis para as devidas provid\u00eancias.<\/p>\n\n\n\n<p>A a\u00e7\u00e3o refor\u00e7a o trabalho de fiscaliza\u00e7\u00e3o e combate ao tr\u00e1fico de drogas nas rodovias federais da regi\u00e3o.<\/p>\n","protected":false},"excerpt":{"rendered":"<p>Motorista foi preso em flagrante por tr\u00e1fico de drogas; carga il\u00edcita estava escondida em compartimento oculto do ve\u00edculo. A Pol\u00edcia Rodovi\u00e1ria Federal (PRF) apreendeu, na noite da \u00faltima sexta-feira (25), cerca de 152 quilos de crack durante uma fiscaliza\u00e7\u00e3o na BR-277, em Prudent\u00f3polis, regi\u00e3o central do Paran\u00e1. A abordagem ocorreu por volta das 20h, quando [&hellip;]<\/p>\n","protected":false},"author":2,"featured_media":37437,"comment_status":"open","ping_status":"open","sticky":false,"template":"","format":"standard","meta":{"footnotes":""},"categories":[185],"tags":[172],"class_list":["post-37436","post","type-post","status-publish","format-standard","has-post-thumbnail","hentry","category-regional","tag-featured"],"amp_enabled":true,"_links":{"self":[{"href":"https:\/\/radiostudiow.com.br\/site\/wp-json\/wp\/v2\/posts\/37436","targetHints":{"allow":["GET"]}}],"collection":[{"href":"https:\/\/radiostudiow.com.br\/site\/wp-json\/wp\/v2\/posts"}],"about":[{"href":"https:\/\/radiostudiow.com.br\/site\/wp-json\/wp\/v2\/types\/post"}],"author":[{"embeddable":true,"href":"https:\/\/radiostudiow.com.br\/site\/wp-json\/wp\/v2\/users\/2"}],"replies":[{"embeddable":true,"href":"https:\/\/radiostudiow.com.br\/site\/wp-json\/wp\/v2\/comments?post=37436"}],"version-history":[{"count":1,"href":"https:\/\/radiostudiow.com.br\/site\/wp-json\/wp\/v2\/posts\/37436\/revisions"}],"predecessor-version":[{"id":37438,"href":"https:\/\/radiostudiow.com.br\/site\/wp-json\/wp\/v2\/posts\/37436\/revisions\/37438"}],"wp:featuredmedia":[{"embeddable":true,"href":"https:\/\/radiostudiow.com.br\/site\/wp-json\/wp\/v2\/media\/37437"}],"wp:attachment":[{"href":"https:\/\/radiostudiow.com.br\/site\/wp-json\/wp\/v2\/media?parent=37436"}],"wp:term":[{"taxonomy":"category","embeddable":true,"href":"https:\/\/radiostudiow.com.br\/site\/wp-json\/wp\/v2\/categories?post=37436"},{"taxonomy":"post_tag","embeddable":true,"href":"https:\/\/radiostudiow.com.br\/site\/wp-json\/wp\/v2\/tags?post=37436"}],"curies":[{"name":"wp","href":"https:\/\/api.w.org\/{rel}","templated":true}]}}