{"id":37441,"date":"2025-04-28T19:00:52","date_gmt":"2025-04-28T22:00:52","guid":{"rendered":"https:\/\/radiostudiow.com.br\/site\/?p=37441"},"modified":"2025-04-28T21:24:11","modified_gmt":"2025-04-29T00:24:11","slug":"acidente-entre-duas-saveiros-deixa-um-ferido-na-br-153-em-mallet","status":"publish","type":"post","link":"https:\/\/radiostudiow.com.br\/site\/2025\/04\/28\/acidente-entre-duas-saveiros-deixa-um-ferido-na-br-153-em-mallet\/","title":{"rendered":"Acidente entre duas Saveiros deixa um ferido na BR-153, em Mallet"},"content":{"rendered":"\n<p><\/p>\n\n\n\n<figure class=\"wp-block-image size-full\"><img loading=\"lazy\" decoding=\"async\" width=\"897\" height=\"204\" src=\"https:\/\/radiostudiow.com.br\/site\/wp-content\/uploads\/2025\/02\/SITE-GRANDE7.png\" alt=\"\" class=\"wp-image-33861\" srcset=\"https:\/\/radiostudiow.com.br\/site\/wp-content\/uploads\/2025\/02\/SITE-GRANDE7.png 897w, https:\/\/radiostudiow.com.br\/site\/wp-content\/uploads\/2025\/02\/SITE-GRANDE7-300x68.png 300w, https:\/\/radiostudiow.com.br\/site\/wp-content\/uploads\/2025\/02\/SITE-GRANDE7-768x175.png 768w\" sizes=\"auto, (max-width: 897px) 100vw, 897px\" \/><\/figure>\n\n\n\n<p><\/p>\n\n\n\n<p><strong>Colis\u00e3o traseira ocorreu pr\u00f3ximo \u00e0 entrada da Cooperativa Bom Jesus; v\u00edtima foi encaminhada ao Hospital S\u00e3o Pedro.<\/strong><\/p>\n\n\n\n<p>Na manh\u00e3 desta segunda-feira (28), por volta das 10h15, um acidente envolvendo dois ve\u00edculos Volkswagen Saveiro foi registrado na BR-153, no km 387, nas proximidades da entrada da Cooperativa Bom Jesus, em Mallet.<\/p>\n\n\n\n<p>Segundo testemunhas, ambos os ve\u00edculos seguiam no sentido Rio Azul\u2013Mallet quando um deles colidiu na traseira do outro.<\/p>\n\n\n\n<p> As duas picapes possuem emplacamento Mercosul, sendo uma registrada em Mallet e a outra em Guarapuava.<\/p>\n\n\n\n<figure class=\"wp-block-image size-full\"><img loading=\"lazy\" decoding=\"async\" width=\"897\" height=\"204\" src=\"https:\/\/radiostudiow.com.br\/site\/wp-content\/uploads\/2025\/03\/image-62.png\" alt=\"\" class=\"wp-image-35859\" srcset=\"https:\/\/radiostudiow.com.br\/site\/wp-content\/uploads\/2025\/03\/image-62.png 897w, https:\/\/radiostudiow.com.br\/site\/wp-content\/uploads\/2025\/03\/image-62-300x68.png 300w, https:\/\/radiostudiow.com.br\/site\/wp-content\/uploads\/2025\/03\/image-62-768x175.png 768w\" sizes=\"auto, (max-width: 897px) 100vw, 897px\" \/><\/figure>\n\n\n\n<p><\/p>\n\n\n\n<h2 class=\"wp-block-heading\">Os Brigadistas Comunit\u00e1rios de Mallet foram acionados para prestar atendimento no local. Apenas uma pessoa ficou ferida: um homem de 55 anos, condutor de um dos ve\u00edculos, que foi encaminhado pela ambul\u00e2ncia de plant\u00e3o ao Hospital S\u00e3o Pedro de Mallet para avalia\u00e7\u00e3o m\u00e9dica.<\/h2>\n\n\n\n<p>As circunst\u00e2ncias exatas do acidente ser\u00e3o apuradas pelas autoridades competentes.<\/p>\n\n\n\n<p><\/p>\n\n\n\n<figure class=\"wp-block-image size-full\"><img loading=\"lazy\" decoding=\"async\" width=\"897\" height=\"204\" src=\"https:\/\/radiostudiow.com.br\/site\/wp-content\/uploads\/2025\/03\/SITE-GRANDE5.png\" alt=\"\" class=\"wp-image-35420\" srcset=\"https:\/\/radiostudiow.com.br\/site\/wp-content\/uploads\/2025\/03\/SITE-GRANDE5.png 897w, https:\/\/radiostudiow.com.br\/site\/wp-content\/uploads\/2025\/03\/SITE-GRANDE5-300x68.png 300w, https:\/\/radiostudiow.com.br\/site\/wp-content\/uploads\/2025\/03\/SITE-GRANDE5-768x175.png 768w\" sizes=\"auto, (max-width: 897px) 100vw, 897px\" \/><\/figure>\n\n\n\n<p><\/p>\n\n\n\n<figure class=\"wp-block-image size-full\"><img loading=\"lazy\" decoding=\"async\" width=\"897\" height=\"204\" src=\"https:\/\/radiostudiow.com.br\/site\/wp-content\/uploads\/2025\/03\/BARAO-NOVO-NOTICIAS-1.jpg\" alt=\"\" class=\"wp-image-35084\" srcset=\"https:\/\/radiostudiow.com.br\/site\/wp-content\/uploads\/2025\/03\/BARAO-NOVO-NOTICIAS-1.jpg 897w, https:\/\/radiostudiow.com.br\/site\/wp-content\/uploads\/2025\/03\/BARAO-NOVO-NOTICIAS-1-300x68.jpg 300w, https:\/\/radiostudiow.com.br\/site\/wp-content\/uploads\/2025\/03\/BARAO-NOVO-NOTICIAS-1-768x175.jpg 768w\" sizes=\"auto, (max-width: 897px) 100vw, 897px\" \/><\/figure>\n","protected":false},"excerpt":{"rendered":"<p>Colis\u00e3o traseira ocorreu pr\u00f3ximo \u00e0 entrada da Cooperativa Bom Jesus; v\u00edtima foi encaminhada ao Hospital S\u00e3o Pedro. Na manh\u00e3 desta segunda-feira (28), por volta das 10h15, um acidente envolvendo dois ve\u00edculos Volkswagen Saveiro foi registrado na BR-153, no km 387, nas proximidades da entrada da Cooperativa Bom Jesus, em Mallet. Segundo testemunhas, ambos os ve\u00edculos [&hellip;]<\/p>\n","protected":false},"author":2,"featured_media":37442,"comment_status":"open","ping_status":"open","sticky":false,"template":"","format":"standard","meta":{"footnotes":""},"categories":[184],"tags":[172],"class_list":["post-37441","post","type-post","status-publish","format-standard","has-post-thumbnail","hentry","category-local","tag-featured"],"amp_enabled":true,"_links":{"self":[{"href":"https:\/\/radiostudiow.com.br\/site\/wp-json\/wp\/v2\/posts\/37441","targetHints":{"allow":["GET"]}}],"collection":[{"href":"https:\/\/radiostudiow.com.br\/site\/wp-json\/wp\/v2\/posts"}],"about":[{"href":"https:\/\/radiostudiow.com.br\/site\/wp-json\/wp\/v2\/types\/post"}],"author":[{"embeddable":true,"href":"https:\/\/radiostudiow.com.br\/site\/wp-json\/wp\/v2\/users\/2"}],"replies":[{"embeddable":true,"href":"https:\/\/radiostudiow.com.br\/site\/wp-json\/wp\/v2\/comments?post=37441"}],"version-history":[{"count":1,"href":"https:\/\/radiostudiow.com.br\/site\/wp-json\/wp\/v2\/posts\/37441\/revisions"}],"predecessor-version":[{"id":37443,"href":"https:\/\/radiostudiow.com.br\/site\/wp-json\/wp\/v2\/posts\/37441\/revisions\/37443"}],"wp:featuredmedia":[{"embeddable":true,"href":"https:\/\/radiostudiow.com.br\/site\/wp-json\/wp\/v2\/media\/37442"}],"wp:attachment":[{"href":"https:\/\/radiostudiow.com.br\/site\/wp-json\/wp\/v2\/media?parent=37441"}],"wp:term":[{"taxonomy":"category","embeddable":true,"href":"https:\/\/radiostudiow.com.br\/site\/wp-json\/wp\/v2\/categories?post=37441"},{"taxonomy":"post_tag","embeddable":true,"href":"https:\/\/radiostudiow.com.br\/site\/wp-json\/wp\/v2\/tags?post=37441"}],"curies":[{"name":"wp","href":"https:\/\/api.w.org\/{rel}","templated":true}]}}