{"id":37445,"date":"2025-04-28T19:25:28","date_gmt":"2025-04-28T22:25:28","guid":{"rendered":"https:\/\/radiostudiow.com.br\/site\/?p=37445"},"modified":"2025-04-28T19:28:50","modified_gmt":"2025-04-28T22:28:50","slug":"mallet-recebe-a-2a-edicao-da-corrida-pela-vida-com-mais-de-300-atletas-de-tres-estados","status":"publish","type":"post","link":"https:\/\/radiostudiow.com.br\/site\/2025\/04\/28\/mallet-recebe-a-2a-edicao-da-corrida-pela-vida-com-mais-de-300-atletas-de-tres-estados\/","title":{"rendered":"Mallet recebe a 2\u00aa Edi\u00e7\u00e3o da Corrida pela Vida com mais de 300 atletas de tr\u00eas estados"},"content":{"rendered":"\n<p><\/p>\n\n\n\n<figure class=\"wp-block-image size-full\"><img loading=\"lazy\" decoding=\"async\" width=\"897\" height=\"204\" src=\"https:\/\/radiostudiow.com.br\/site\/wp-content\/uploads\/2025\/02\/SITE-GRANDE7.png\" alt=\"\" class=\"wp-image-33861\" srcset=\"https:\/\/radiostudiow.com.br\/site\/wp-content\/uploads\/2025\/02\/SITE-GRANDE7.png 897w, https:\/\/radiostudiow.com.br\/site\/wp-content\/uploads\/2025\/02\/SITE-GRANDE7-300x68.png 300w, https:\/\/radiostudiow.com.br\/site\/wp-content\/uploads\/2025\/02\/SITE-GRANDE7-768x175.png 768w\" sizes=\"auto, (max-width: 897px) 100vw, 897px\" \/><\/figure>\n\n\n\n<p><\/p>\n\n\n\n<p><strong>Evento reuniu competidores de todas as idades e premiou os vencedores com trof\u00e9us, medalhas e pr\u00eamios em dinheiro.<\/strong><\/p>\n\n\n\n<p>A cidade de Mallet foi palco, neste domingo (27), da 2\u00aa Edi\u00e7\u00e3o da <em>Corrida pela Vida<\/em>, evento que mobilizou corredores de Mallet e atraiu competidores de diversas cidades do Paran\u00e1, Santa Catarina e at\u00e9 de S\u00e3o Paulo. <\/p>\n\n\n\n<p>A competi\u00e7\u00e3o, que j\u00e1 se consolida como um dos principais eventos de corrida da regi\u00e3o, foi promovida pelas empresas <strong>Plano Assistencial Pax Center, Magna Clin e Power House<\/strong>, com o apoio da Prefeitura Municipal e de diversos patrocinadores.<\/p>\n\n\n\n<p>Ao todo, 327 atletas participaram da corrida, que tomou as ruas da cidade em uma manh\u00e3 de muita emo\u00e7\u00e3o e supera\u00e7\u00e3o. As provas foram divididas em diversas categorias, abrangendo desde crian\u00e7as de 5 anos at\u00e9 veteranos acima de 65 anos.<\/p>\n\n\n\n<h2 class=\"wp-block-heading\">Lucas Becker, representante do Plano Assistencial Pax Center, destacou a import\u00e2ncia da iniciativa para a cidade. &#8220;Estou muito feliz por tudo ter ocorrido da melhor forma poss\u00edvel. O que come\u00e7ou como uma ideia para promover a sa\u00fade se transformou em um dos maiores eventos de corrida da nossa regi\u00e3o&#8221;, afirmou Becker em entrevista \u00e0 Studio W.<\/h2>\n\n\n\n<figure class=\"wp-block-image size-large\"><img loading=\"lazy\" decoding=\"async\" width=\"768\" height=\"1024\" src=\"https:\/\/radiostudiow.com.br\/site\/wp-content\/uploads\/2025\/04\/61f4871b-ec07-417e-9648-adabc5500072-768x1024.jpg\" alt=\"\" class=\"wp-image-37447\" srcset=\"https:\/\/radiostudiow.com.br\/site\/wp-content\/uploads\/2025\/04\/61f4871b-ec07-417e-9648-adabc5500072-768x1024.jpg 768w, https:\/\/radiostudiow.com.br\/site\/wp-content\/uploads\/2025\/04\/61f4871b-ec07-417e-9648-adabc5500072-225x300.jpg 225w, https:\/\/radiostudiow.com.br\/site\/wp-content\/uploads\/2025\/04\/61f4871b-ec07-417e-9648-adabc5500072-1152x1536.jpg 1152w, https:\/\/radiostudiow.com.br\/site\/wp-content\/uploads\/2025\/04\/61f4871b-ec07-417e-9648-adabc5500072.jpg 1200w\" sizes=\"auto, (max-width: 768px) 100vw, 768px\" \/><\/figure>\n\n\n\n<p><\/p>\n\n\n\n<figure class=\"wp-block-image size-full\"><img loading=\"lazy\" decoding=\"async\" width=\"897\" height=\"204\" src=\"https:\/\/radiostudiow.com.br\/site\/wp-content\/uploads\/2025\/03\/image-62.png\" alt=\"\" class=\"wp-image-35859\" srcset=\"https:\/\/radiostudiow.com.br\/site\/wp-content\/uploads\/2025\/03\/image-62.png 897w, https:\/\/radiostudiow.com.br\/site\/wp-content\/uploads\/2025\/03\/image-62-300x68.png 300w, https:\/\/radiostudiow.com.br\/site\/wp-content\/uploads\/2025\/03\/image-62-768x175.png 768w\" sizes=\"auto, (max-width: 897px) 100vw, 897px\" \/><\/figure>\n\n\n\n<p>Al\u00e9m das medalhas e trof\u00e9us entregues aos cinco primeiros colocados de cada categoria, houve premia\u00e7\u00e3o em dinheiro para os atletas que se destacaram no geral, tanto no masculino quanto no feminino. Os valores variaram entre R$ 100,00 e R$ 500,00.<\/p>\n\n\n\n<h3 class=\"wp-block-heading\">Resultados Gerais<\/h3>\n\n\n\n<p><strong>Categoria Geral Feminino:<\/strong><\/p>\n\n\n\n<ol class=\"wp-block-list\">\n<li>1\u00ba Patr\u00edcia Aparecida de Lima \u2013 00:27:51<\/li>\n\n\n\n<li>2\u00ba Taciane Rodrigues \u2013 00:28:48<\/li>\n\n\n\n<li>3\u00ba Ivone Sabai Roiek \u2013 00:29:40<\/li>\n\n\n\n<li>4\u00baRoseli T. Owsiany S\u00e1 \u2013 00:31:19<\/li>\n\n\n\n<li>5\u00baLuana Vanessa Rauvendal Dalgallo \u2013 00:31:20<\/li>\n<\/ol>\n\n\n\n<p><strong>Categoria Geral Masculino:<\/strong><\/p>\n\n\n\n<ol class=\"wp-block-list\">\n<li>1\u00ba Vitor de Oliveira da Silva \u2013 00:22:22<\/li>\n\n\n\n<li>2\u00ba Laertes Lodi \u2013 00:23:10<\/li>\n\n\n\n<li>3\u00ba Tiago Rodrigo de Lima \u2013 00:23:14<\/li>\n\n\n\n<li>4\u00ba Alessandro de Macedo \u2013 00:24:17<\/li>\n\n\n\n<li>5\u00ba Ronaldo Rymsza \u2013 00:24:29<\/li>\n<\/ol>\n\n\n\n<p><\/p>\n\n\n\n<figure class=\"wp-block-image size-large\"><img loading=\"lazy\" decoding=\"async\" width=\"768\" height=\"1024\" src=\"https:\/\/radiostudiow.com.br\/site\/wp-content\/uploads\/2025\/04\/782cc017-a224-4d13-9289-8199ec0a2034-768x1024.jpg\" alt=\"\" class=\"wp-image-37448\" srcset=\"https:\/\/radiostudiow.com.br\/site\/wp-content\/uploads\/2025\/04\/782cc017-a224-4d13-9289-8199ec0a2034-768x1024.jpg 768w, https:\/\/radiostudiow.com.br\/site\/wp-content\/uploads\/2025\/04\/782cc017-a224-4d13-9289-8199ec0a2034-225x300.jpg 225w, https:\/\/radiostudiow.com.br\/site\/wp-content\/uploads\/2025\/04\/782cc017-a224-4d13-9289-8199ec0a2034-1152x1536.jpg 1152w, https:\/\/radiostudiow.com.br\/site\/wp-content\/uploads\/2025\/04\/782cc017-a224-4d13-9289-8199ec0a2034.jpg 1200w\" sizes=\"auto, (max-width: 768px) 100vw, 768px\" \/><\/figure>\n\n\n\n<h3 class=\"wp-block-heading\">Destaques por Categorias<\/h3>\n\n\n\n<p>A prova teve grande diversidade de competidores em diferentes faixas et\u00e1rias. No feminino, Emily Gabriele da Silva Santos venceu entre as atletas de 16 a 19 anos, enquanto no masculino, Nicolas Ricardo Domanoski Chagas levou a melhor na mesma faixa. <strong>J\u00e1 entre os veteranos, destaque para Abrah\u00e3o Jos\u00e9 Szczypkoski, campe\u00e3o masculino acima dos 65 anos, e Elisabete Bruckmann Paz, campe\u00e3 feminina de 60 a 64 anos.<\/strong><\/p>\n\n\n\n<h2 class=\"wp-block-heading\"><strong>As crian\u00e7as tamb\u00e9m deram um show de energia nas provas Kids, realizadas em dist\u00e2ncias reduzidas. Bernardo Francisco de Paula e Elo\u00e1 Florencio de Miranda foram alguns dos vencedores nas categorias de 5 a 6 anos.<\/strong><\/h2>\n\n\n\n<p><\/p>\n\n\n\n<figure class=\"wp-block-image size-full\"><img loading=\"lazy\" decoding=\"async\" width=\"897\" height=\"204\" src=\"https:\/\/radiostudiow.com.br\/site\/wp-content\/uploads\/2025\/03\/SITE-GRANDE5.png\" alt=\"\" class=\"wp-image-35420\" srcset=\"https:\/\/radiostudiow.com.br\/site\/wp-content\/uploads\/2025\/03\/SITE-GRANDE5.png 897w, https:\/\/radiostudiow.com.br\/site\/wp-content\/uploads\/2025\/03\/SITE-GRANDE5-300x68.png 300w, https:\/\/radiostudiow.com.br\/site\/wp-content\/uploads\/2025\/03\/SITE-GRANDE5-768x175.png 768w\" sizes=\"auto, (max-width: 897px) 100vw, 897px\" \/><\/figure>\n\n\n\n<p><\/p>\n\n\n\n<p><\/p>\n\n\n\n<h3 class=\"wp-block-heading\">Premia\u00e7\u00e3o<\/h3>\n\n\n\n<p><\/p>\n\n\n\n<p><strong>Os cinco primeiros colocados no geral receberam os seguintes pr\u00eamios em dinheiro:<\/strong><\/p>\n\n\n\n<ul class=\"wp-block-list\">\n<li>1\u00ba lugar: R$ 500,00<\/li>\n\n\n\n<li>2\u00ba lugar: R$ 300,00<\/li>\n\n\n\n<li>3\u00ba lugar: R$ 200,00<\/li>\n\n\n\n<li>4\u00ba lugar: R$ 100,00<\/li>\n\n\n\n<li>5\u00ba lugar: R$ 100,00<\/li>\n<\/ul>\n\n\n\n<p>Para as crian\u00e7as, todos os participantes receberam medalhas comemorativas, incentivando desde cedo o gosto pelo esporte.<\/p>\n\n\n\n<p><\/p>\n\n\n\n<figure class=\"wp-block-image size-large\"><img loading=\"lazy\" decoding=\"async\" width=\"569\" height=\"1024\" src=\"https:\/\/radiostudiow.com.br\/site\/wp-content\/uploads\/2025\/04\/2dd89a5e-7d69-426f-86ed-d5bcbf5572f3-569x1024.jpg\" alt=\"\" class=\"wp-image-37449\" srcset=\"https:\/\/radiostudiow.com.br\/site\/wp-content\/uploads\/2025\/04\/2dd89a5e-7d69-426f-86ed-d5bcbf5572f3-569x1024.jpg 569w, https:\/\/radiostudiow.com.br\/site\/wp-content\/uploads\/2025\/04\/2dd89a5e-7d69-426f-86ed-d5bcbf5572f3-167x300.jpg 167w, https:\/\/radiostudiow.com.br\/site\/wp-content\/uploads\/2025\/04\/2dd89a5e-7d69-426f-86ed-d5bcbf5572f3.jpg 710w\" sizes=\"auto, (max-width: 569px) 100vw, 569px\" \/><\/figure>\n\n\n\n<hr class=\"wp-block-separator has-alpha-channel-opacity\"\/>\n\n\n\n<blockquote class=\"wp-block-quote is-layout-flow wp-block-quote-is-layout-flow\">\n<p><strong>Confira abaixo a classifica\u00e7\u00e3o completa por categoria.<\/strong><\/p>\n<\/blockquote>\n\n\n\n<figure class=\"wp-block-image size-full\"><img loading=\"lazy\" decoding=\"async\" width=\"897\" height=\"204\" src=\"https:\/\/radiostudiow.com.br\/site\/wp-content\/uploads\/2025\/03\/BARAO-NOVO-NOTICIAS-1.jpg\" alt=\"\" class=\"wp-image-35084\" srcset=\"https:\/\/radiostudiow.com.br\/site\/wp-content\/uploads\/2025\/03\/BARAO-NOVO-NOTICIAS-1.jpg 897w, https:\/\/radiostudiow.com.br\/site\/wp-content\/uploads\/2025\/03\/BARAO-NOVO-NOTICIAS-1-300x68.jpg 300w, https:\/\/radiostudiow.com.br\/site\/wp-content\/uploads\/2025\/03\/BARAO-NOVO-NOTICIAS-1-768x175.jpg 768w\" sizes=\"auto, (max-width: 897px) 100vw, 897px\" \/><\/figure>\n\n\n\n<p><\/p>\n\n\n\n<p><strong>Feminino de 16 at\u00e9 19 anos<\/strong><\/p>\n\n\n\n<p>1 &#8211; EMILY GABRIELE DA SILVA SANTOS \u2013 TEMPO: 00:35:26<\/p>\n\n\n\n<p>2 &#8211; VANESSA WERZEL \u2013 TEMPO: 00:38:26<\/p>\n\n\n\n<p>3 &#8211; LIVIA ROGULSKI \u2013 TEMPO: 00:47:50<\/p>\n\n\n\n<p>4 &#8211; CYNARA PERON DA SILVA \u2013 TEMPO: 00:47:57<\/p>\n\n\n\n<p>5 &#8211; YASMIM SOCOLOSKI ALMEIDA CAMPOS \u2013 TEMPO: 00:50:45<\/p>\n\n\n\n<p><strong>Feminino de 20 at\u00e9 24 anos<\/strong><\/p>\n\n\n\n<p>1 &#8211; RAFAELLY APARECIDA DUMA \u2013 TEMPO: 00:35:40<\/p>\n\n\n\n<p>2 &#8211; BARBARA CRISTINA GAVASSO \u2013 TEMPO: 00:36:41<\/p>\n\n\n\n<p>3 &#8211; RAYANE RITIELY SOLIZ VIDAL \u2013 TEMPO: 00:36:42<\/p>\n\n\n\n<p>4 &#8211; MICHELE GONCALVES HOSSEL \u2013 TEMPO: 00:37:15<\/p>\n\n\n\n<p>5 &#8211; LUANA PERUCELI \u2013 TEMPO: 00:37:15<\/p>\n\n\n\n<p><strong>Feminino de 25 at\u00e9 29 anos<\/strong><\/p>\n\n\n\n<p>1 &#8211; LUCIANA WACHOVICZ \u2013 TEMPO: 00:31:58<\/p>\n\n\n\n<p>2 &#8211; ANGELA ROMANIW \u2013 TEMPO: 00:34:19<\/p>\n\n\n\n<p>3 &#8211; SABRINA TAINARA DA CRUZ FONSECA \u2013 TEMPO: 00:36:39<\/p>\n\n\n\n<p>4 &#8211; JANAINA RIBEIRO \u2013 TEMPO: 00:39:14<\/p>\n\n\n\n<p>5 &#8211; INGRID VITORIA JOHANN SZMIL \u2013 TEMPO: 00:39:16<\/p>\n\n\n\n<p><strong>Feminino de 25 at\u00e9 29 anos<\/strong><\/p>\n\n\n\n<p>1 &#8211; FRANCIELLI VIDAL \u2013 TEMPO: 00:47:33<\/p>\n\n\n\n<p>2 &#8211; DORA LEANDRA WOLANIUK \u2013 TEMPO: 00:54:23<\/p>\n\n\n\n<p>3 &#8211; DEBORA FRANCISCA GONCALVES \u2013 TEMPO: 01:02:15<\/p>\n\n\n\n<p><strong>Feminino de 30 at\u00e9 34 anos<\/strong><\/p>\n\n\n\n<p>1 &#8211; DANIELE DOS SANTOS \u2013 TEMPO: 00:33:46<\/p>\n\n\n\n<p>2 &#8211; ANGELICA LAIS WODONOS \u2013 TEMPO: 00:36:13<\/p>\n\n\n\n<p>3 &#8211; ELENICE LEITE MACHADO \u2013 TEMPO: 00:36:59<\/p>\n\n\n\n<p>4 &#8211; DANILE MIARA \u2013 TEMPO: 00:37:39<\/p>\n\n\n\n<p>5 &#8211; VIVIANE FARIA \u2013 TEMPO: 00:38:31<\/p>\n\n\n\n<p><strong>Feminino de 35 at\u00e9 39 anos<\/strong><\/p>\n\n\n\n<p>1 &#8211; TATIANY SCHILIGA \u2013 TEMPO: 00:31:45<\/p>\n\n\n\n<p>2 &#8211; JOSIANE MARCIA MACHINISKI \u2013 TEMPO: 00:34:15<\/p>\n\n\n\n<p>3 &#8211; JOSLAINE BREDUM \u2013 TEMPO: 00:35:45<\/p>\n\n\n\n<p>4 &#8211; GISLAINE MARTINS WECELOVICZ \u2013 TEMPO: 00:35:54<\/p>\n\n\n\n<p>5 &#8211; IDIONI APARECIDA PADILHA REBELLO \u2013 TEMPO: 00:35:58<\/p>\n\n\n\n<p><strong>Feminino de 35 at\u00e9 39 anos<\/strong><\/p>\n\n\n\n<p>1 &#8211; ILMA PADILHA DA LUZ \u2013 TEMPO: 00:46:30<\/p>\n\n\n\n<p>2 &#8211; MARIZETE TEREZINHA LEAL \u2013 TEMPO: 00:49:06<\/p>\n\n\n\n<p>3 &#8211; ROZIANE BELINSKI \u2013 TEMPO:&nbsp; 00:50:46<\/p>\n\n\n\n<p><strong>Feminino de 40 at\u00e9 44 anos<\/strong><\/p>\n\n\n\n<p>1 &#8211; ACASSIA APARECIDA NEPOMUCENO TERRES \u2013 TEMPO: 00:31:31<\/p>\n\n\n\n<p>2 &#8211; LUCIANE SCHWARZ \u2013 TEMPO: 00:32:35<\/p>\n\n\n\n<p>3 &#8211; SOLANGE PATCHEK \u2013 TEMPO: 00:35:17<\/p>\n\n\n\n<p>4 &#8211; RITA STEMPINHAKI \u2013 TEMPO: 00:40:33<\/p>\n\n\n\n<p>5 &#8211; NEUZA MARIA IVANISKI \u2013 TEMPO: 00:46:33<\/p>\n\n\n\n<p><strong>Feminino de 45 at\u00e9 49 anos<\/strong><\/p>\n\n\n\n<p>1 &#8211; ALESANDRA DE SOUZA \u2013 TEMPO: 00:34:59<\/p>\n\n\n\n<p>2 &#8211; JOSIANE ROSA \u2013 TEMPO: 00:36:39<\/p>\n\n\n\n<p>3 &#8211; ZELIA ZIEPIELA SOUZA \u2013 TEMPO: 00:37:30<\/p>\n\n\n\n<p>4 &#8211; ELIZA DE FATIMA SEROISKA \u2013 TEMPO: 00:40:46<\/p>\n\n\n\n<p>5 &#8211; ANA MARIA SPORNY PEREIRA \u2013 TEMPO: 00:41:14<\/p>\n\n\n\n<p><strong>Feminino de 50 at\u00e9 54 anos<\/strong><\/p>\n\n\n\n<p>1 &#8211; ADRIANA LIMA CABRAL \u2013 TEMPO: 00:34:22<\/p>\n\n\n\n<p>2 &#8211; JOCIMARA ULBRICH BUENO \u2013 TEMPO: 00:37:45<\/p>\n\n\n\n<p>3 &#8211; CLOTILDE HERMAN \u2013 TEMPO: 00:39:17<\/p>\n\n\n\n<p>4 &#8211; JOSELIA MARIA DE BARROS \u2013 TEMPO: 00:40:20<\/p>\n\n\n\n<p>5 &#8211; LENIR APARECIDA FAGUNDES WALTER \u2013 TEMPO: 00:41:13<\/p>\n\n\n\n<p><strong>Feminino de 55 at\u00e9 59 anos<\/strong><\/p>\n\n\n\n<p>1 &#8211; DEUSI LEAL SOARES \u2013 TEMPO: &nbsp;00:58:36<\/p>\n\n\n\n<p><strong>Feminino de 60 at\u00e9 64 anos<\/strong><\/p>\n\n\n\n<p>1 &#8211; ELISABETE BRUCKMANN PAZ \u2013 TEMPO: &nbsp;00:42:29<\/p>\n\n\n\n<p>2 &#8211; GILCE A CORDOVA DO AMARAL \u2013 TEMPO: &nbsp;00:48:33<\/p>\n\n\n\n<p><\/p>\n\n\n\n<figure class=\"wp-block-image size-full\"><img loading=\"lazy\" decoding=\"async\" width=\"897\" height=\"204\" src=\"https:\/\/radiostudiow.com.br\/site\/wp-content\/uploads\/2024\/01\/SITE-GRANDE3.png\" alt=\"zaions\" class=\"wp-image-18936\" srcset=\"https:\/\/radiostudiow.com.br\/site\/wp-content\/uploads\/2024\/01\/SITE-GRANDE3.png 897w, https:\/\/radiostudiow.com.br\/site\/wp-content\/uploads\/2024\/01\/SITE-GRANDE3-300x68.png 300w, https:\/\/radiostudiow.com.br\/site\/wp-content\/uploads\/2024\/01\/SITE-GRANDE3-768x175.png 768w\" sizes=\"auto, (max-width: 897px) 100vw, 897px\" \/><\/figure>\n\n\n\n<p><\/p>\n\n\n\n<p><strong>Masculino de 16 at\u00e9 19 anos<\/strong><\/p>\n\n\n\n<p>1 &#8211; NICOLAS RICARDO DOMANOSKI CHAGAS \u2013 TEMPO: &nbsp;00:25:12<\/p>\n\n\n\n<p>2 &#8211; LYNCON RAFAEL DO VALE KNOPIK \u2013 TEMPO: &nbsp;00:28:29<\/p>\n\n\n\n<p>3 &#8211; ALEXANDRE SOARES DE SOUZA \u2013 TEMPO: &nbsp;00:30:37<\/p>\n\n\n\n<p>4 &#8211; GUILHERME MAKOSKI MACHADO \u2013 TEMPO: &nbsp;00:31:39<\/p>\n\n\n\n<p>5 &#8211; JHONE MAILON GIELINSKI \u2013 TEMPO: &nbsp;00:33:19<\/p>\n\n\n\n<p><strong>Masculino de 20 at\u00e9 24 anos<\/strong><\/p>\n\n\n\n<p>1 &#8211; PEDRO HENRIQUE FURLAN \u2013 TEMPO: &nbsp;00:27:21<\/p>\n\n\n\n<p>2 &#8211; ANDREY FELIPE DOS SANTOS \u2013 TEMPO: 00:29:26<\/p>\n\n\n\n<p>3 &#8211; FELIPE GODOFREDO SOKULSKI \u2013 TEMPO: &nbsp;00:29:34<\/p>\n\n\n\n<p>4 &#8211; YURI ADRIANO HORBACZ \u2013 TEMPO: &nbsp;00:30:42<\/p>\n\n\n\n<p>5 &#8211; BRUNO HENRIQUE BURNATO \u2013 TEMPO: &nbsp;00:31:07<\/p>\n\n\n\n<p><strong>Masculino de 25 at\u00e9 29 anos<\/strong><\/p>\n\n\n\n<p>1 &#8211; VALDOMIRO ALTAIR MALLMANN \u2013 TEMPO: &nbsp;00:25:22<\/p>\n\n\n\n<p>2 &#8211; BRUNO LUCAS BASTOS SCHIMKA \u2013 TEMPO: &nbsp;00:26:26<\/p>\n\n\n\n<p>3 &#8211; MARCELO DE RAMOS \u2013 TEMPO: &nbsp;00:27:36<\/p>\n\n\n\n<p>4 &#8211; BRUNO HENRIQUE GARDIM CHASKO \u2013 TEMPO: &nbsp;&nbsp;00:28:01<\/p>\n\n\n\n<p>5 &#8211; FELIPE DALGALLO \u2013 TEMPO: &nbsp;00:28:03<\/p>\n\n\n\n<p><strong>Masculino de 30 at\u00e9 34 anos<\/strong><\/p>\n\n\n\n<p>1 &#8211; DOUGLAS RODRIGUES PIRES \u2013 TEMPO: &nbsp;00:26:07<\/p>\n\n\n\n<p>2 &#8211; GILMAR DE MATHIAS \u2013 TEMPO: 00:27:08<\/p>\n\n\n\n<p>3 &#8211; DOUGLAS WILLIAN DA SILVA CRUZ PADILHA \u2013 TEMPO: 00:27:19<\/p>\n\n\n\n<p>4 &#8211; SILVIO LINALDO KARPINSKI \u2013 TEMPO: 00:28:25<\/p>\n\n\n\n<p>5 &#8211; VINICIUS JUCHOK \u2013 TEMPO: 00:28:38<\/p>\n\n\n\n<p><strong>Masculino de 30 at\u00e9 34 anos<\/strong><\/p>\n\n\n\n<p>20 &#8211; EZEQUIEL JACINTO DOS SANTOS \u2013 TEMPO: 00:46:19<br><br><\/p>\n\n\n\n<p><strong>Masculino de 35 at\u00e9 39 anos<\/strong><\/p>\n\n\n\n<p>1 &#8211; EDIVALDO WECELOVICZ \u2013 TEMPO: 00:26:20<\/p>\n\n\n\n<p>2 &#8211; ADILSON SOARES \u2013 TEMPO: 00:26:57<\/p>\n\n\n\n<p>3 &#8211; ODAIR KOTRICH TERRES \u2013 TEMPO: 00:28:12<\/p>\n\n\n\n<p>4 &#8211; ERLON CELSO MACHADO \u2013 TEMPO: 00:29:19<\/p>\n\n\n\n<p>5 &#8211; LUCAS JEAN CARDOSO \u2013 TEMPO: 00:29:58<\/p>\n\n\n\n<p><strong>Masculino de 40 at\u00e9 44 anos<\/strong><\/p>\n\n\n\n<p>1 &#8211; RENATO MARQUES \u2013 TEMPO: 00:27:50<\/p>\n\n\n\n<p>2 &#8211; ANDERSON BORGES \u2013 TEMPO: 00:28:43<\/p>\n\n\n\n<p>3 &#8211; HELISON FERNANDO OLIVEIRA \u2013 TEMPO: 00:29:04<\/p>\n\n\n\n<p>4 &#8211; DAVI DE CASTRO DOS SANTO S\u2013 TEMPO: 00:30:50<\/p>\n\n\n\n<p>5 &#8211; CLEBERSON JOSE MARKOVICZ \u2013 TEMPO: 00:30:54<\/p>\n\n\n\n<p><strong>Masculino de 45 at\u00e9 49 anos<\/strong><\/p>\n\n\n\n<p>1 &#8211; JOAILSON JOAQUIM CHAVES \u2013 TEMPO: 00:28:20<\/p>\n\n\n\n<p>2 &#8211; ROBERTO LUIZ CHASKO \u2013 TEMPO: 00:29:18<\/p>\n\n\n\n<p>3 &#8211; JOEL ASSIS DE QUADROS \u2013 TEMPO: 00:29:23<\/p>\n\n\n\n<p>4 &#8211; JOAO MARIA GUIMARAS DA SILVA \u2013 TEMPO: 00:30:13<\/p>\n\n\n\n<p>5 &#8211; ADAO JOSE AMORIM \u2013 TEMPO: 00:30:31<\/p>\n\n\n\n<p><strong>Masculino de 50 at\u00e9 54 anos<\/strong><\/p>\n\n\n\n<p>1 &#8211; MARIO PIETRALLA \u2013 TEMPO: 00:28:53<\/p>\n\n\n\n<p>2 &#8211; LUIZ ANTONIO SA \u2013 TEMPO: 00:30:45<\/p>\n\n\n\n<p>3 &#8211; ODAIR TEIXEIRA \u2013 TEMPO: 00:33:08<\/p>\n\n\n\n<p>4 &#8211; VALTEMIR HONORIO DOS SANTOS \u2013 TEMPO: 00:33:27<\/p>\n\n\n\n<p>5 &#8211; VALDEMAR BURAK \u2013 TEMPO: 00:34:02<\/p>\n\n\n\n<p><strong>Masculino de 55 at\u00e9 59 anos<\/strong><\/p>\n\n\n\n<p>1 &#8211; HENRIQUE MORAIS WALTER \u2013 TEMPO: 00:33:39<\/p>\n\n\n\n<p>2 &#8211; WALTER LUIZ KACZOROWSKI MAYER \u2013 TEMPO: 00:35:27<\/p>\n\n\n\n<p>3 &#8211; MARCOS MAXIMOVITZ \u2013 TEMPO: 00:36:06<\/p>\n\n\n\n<p>4 &#8211; ROBERTO NELSON RUECKER \u2013 TEMPO: 00:46:14<\/p>\n\n\n\n<p>5 &#8211; SAULO COLACO VAZ \u2013 TEMPO: 00:52:25<\/p>\n\n\n\n<p><strong>Masculino de 60 at\u00e9 64 anos<\/strong><\/p>\n\n\n\n<p>1 &#8211; NELSON SOARES \u2013 TEMPO: 00:31:31<\/p>\n\n\n\n<p>2 &#8211; LUIZ DE OLIVEIRA SOARES \u2013 TEMPO: 00:34:50<\/p>\n\n\n\n<p>3 &#8211; OSNI PEDRO MARTINS \u2013 TEMPO: 00:38:53<\/p>\n\n\n\n<p>4 &#8211; JOAO GOARACI MENON \u2013 TEMPO: 00:40:15<\/p>\n\n\n\n<p>5 &#8211; JJ AMARAL &#8211; JAIR J A DO AMARAL \u2013 TEMPO: 00:40:28<\/p>\n\n\n\n<p><strong>Masculino de 65 acima<\/strong><\/p>\n\n\n\n<p>1 &#8211; ABRAHAO JOSE SZCZYPKOSKI \u2013 TEMPO: 00:37:48<\/p>\n\n\n\n<p>2 &#8211; LUIS ALBERTO BORBA \u2013 TEMPO: 00:38:38<\/p>\n\n\n\n<p>3 &#8211; NELSON RODRIGUES DE JESUS \u2013 TEMPO: 00:39:25<\/p>\n\n\n\n<p>4 &#8211; TADEU LADA \u2013 TEMPO: 00:45:44<\/p>\n\n\n\n<p>5 &#8211; GILBERTO DA SILVA \u2013 TEMPO: 00:56:33<\/p>\n\n\n\n<p><\/p>\n\n\n\n<figure class=\"wp-block-image size-full\"><img loading=\"lazy\" decoding=\"async\" width=\"897\" height=\"204\" src=\"https:\/\/radiostudiow.com.br\/site\/wp-content\/uploads\/2025\/01\/SITE-GRANDE3.png\" alt=\"\" class=\"wp-image-32900\" srcset=\"https:\/\/radiostudiow.com.br\/site\/wp-content\/uploads\/2025\/01\/SITE-GRANDE3.png 897w, https:\/\/radiostudiow.com.br\/site\/wp-content\/uploads\/2025\/01\/SITE-GRANDE3-300x68.png 300w, https:\/\/radiostudiow.com.br\/site\/wp-content\/uploads\/2025\/01\/SITE-GRANDE3-768x175.png 768w\" sizes=\"auto, (max-width: 897px) 100vw, 897px\" \/><\/figure>\n\n\n\n<p><\/p>\n\n\n\n<p><strong>KIDS 1 FEM 5\/6<\/strong><\/p>\n\n\n\n<p>1 &#8211; ELO\u00c1 FLORENCIO DE MIRANDA \u2013 TEMPO: 00:00:22<\/p>\n\n\n\n<p>2 &#8211; ANA LARA LOPATA \u2013 TEMPO: 00:00:23<\/p>\n\n\n\n<p>3 &#8211; HELOISA HANABI FLORZ \u2013 TEMPO: 00:00:25<\/p>\n\n\n\n<p>4 &#8211; GABRIELY DZIURKOSWKI \u2013 TEMPO: 00:00:30<\/p>\n\n\n\n<p>5 &#8211; DAIANE BRANDT GARSTKA \u2013 TEMPO: 00:00:35<\/p>\n\n\n\n<p><strong>KIDS 1 MAS 5\/6<\/strong><\/p>\n\n\n\n<p>1 &#8211; BERNARDO FRANCISCO DE PAULA \u2013 TEMPO: 00:00:18<\/p>\n\n\n\n<p>2 &#8211; HEITOR DA SILVA SCZOTKA \u2013 TEMPO: 00:00:19<\/p>\n\n\n\n<p>3 &#8211; NICOLAS GABRIEL MARAFIGO &#8211; 00:00:20<\/p>\n\n\n\n<p>4 &#8211; JOAQUIM SIERPINSKI &#8211; TEMPO: 00:00:21<\/p>\n\n\n\n<p>5 &#8211; GUSTAVO MORO \u2013 TEMPO: 00:00:22<\/p>\n\n\n\n<p><strong>KIDS 2 FEM 7\/8<\/strong><\/p>\n\n\n\n<p>1 &#8211; HELENA YASMIN JANOSKI LINO \u2013 TEMPO: 00:00:36<\/p>\n\n\n\n<p>2 &#8211; ELISA VIT\u00d3RIA MOREIRA \u2013 TEMPO: 00:00:37<\/p>\n\n\n\n<p>3 &#8211; ISADORA OSINSKI BARRETO \u2013 TEMPO: 00:00:40<\/p>\n\n\n\n<p>4 &#8211; IASMIM CAUANE MARTINS \u2013 TEMPO: 00:00:41<\/p>\n\n\n\n<p>5 &#8211; ISABELLY DIAS OPALOSKI \u2013 TEMPO: 00:00:42<\/p>\n\n\n\n<p><strong>KIDS 2 MAS 7\/8<\/strong><\/p>\n\n\n\n<p>1 &#8211; FABRICIO RAPHAEL PINHEIRO LACHMAN \u2013 TEMPO: 00:00:33<\/p>\n\n\n\n<p>2 &#8211; JOSE ANGELO BATISTA \u2013 TEMPO: 00:00:34<\/p>\n\n\n\n<p>3 &#8211; MARIO RAFAEL SKODOWSKI GURESKI \u2013 TEMPO: 00:00:35<\/p>\n\n\n\n<p>4 &#8211; DAVI FLECHER \u2013 TEMPO: 00:00:36<\/p>\n\n\n\n<p>5 &#8211; GUSTAVO FLORENCIO DE MIRANDA \u2013 TEMPO: 00:00:36<\/p>\n\n\n\n<p><strong>KIDS 3 FEM 9\/10<\/strong><\/p>\n\n\n\n<p>1 &#8211; ANA LAURA FELIPE \u2013 TEMPO: 00:01:25<\/p>\n\n\n\n<p>2 &#8211; NICOLI OLIVEIRA BANDIZEWSKE \u2013 TEMPO: 00:01:27<\/p>\n\n\n\n<p>3 &#8211; AL\u00cdCIA DOS SANTOS \u2013 TEMPO: 00:01:28<\/p>\n\n\n\n<p>4 &#8211; ALICE VITORIA DE SOUZA POLESKI \u2013 TEMPO: 00:01:29<\/p>\n\n\n\n<p>5 &#8211; MARIA PAULA IVANCHESKI \u2013 TEMPO: 00:01:30<\/p>\n\n\n\n<p><strong>KIDS 3 MAS 9\/10<\/strong><\/p>\n\n\n\n<p>1 &#8211; JOAO PEDRO KUTIANSKI \u2013 TEMPO: 00:00:51<\/p>\n\n\n\n<p>2 &#8211; ARTHUR MIGUEL FRANCO \u2013 TEMPO: 00:00:52<\/p>\n\n\n\n<p>3 &#8211; NICOLAS ALVES DE OLIVEIRA &#8211; TEMPO: 00:00:53<\/p>\n\n\n\n<p>4 &#8211; DOUGLAS DZIURKOSWKI \u2013 TEMPO: 00:00:55<\/p>\n\n\n\n<p>5 &#8211; JOAO VITOR JUNGLES \u2013 TEMPO: 00:00:56<\/p>\n\n\n\n<p><strong>KIDS 4 FEM 11\/12<\/strong><\/p>\n\n\n\n<p>1 &#8211; YASMIN LAURINDO DE PAULA E SILVA \u2013 TEMPO: 00:02:12<\/p>\n\n\n\n<p>2 &#8211; ISABELLY LES \u2013 TEMPO: 00:02:19<\/p>\n\n\n\n<p>3 &#8211; HELENA SOARES DE OLIVEIRA \u2013 TEMPO: 00:02:22<\/p>\n\n\n\n<p>4 &#8211; LOHANA GON\u00c7ALVES PEREIRA \u2013 TEMPO: 00:02:22<\/p>\n\n\n\n<p>5 &#8211; GRAZIELLA GOLENIA \u2013 TEMPO: 00:02:25<\/p>\n\n\n\n<p><strong>KIDS 4 MAS 11\/12<\/strong><\/p>\n\n\n\n<p>1 &#8211; BRENO BOASKI WISNIEWSKI \u2013 TEMPO: 00:01:55<\/p>\n\n\n\n<p>2 &#8211; PIETRO VITOR SCHIMDT \u2013 TEMPO: 00:01:57<\/p>\n\n\n\n<p>3 &#8211; ISAAC BATISTA \u2013 TEMPO: 00:02:06<\/p>\n\n\n\n<p>4 &#8211; JO\u00c3O VINICIUS KARPINSKI \u2013 TEMPO: 00:02:09<\/p>\n\n\n\n<p>5 &#8211; ADRIEL XAVIER DOS SANTOS \u2013 TEMPO: 00:02:13<\/p>\n\n\n\n<p><strong>KIDS 5 FEM 13\/14\/15<\/strong><\/p>\n\n\n\n<p><strong>1 &#8211; YASMIM MANUELA DA SILVA \u2013 TEMPO: 00:03:36<\/strong><\/p>\n\n\n\n<p><strong>2 &#8211; KIARA BRITO \u2013 TEMPO: 00:04:06<\/strong><\/p>\n\n\n\n<p><strong>3 &#8211; TH\u00c3MILLY MACIEL PAZ \u2013 TEMPO: 00:04:08<\/strong><\/p>\n\n\n\n<p><strong>4 &#8211; JULIA EDUARDA JUNGLES \u2013 TEMPO: 00:04:18<\/strong><\/p>\n\n\n\n<p><strong>5 &#8211; LUANE RAFAELA DA SILVA \u2013 TEMPO: 00:04:29<\/strong><\/p>\n\n\n\n<p><strong>KIDS 5 MAS 13\/14\/15<\/strong><\/p>\n\n\n\n<p>1 &#8211; MATHEUS VINICIUS PINHEIRO LACHMAN \u2013 TEMPO: 00:03:21<\/p>\n\n\n\n<p>2 &#8211; BRENO DIEGO SANTOS MAZUR \u2013 TEMPO: 00:03:34<\/p>\n\n\n\n<p>3 &#8211; DYLMAR HERMAN \u2013 TEMPO: 00:03:35<\/p>\n\n\n\n<p>4 &#8211; IVAN PACHINSKI \u2013 TEMPO: 00:03:36<\/p>\n\n\n\n<p>5 &#8211; LUCAS KARPINSKI LEITE \u2013 TEMPO: 00:03:42<\/p>\n\n\n\n<p><\/p>\n\n\n\n<h2 class=\"wp-block-heading\">REPORTAGEM: STUDIO W \/ W NOT\u00cdCIAS<\/h2>\n\n\n\n<figure class=\"wp-block-image size-full\"><img loading=\"lazy\" decoding=\"async\" width=\"900\" height=\"205\" src=\"https:\/\/radiostudiow.com.br\/site\/wp-content\/uploads\/2024\/03\/bannertijolao-e1733625657395.jpg\" alt=\"\" class=\"wp-image-20494\" srcset=\"https:\/\/radiostudiow.com.br\/site\/wp-content\/uploads\/2024\/03\/bannertijolao-e1733625657395.jpg 900w, https:\/\/radiostudiow.com.br\/site\/wp-content\/uploads\/2024\/03\/bannertijolao-e1733625657395-300x68.jpg 300w, https:\/\/radiostudiow.com.br\/site\/wp-content\/uploads\/2024\/03\/bannertijolao-e1733625657395-768x175.jpg 768w\" sizes=\"auto, (max-width: 900px) 100vw, 900px\" \/><\/figure>\n\n\n\n<p><\/p>\n","protected":false},"excerpt":{"rendered":"<p>Evento reuniu competidores de todas as idades e premiou os vencedores com trof\u00e9us, medalhas e pr\u00eamios em dinheiro. A cidade de Mallet foi palco, neste domingo (27), da 2\u00aa Edi\u00e7\u00e3o da Corrida pela Vida, evento que mobilizou corredores de Mallet e atraiu competidores de diversas cidades do Paran\u00e1, Santa Catarina e at\u00e9 de S\u00e3o Paulo. [&hellip;]<\/p>\n","protected":false},"author":2,"featured_media":37450,"comment_status":"open","ping_status":"open","sticky":false,"template":"","format":"standard","meta":{"footnotes":""},"categories":[184],"tags":[172],"class_list":["post-37445","post","type-post","status-publish","format-standard","has-post-thumbnail","hentry","category-local","tag-featured"],"amp_enabled":true,"_links":{"self":[{"href":"https:\/\/radiostudiow.com.br\/site\/wp-json\/wp\/v2\/posts\/37445","targetHints":{"allow":["GET"]}}],"collection":[{"href":"https:\/\/radiostudiow.com.br\/site\/wp-json\/wp\/v2\/posts"}],"about":[{"href":"https:\/\/radiostudiow.com.br\/site\/wp-json\/wp\/v2\/types\/post"}],"author":[{"embeddable":true,"href":"https:\/\/radiostudiow.com.br\/site\/wp-json\/wp\/v2\/users\/2"}],"replies":[{"embeddable":true,"href":"https:\/\/radiostudiow.com.br\/site\/wp-json\/wp\/v2\/comments?post=37445"}],"version-history":[{"count":3,"href":"https:\/\/radiostudiow.com.br\/site\/wp-json\/wp\/v2\/posts\/37445\/revisions"}],"predecessor-version":[{"id":37455,"href":"https:\/\/radiostudiow.com.br\/site\/wp-json\/wp\/v2\/posts\/37445\/revisions\/37455"}],"wp:featuredmedia":[{"embeddable":true,"href":"https:\/\/radiostudiow.com.br\/site\/wp-json\/wp\/v2\/media\/37450"}],"wp:attachment":[{"href":"https:\/\/radiostudiow.com.br\/site\/wp-json\/wp\/v2\/media?parent=37445"}],"wp:term":[{"taxonomy":"category","embeddable":true,"href":"https:\/\/radiostudiow.com.br\/site\/wp-json\/wp\/v2\/categories?post=37445"},{"taxonomy":"post_tag","embeddable":true,"href":"https:\/\/radiostudiow.com.br\/site\/wp-json\/wp\/v2\/tags?post=37445"}],"curies":[{"name":"wp","href":"https:\/\/api.w.org\/{rel}","templated":true}]}}