{"id":37462,"date":"2025-04-29T15:41:16","date_gmt":"2025-04-29T18:41:16","guid":{"rendered":"https:\/\/radiostudiow.com.br\/site\/?p=37462"},"modified":"2025-04-29T15:44:34","modified_gmt":"2025-04-29T18:44:34","slug":"acidente-grave-com-morte-na-br-376-em-ponta-grossa-apos-engavetamento-envolvendo-caminhoes","status":"publish","type":"post","link":"https:\/\/radiostudiow.com.br\/site\/2025\/04\/29\/acidente-grave-com-morte-na-br-376-em-ponta-grossa-apos-engavetamento-envolvendo-caminhoes\/","title":{"rendered":"Acidente grave com morte na BR 376 em Ponta Grossa, ap\u00f3s engavetamento  envolvendo caminh\u00f5es\u00a0"},"content":{"rendered":"\n<p><\/p>\n\n\n\n<figure class=\"wp-block-image size-full\"><img loading=\"lazy\" decoding=\"async\" width=\"897\" height=\"204\" src=\"https:\/\/radiostudiow.com.br\/site\/wp-content\/uploads\/2025\/02\/SITE-GRANDE7.png\" alt=\"\" class=\"wp-image-33861\" srcset=\"https:\/\/radiostudiow.com.br\/site\/wp-content\/uploads\/2025\/02\/SITE-GRANDE7.png 897w, https:\/\/radiostudiow.com.br\/site\/wp-content\/uploads\/2025\/02\/SITE-GRANDE7-300x68.png 300w, https:\/\/radiostudiow.com.br\/site\/wp-content\/uploads\/2025\/02\/SITE-GRANDE7-768x175.png 768w\" sizes=\"auto, (max-width: 897px) 100vw, 897px\" \/><\/figure>\n\n\n\n<p><\/p>\n\n\n\n<p>Na noite desta segunda-feira (28), por volta das 19h55, um grave acidente do tipo engavetamento ocorreu na BR 376, km 491, sentido Curitiba, em Ponta Grossa (PR). O sinistro envolveu *cinco caminh\u00f5es e um autom\u00f3vel, resultando em um \u00f3bito e dois feridos.\u00a0<\/p>\n\n\n\n<p>De acordo com a Pol\u00edcia Rodovi\u00e1ria Federal (PRF), o acidente foi causado por um caminh\u00e3o Scania G380 (placa de Piquerobi\/SP) com suspeita de falha nos freios, que colidiu com a traseira de outros ve\u00edculos em um trecho onde o tr\u00e1fego j\u00e1 estava lento. O congestionamento na regi\u00e3o ocorria devido a dois outros caminh\u00f5es com problemas mec\u00e2nico. (localizados nos km 492 e 493).\u00a0<\/p>\n\n\n\n<figure class=\"wp-block-image size-large\"><img loading=\"lazy\" decoding=\"async\" width=\"1024\" height=\"768\" src=\"https:\/\/radiostudiow.com.br\/site\/wp-content\/uploads\/2025\/04\/1-1-1024x768.jpg\" alt=\"\" class=\"wp-image-37463\" srcset=\"https:\/\/radiostudiow.com.br\/site\/wp-content\/uploads\/2025\/04\/1-1-1024x768.jpg 1024w, https:\/\/radiostudiow.com.br\/site\/wp-content\/uploads\/2025\/04\/1-1-300x225.jpg 300w, https:\/\/radiostudiow.com.br\/site\/wp-content\/uploads\/2025\/04\/1-1-768x576.jpg 768w, https:\/\/radiostudiow.com.br\/site\/wp-content\/uploads\/2025\/04\/1-1.jpg 1280w\" sizes=\"auto, (max-width: 1024px) 100vw, 1024px\" \/><\/figure>\n\n\n\n<p><\/p>\n\n\n\n<h2 class=\"wp-block-heading\">Din\u00e2mica da colis\u00e3o&nbsp;<\/h2>\n\n\n\n<p>1. O caminh\u00e3o de Piquerobi\/SP n\u00e3o conseguiu frear e atingiu quase simultaneamente dois semirreboques:\u00a0<\/p>\n\n\n\n<p>\u00a0\u00a0 &#8211; Um Scania R500 (Baixa Grande do Ribeiro\/PI), que trafegava na faixa da direita.\u00a0<\/p>\n\n\n\n<p>\u00a0\u00a0 &#8211; Um Scania R440 (Iju\u00ed\/RS), que estava na faixa da esquerda.\u00a0<\/p>\n\n\n\n<p>2. Com o impacto, o caminh\u00e3o de Iju\u00ed\/RS foi arremessado para frente, batendo em outro Scania R550 (Cuiab\u00e1\/MT).\u00a0<\/p>\n\n\n\n<p>3. O caminh\u00e3o de Cuiab\u00e1, por sua vez, colidiu com um *Honda HRV* (Pontal do Paran\u00e1), que depois atingiu outro ve\u00edculo (que seguiu viagem).&nbsp;<\/p>\n\n\n\n<h2 class=\"wp-block-heading\">V\u00edtimas e atendimento<\/h2>\n\n\n\n<p>&#8211;<strong> \u00d3bito no local: O motorista do Scania de Piquerobi\/SP, um homem de 24 anos, natural de Presidente Venceslau (SP).<\/strong>\u00a0<\/p>\n\n\n\n<figure class=\"wp-block-image size-full\"><img loading=\"lazy\" decoding=\"async\" width=\"897\" height=\"204\" src=\"https:\/\/radiostudiow.com.br\/site\/wp-content\/uploads\/2025\/03\/BARAO-NOVO-NOTICIAS-1.jpg\" alt=\"\" class=\"wp-image-35084\" srcset=\"https:\/\/radiostudiow.com.br\/site\/wp-content\/uploads\/2025\/03\/BARAO-NOVO-NOTICIAS-1.jpg 897w, https:\/\/radiostudiow.com.br\/site\/wp-content\/uploads\/2025\/03\/BARAO-NOVO-NOTICIAS-1-300x68.jpg 300w, https:\/\/radiostudiow.com.br\/site\/wp-content\/uploads\/2025\/03\/BARAO-NOVO-NOTICIAS-1-768x175.jpg 768w\" sizes=\"auto, (max-width: 897px) 100vw, 897px\" \/><\/figure>\n\n\n\n<figure class=\"wp-block-image size-large\"><img loading=\"lazy\" decoding=\"async\" width=\"1024\" height=\"576\" src=\"https:\/\/radiostudiow.com.br\/site\/wp-content\/uploads\/2025\/04\/8-1024x576.jpg\" alt=\"\" class=\"wp-image-37464\" srcset=\"https:\/\/radiostudiow.com.br\/site\/wp-content\/uploads\/2025\/04\/8-1024x576.jpg 1024w, https:\/\/radiostudiow.com.br\/site\/wp-content\/uploads\/2025\/04\/8-300x169.jpg 300w, https:\/\/radiostudiow.com.br\/site\/wp-content\/uploads\/2025\/04\/8-768x432.jpg 768w, https:\/\/radiostudiow.com.br\/site\/wp-content\/uploads\/2025\/04\/8-1536x864.jpg 1536w, https:\/\/radiostudiow.com.br\/site\/wp-content\/uploads\/2025\/04\/8.jpg 1599w\" sizes=\"auto, (max-width: 1024px) 100vw, 1024px\" \/><\/figure>\n\n\n\n<p><\/p>\n\n\n\n<h2 class=\"wp-block-heading\">Feridos:<\/h2>\n\n\n\n<p>\u00a0 &#8211; Passageiro do mesmo caminh\u00e3o (Piquerobi\/SP), 25 anos, de Paragua\u00e7u Paulista (SP), sofreu escoria\u00e7\u00f5es.\u00a0<\/p>\n\n\n\n<p>\u00a0 &#8211; Condutor do Scania de Iju\u00ed\/RS, 51 anos, de Tenente Portela (RS), ficou ferido.\u00a0<\/p>\n\n\n\n<p>&#8211; Os demais motoristas n\u00e3o se feriram e foram submetidos ao teste do etil\u00f4metro, com resultado negativo para \u00e1lcool.\u00a0<\/p>\n\n\n\n<p>Os feridos foram atendidos pelo SAMU e encaminhados para as UPAs Santa Paula e Santana.\u00a0<\/p>\n\n\n\n<figure class=\"wp-block-image size-full is-resized\"><img loading=\"lazy\" decoding=\"async\" width=\"598\" height=\"204\" src=\"https:\/\/radiostudiow.com.br\/site\/wp-content\/uploads\/2025\/01\/SITE-MEDIO7.png\" alt=\"\" class=\"wp-image-32801\" style=\"width:740px;height:auto\" srcset=\"https:\/\/radiostudiow.com.br\/site\/wp-content\/uploads\/2025\/01\/SITE-MEDIO7.png 598w, https:\/\/radiostudiow.com.br\/site\/wp-content\/uploads\/2025\/01\/SITE-MEDIO7-300x102.png 300w\" sizes=\"auto, (max-width: 598px) 100vw, 598px\" \/><\/figure>\n\n\n\n<figure class=\"wp-block-image size-large\"><img loading=\"lazy\" decoding=\"async\" width=\"1024\" height=\"576\" src=\"https:\/\/radiostudiow.com.br\/site\/wp-content\/uploads\/2025\/04\/6-1-1024x576.jpg\" alt=\"\" class=\"wp-image-37465\" srcset=\"https:\/\/radiostudiow.com.br\/site\/wp-content\/uploads\/2025\/04\/6-1-1024x576.jpg 1024w, https:\/\/radiostudiow.com.br\/site\/wp-content\/uploads\/2025\/04\/6-1-300x169.jpg 300w, https:\/\/radiostudiow.com.br\/site\/wp-content\/uploads\/2025\/04\/6-1-768x432.jpg 768w, https:\/\/radiostudiow.com.br\/site\/wp-content\/uploads\/2025\/04\/6-1-1536x864.jpg 1536w, https:\/\/radiostudiow.com.br\/site\/wp-content\/uploads\/2025\/04\/6-1.jpg 1599w\" sizes=\"auto, (max-width: 1024px) 100vw, 1024px\" \/><\/figure>\n\n\n\n<h2 class=\"wp-block-heading\">Impacto no tr\u00e2nsito<\/h2>\n\n\n\n<p>A BR 376 no sentido Curitiba ficou totalmente interditada das 19h55 at\u00e9 as 4h50, causando um congestionamento de 9 quil\u00f4metros, que afetou tamb\u00e9m a BR 373 e a PR 151. O fluxo foi normalizado por volta das 6h.\u00a0<\/p>\n\n\n\n<h2 class=\"wp-block-heading\">Investiga\u00e7\u00e3o<\/h2>\n\n\n\n<p>O caminh\u00e3o Scania de Piquerobi\/SP, suspeito de ter *falha no sistema de freios, foi removido para per\u00edcia t\u00e9cnica. As equipes do Corpo de Bombeiros, PRF, DER, IML e Criminal\u00edstica atuaram no local.\u00a0<\/p>\n\n\n\n<p>Imagens e Informa\u00e7\u00f5es: PRF\/Rep\u00f3rter Kiko de Oliveira<\/p>\n\n\n\n<figure class=\"wp-block-image size-full\"><img loading=\"lazy\" decoding=\"async\" width=\"897\" height=\"204\" src=\"https:\/\/radiostudiow.com.br\/site\/wp-content\/uploads\/2025\/03\/image-62.png\" alt=\"\" class=\"wp-image-35859\" srcset=\"https:\/\/radiostudiow.com.br\/site\/wp-content\/uploads\/2025\/03\/image-62.png 897w, https:\/\/radiostudiow.com.br\/site\/wp-content\/uploads\/2025\/03\/image-62-300x68.png 300w, https:\/\/radiostudiow.com.br\/site\/wp-content\/uploads\/2025\/03\/image-62-768x175.png 768w\" sizes=\"auto, (max-width: 897px) 100vw, 897px\" \/><\/figure>\n\n\n\n<p><\/p>\n\n\n\n<p><\/p>\n","protected":false},"excerpt":{"rendered":"<p>Na noite desta segunda-feira (28), por volta das 19h55, um grave acidente do tipo engavetamento ocorreu na BR 376, km 491, sentido Curitiba, em Ponta Grossa (PR). O sinistro envolveu *cinco caminh\u00f5es e um autom\u00f3vel, resultando em um \u00f3bito e dois feridos.\u00a0 De acordo com a Pol\u00edcia Rodovi\u00e1ria Federal (PRF), o acidente foi causado por [&hellip;]<\/p>\n","protected":false},"author":2,"featured_media":37466,"comment_status":"open","ping_status":"open","sticky":false,"template":"","format":"standard","meta":{"footnotes":""},"categories":[7],"tags":[172],"class_list":["post-37462","post","type-post","status-publish","format-standard","has-post-thumbnail","hentry","category-geral","tag-featured"],"amp_enabled":true,"_links":{"self":[{"href":"https:\/\/radiostudiow.com.br\/site\/wp-json\/wp\/v2\/posts\/37462","targetHints":{"allow":["GET"]}}],"collection":[{"href":"https:\/\/radiostudiow.com.br\/site\/wp-json\/wp\/v2\/posts"}],"about":[{"href":"https:\/\/radiostudiow.com.br\/site\/wp-json\/wp\/v2\/types\/post"}],"author":[{"embeddable":true,"href":"https:\/\/radiostudiow.com.br\/site\/wp-json\/wp\/v2\/users\/2"}],"replies":[{"embeddable":true,"href":"https:\/\/radiostudiow.com.br\/site\/wp-json\/wp\/v2\/comments?post=37462"}],"version-history":[{"count":2,"href":"https:\/\/radiostudiow.com.br\/site\/wp-json\/wp\/v2\/posts\/37462\/revisions"}],"predecessor-version":[{"id":37469,"href":"https:\/\/radiostudiow.com.br\/site\/wp-json\/wp\/v2\/posts\/37462\/revisions\/37469"}],"wp:featuredmedia":[{"embeddable":true,"href":"https:\/\/radiostudiow.com.br\/site\/wp-json\/wp\/v2\/media\/37466"}],"wp:attachment":[{"href":"https:\/\/radiostudiow.com.br\/site\/wp-json\/wp\/v2\/media?parent=37462"}],"wp:term":[{"taxonomy":"category","embeddable":true,"href":"https:\/\/radiostudiow.com.br\/site\/wp-json\/wp\/v2\/categories?post=37462"},{"taxonomy":"post_tag","embeddable":true,"href":"https:\/\/radiostudiow.com.br\/site\/wp-json\/wp\/v2\/tags?post=37462"}],"curies":[{"name":"wp","href":"https:\/\/api.w.org\/{rel}","templated":true}]}}