{"id":37470,"date":"2025-04-29T16:03:03","date_gmt":"2025-04-29T19:03:03","guid":{"rendered":"https:\/\/radiostudiow.com.br\/site\/?p=37470"},"modified":"2025-04-29T16:03:03","modified_gmt":"2025-04-29T19:03:03","slug":"autor-que-subtraiu-loterica-em-rio-azul-e-preso-em-flagrante-pela-policia-civil-de-reboucas","status":"publish","type":"post","link":"https:\/\/radiostudiow.com.br\/site\/2025\/04\/29\/autor-que-subtraiu-loterica-em-rio-azul-e-preso-em-flagrante-pela-policia-civil-de-reboucas\/","title":{"rendered":"Autor que subtraiu lot\u00e9rica em Rio Azul \u00e9 preso em flagrante pela Pol\u00edcia Civil de Rebou\u00e7as"},"content":{"rendered":"\n<p><\/p>\n\n\n\n<figure class=\"wp-block-image size-full\"><img decoding=\"async\" src=\"https:\/\/radiostudiow.com.br\/site\/wp-content\/uploads\/2022\/05\/NUTRI-MALLET.jpg\" alt=\"\" class=\"wp-image-7282\"\/><\/figure>\n\n\n\n<p>O fato ocorreu na manh\u00e3 desta ter\u00e7a-feira (29), por volta das 10h, quando agentes da Pol\u00edcia Civil de Rebou\u00e7as efetuaram a pris\u00e3o em flagrante de A.S., 33 anos, no Centro de Rio Azul.<\/p>\n\n\n\n<p>O crime ocorreu na madrugada do dia 29 de abril de 2025, em uma lot\u00e9rica localizada na cidade de Rio Azul. <\/p>\n\n\n\n<p>Durante a a\u00e7\u00e3o criminosa, houve a subtra\u00e7\u00e3o de aproximadamente R$ 2.500,00, al\u00e9m de danos ao estabelecimento estimados em R$ 2.000,00. <\/p>\n\n\n\n<p>Ao analisar as imagens do sistema de seguran\u00e7a, os investigadores notaram fortes semelhan\u00e7as f\u00edsicas (estatura f\u00edsica e jeito de caminhar) entre o autor do furto e A.S., que j\u00e1 \u00e9 conhecido no meio policial por ter praticado outros furtos com caracter\u00edsticas semelhantes. <\/p>\n\n\n\n<p>O suspeito foi localizado ap\u00f3s policiais civis tomarem ci\u00eancia de um furto ocorrido em uma lot\u00e9rica e analisarem as imagens do circuito de videomonitoramento do estabelecimento.<\/p>\n\n\n\n<p>Durante a abordagem, o suspeito demonstrou nervosismo e negou ser o autor do crime, alegando que havia passado a noite na casa de sua genitora. Quando questionada, a m\u00e3e do suspeito n\u00e3o conseguiu confirmar a vers\u00e3o apresentada, pois A.S. a impediu de responder \u00e0s perguntas dos policiais. Diante desse comportamento, ele foi conduzido \u00e0 Delegacia de Rebou\u00e7as para os procedimentos de pol\u00edcia judici\u00e1ria.<\/p>\n\n\n\n<p><\/p>\n\n\n\n<figure class=\"wp-block-image size-full\"><img loading=\"lazy\" decoding=\"async\" width=\"897\" height=\"204\" src=\"https:\/\/radiostudiow.com.br\/site\/wp-content\/uploads\/2024\/01\/SITE-GRANDE3.png\" alt=\"zaions\" class=\"wp-image-18936\" srcset=\"https:\/\/radiostudiow.com.br\/site\/wp-content\/uploads\/2024\/01\/SITE-GRANDE3.png 897w, https:\/\/radiostudiow.com.br\/site\/wp-content\/uploads\/2024\/01\/SITE-GRANDE3-300x68.png 300w, https:\/\/radiostudiow.com.br\/site\/wp-content\/uploads\/2024\/01\/SITE-GRANDE3-768x175.png 768w\" sizes=\"auto, (max-width: 897px) 100vw, 897px\" \/><\/figure>\n\n\n\n<p><\/p>\n\n\n\n<p>Durante o interrogat\u00f3rio, o flagrado, que \u00e9 multireincidente, confessou a pr\u00e1tica delituosa e afirmou que est\u00e1 sendo coagido a praticar furtos para pagar d\u00edvida contra\u00edda com traficantes da cidade, sem dar nomes de quem seriam esses criminosos. Agora cabe ao Minist\u00e9rio P\u00fablico e ao Poder Judici\u00e1rio decidir sobre a perman\u00eancia do infrator no sistema penitenci\u00e1rio.<\/p>\n\n\n\n<p>A Pol\u00edcia Civil reafirma o compromisso de servir e proteger e, para isso, conta com o aux\u00edlio da popula\u00e7\u00e3o, que poder\u00e1 entrar em contato pelos n\u00fameros 197 e pelo WhatsApp (42) 3457-1630.<\/p>\n\n\n\n<p>FONTE: FOLHA DE IRATI \/ FOTO: PCPR<\/p>\n\n\n\n<figure class=\"wp-block-image size-full\"><img loading=\"lazy\" decoding=\"async\" width=\"300\" height=\"180\" src=\"https:\/\/radiostudiow.com.br\/site\/wp-content\/uploads\/2025\/04\/AGRODU.png\" alt=\"\" class=\"wp-image-37219\"\/><\/figure>\n","protected":false},"excerpt":{"rendered":"<p>O fato ocorreu na manh\u00e3 desta ter\u00e7a-feira (29), por volta das 10h, quando agentes da Pol\u00edcia Civil de Rebou\u00e7as efetuaram a pris\u00e3o em flagrante de A.S., 33 anos, no Centro de Rio Azul. O crime ocorreu na madrugada do dia 29 de abril de 2025, em uma lot\u00e9rica localizada na cidade de Rio Azul. Durante [&hellip;]<\/p>\n","protected":false},"author":2,"featured_media":37471,"comment_status":"open","ping_status":"open","sticky":false,"template":"","format":"standard","meta":{"footnotes":""},"categories":[185],"tags":[172],"class_list":["post-37470","post","type-post","status-publish","format-standard","has-post-thumbnail","hentry","category-regional","tag-featured"],"amp_enabled":true,"_links":{"self":[{"href":"https:\/\/radiostudiow.com.br\/site\/wp-json\/wp\/v2\/posts\/37470","targetHints":{"allow":["GET"]}}],"collection":[{"href":"https:\/\/radiostudiow.com.br\/site\/wp-json\/wp\/v2\/posts"}],"about":[{"href":"https:\/\/radiostudiow.com.br\/site\/wp-json\/wp\/v2\/types\/post"}],"author":[{"embeddable":true,"href":"https:\/\/radiostudiow.com.br\/site\/wp-json\/wp\/v2\/users\/2"}],"replies":[{"embeddable":true,"href":"https:\/\/radiostudiow.com.br\/site\/wp-json\/wp\/v2\/comments?post=37470"}],"version-history":[{"count":1,"href":"https:\/\/radiostudiow.com.br\/site\/wp-json\/wp\/v2\/posts\/37470\/revisions"}],"predecessor-version":[{"id":37472,"href":"https:\/\/radiostudiow.com.br\/site\/wp-json\/wp\/v2\/posts\/37470\/revisions\/37472"}],"wp:featuredmedia":[{"embeddable":true,"href":"https:\/\/radiostudiow.com.br\/site\/wp-json\/wp\/v2\/media\/37471"}],"wp:attachment":[{"href":"https:\/\/radiostudiow.com.br\/site\/wp-json\/wp\/v2\/media?parent=37470"}],"wp:term":[{"taxonomy":"category","embeddable":true,"href":"https:\/\/radiostudiow.com.br\/site\/wp-json\/wp\/v2\/categories?post=37470"},{"taxonomy":"post_tag","embeddable":true,"href":"https:\/\/radiostudiow.com.br\/site\/wp-json\/wp\/v2\/tags?post=37470"}],"curies":[{"name":"wp","href":"https:\/\/api.w.org\/{rel}","templated":true}]}}