{"id":37473,"date":"2025-04-29T16:16:39","date_gmt":"2025-04-29T19:16:39","guid":{"rendered":"https:\/\/radiostudiow.com.br\/site\/?p=37473"},"modified":"2025-04-29T17:02:54","modified_gmt":"2025-04-29T20:02:54","slug":"operacao-da-receita-estadual-combate-transporte-irregular-de-mercadorias-no-sul-do-parana","status":"publish","type":"post","link":"https:\/\/radiostudiow.com.br\/site\/2025\/04\/29\/operacao-da-receita-estadual-combate-transporte-irregular-de-mercadorias-no-sul-do-parana\/","title":{"rendered":"Opera\u00e7\u00e3o da Receita Estadual combate transporte irregular de mercadorias no sul do Paran\u00e1"},"content":{"rendered":"\n<p><\/p>\n\n\n\n<figure class=\"wp-block-image size-full\"><img loading=\"lazy\" decoding=\"async\" width=\"897\" height=\"204\" src=\"https:\/\/radiostudiow.com.br\/site\/wp-content\/uploads\/2025\/03\/image-62.png\" alt=\"\" class=\"wp-image-35859\" srcset=\"https:\/\/radiostudiow.com.br\/site\/wp-content\/uploads\/2025\/03\/image-62.png 897w, https:\/\/radiostudiow.com.br\/site\/wp-content\/uploads\/2025\/03\/image-62-300x68.png 300w, https:\/\/radiostudiow.com.br\/site\/wp-content\/uploads\/2025\/03\/image-62-768x175.png 768w\" sizes=\"auto, (max-width: 897px) 100vw, 897px\" \/><\/figure>\n\n\n\n<h2 class=\"wp-block-heading\">A a\u00e7\u00e3o ocorreu nos munic\u00edpios de Uni\u00e3o da Vit\u00f3ria, Paula Freitas, Paulo Frontin, S\u00e3o Mateus do Sul, Teixeira Soares, Irati, Rebou\u00e7as, Rio Azul, S\u00e3o Jo\u00e3o do Triunfo e Mallet.<\/h2>\n\n\n\n<p><\/p>\n\n\n\n<figure class=\"wp-block-image size-large\"><img loading=\"lazy\" decoding=\"async\" width=\"1024\" height=\"682\" src=\"https:\/\/radiostudiow.com.br\/site\/wp-content\/uploads\/2025\/04\/9a43beac-ced7-4d22-b99d-073d2433b50a-1024x682.jpg\" alt=\"\" class=\"wp-image-37474\" srcset=\"https:\/\/radiostudiow.com.br\/site\/wp-content\/uploads\/2025\/04\/9a43beac-ced7-4d22-b99d-073d2433b50a-1024x682.jpg 1024w, https:\/\/radiostudiow.com.br\/site\/wp-content\/uploads\/2025\/04\/9a43beac-ced7-4d22-b99d-073d2433b50a-300x200.jpg 300w, https:\/\/radiostudiow.com.br\/site\/wp-content\/uploads\/2025\/04\/9a43beac-ced7-4d22-b99d-073d2433b50a-768x512.jpg 768w, https:\/\/radiostudiow.com.br\/site\/wp-content\/uploads\/2025\/04\/9a43beac-ced7-4d22-b99d-073d2433b50a.jpg 1079w\" sizes=\"auto, (max-width: 1024px) 100vw, 1024px\" \/><\/figure>\n\n\n\n<p><\/p>\n\n\n\n<p>A 5\u00aa Delegacia Regional da Receita Estadual, em conjunto com a Pol\u00edcia Militar, realizou na \u00faltima semana, uma opera\u00e7\u00e3o de fiscaliza\u00e7\u00e3o no sul do Paran\u00e1, com foco no combate ao transporte de mercadorias sem nota fiscal ou com documentos fiscais irregulares.<\/p>\n\n\n\n<p>Ao todo, foram realizados 25 autos de infra\u00e7\u00e3o, recuperando cerca de R$ 170 mil em&nbsp; mercadorias apreendidas de cargas irregulares. Embora o principal alvo da fiscaliza\u00e7\u00e3o sejam os produtos prim\u00e1rios, a opera\u00e7\u00e3o tamb\u00e9m abrange outras categorias de mercadorias, ampliando o alcance da a\u00e7\u00e3o para coibir irregularidades no transporte de cargas.<\/p>\n\n\n\n<figure class=\"wp-block-image size-full\"><img loading=\"lazy\" decoding=\"async\" width=\"897\" height=\"204\" src=\"https:\/\/radiostudiow.com.br\/site\/wp-content\/uploads\/2025\/01\/SITE-GRANDE3.png\" alt=\"\" class=\"wp-image-32900\" srcset=\"https:\/\/radiostudiow.com.br\/site\/wp-content\/uploads\/2025\/01\/SITE-GRANDE3.png 897w, https:\/\/radiostudiow.com.br\/site\/wp-content\/uploads\/2025\/01\/SITE-GRANDE3-300x68.png 300w, https:\/\/radiostudiow.com.br\/site\/wp-content\/uploads\/2025\/01\/SITE-GRANDE3-768x175.png 768w\" sizes=\"auto, (max-width: 897px) 100vw, 897px\" \/><\/figure>\n\n\n\n<figure class=\"wp-block-image size-large\"><img loading=\"lazy\" decoding=\"async\" width=\"1024\" height=\"682\" src=\"https:\/\/radiostudiow.com.br\/site\/wp-content\/uploads\/2025\/04\/ace92b11-bad5-48a8-b85e-c541cf09b106-1024x682.jpg\" alt=\"\" class=\"wp-image-37475\" srcset=\"https:\/\/radiostudiow.com.br\/site\/wp-content\/uploads\/2025\/04\/ace92b11-bad5-48a8-b85e-c541cf09b106-1024x682.jpg 1024w, https:\/\/radiostudiow.com.br\/site\/wp-content\/uploads\/2025\/04\/ace92b11-bad5-48a8-b85e-c541cf09b106-300x200.jpg 300w, https:\/\/radiostudiow.com.br\/site\/wp-content\/uploads\/2025\/04\/ace92b11-bad5-48a8-b85e-c541cf09b106-768x512.jpg 768w, https:\/\/radiostudiow.com.br\/site\/wp-content\/uploads\/2025\/04\/ace92b11-bad5-48a8-b85e-c541cf09b106.jpg 1079w\" sizes=\"auto, (max-width: 1024px) 100vw, 1024px\" \/><\/figure>\n\n\n\n<p>Um dos principais destaques da opera\u00e7\u00e3o \u00e9 a identifica\u00e7\u00e3o de empresas conhecidas como &#8220;noteiras&#8221;, \u00e0quelas utilizadas para a emiss\u00e3o irregular de notas fiscais, atuando nos setores madeireiro e de biocombust\u00edveis. Um caso espec\u00edfico chamou a aten\u00e7\u00e3o: uma empresa sediada no Rio de Janeiro emitia notas fiscais para cargas de \u00f3leo vegetal reciclado, com valor estimado em duzentos mil reais, que na realidade tinham origem no estado do Paran\u00e1.<\/p>\n\n\n\n<p>A a\u00e7\u00e3o faz parte da programa\u00e7\u00e3o da DDR de Guarapuava e tem como objetivo combater pr\u00e1ticas ilegais que causam preju\u00edzos aos cofres p\u00fablicos. O esfor\u00e7o visa garantir que os recursos do Estado sejam utilizados para atender as necessidades b\u00e1sicas da popula\u00e7\u00e3o paranaense<\/p>\n\n\n\n<h2 class=\"wp-block-heading\"><strong>Informa\u00e7\u00f5es e Imagens Receita Estadual\/PR \/ Rep\u00f3rter Kiko de Oliveira.<\/strong><\/h2>\n\n\n\n<p><\/p>\n\n\n\n<figure class=\"wp-block-image size-full\"><img loading=\"lazy\" decoding=\"async\" width=\"897\" height=\"204\" src=\"https:\/\/radiostudiow.com.br\/site\/wp-content\/uploads\/2025\/03\/BARAO-NOVO-NOTICIAS-1.jpg\" alt=\"\" class=\"wp-image-35084\" srcset=\"https:\/\/radiostudiow.com.br\/site\/wp-content\/uploads\/2025\/03\/BARAO-NOVO-NOTICIAS-1.jpg 897w, https:\/\/radiostudiow.com.br\/site\/wp-content\/uploads\/2025\/03\/BARAO-NOVO-NOTICIAS-1-300x68.jpg 300w, https:\/\/radiostudiow.com.br\/site\/wp-content\/uploads\/2025\/03\/BARAO-NOVO-NOTICIAS-1-768x175.jpg 768w\" sizes=\"auto, (max-width: 897px) 100vw, 897px\" \/><\/figure>\n\n\n\n<figure class=\"wp-block-image size-large\"><img loading=\"lazy\" decoding=\"async\" width=\"1024\" height=\"682\" src=\"https:\/\/radiostudiow.com.br\/site\/wp-content\/uploads\/2025\/04\/0af0c1db-be71-41ec-a727-23259ecbf0d9-1024x682.jpg\" alt=\"\" class=\"wp-image-37476\" srcset=\"https:\/\/radiostudiow.com.br\/site\/wp-content\/uploads\/2025\/04\/0af0c1db-be71-41ec-a727-23259ecbf0d9-1024x682.jpg 1024w, https:\/\/radiostudiow.com.br\/site\/wp-content\/uploads\/2025\/04\/0af0c1db-be71-41ec-a727-23259ecbf0d9-300x200.jpg 300w, https:\/\/radiostudiow.com.br\/site\/wp-content\/uploads\/2025\/04\/0af0c1db-be71-41ec-a727-23259ecbf0d9-768x512.jpg 768w, https:\/\/radiostudiow.com.br\/site\/wp-content\/uploads\/2025\/04\/0af0c1db-be71-41ec-a727-23259ecbf0d9.jpg 1079w\" sizes=\"auto, (max-width: 1024px) 100vw, 1024px\" \/><\/figure>\n","protected":false},"excerpt":{"rendered":"<p>A a\u00e7\u00e3o ocorreu nos munic\u00edpios de Uni\u00e3o da Vit\u00f3ria, Paula Freitas, Paulo Frontin, S\u00e3o Mateus do Sul, Teixeira Soares, Irati, Rebou\u00e7as, Rio Azul, S\u00e3o Jo\u00e3o do Triunfo e Mallet. A 5\u00aa Delegacia Regional da Receita Estadual, em conjunto com a Pol\u00edcia Militar, realizou na \u00faltima semana, uma opera\u00e7\u00e3o de fiscaliza\u00e7\u00e3o no sul do Paran\u00e1, com [&hellip;]<\/p>\n","protected":false},"author":2,"featured_media":37477,"comment_status":"open","ping_status":"open","sticky":false,"template":"","format":"standard","meta":{"footnotes":""},"categories":[185],"tags":[172],"class_list":["post-37473","post","type-post","status-publish","format-standard","has-post-thumbnail","hentry","category-regional","tag-featured"],"amp_enabled":true,"_links":{"self":[{"href":"https:\/\/radiostudiow.com.br\/site\/wp-json\/wp\/v2\/posts\/37473","targetHints":{"allow":["GET"]}}],"collection":[{"href":"https:\/\/radiostudiow.com.br\/site\/wp-json\/wp\/v2\/posts"}],"about":[{"href":"https:\/\/radiostudiow.com.br\/site\/wp-json\/wp\/v2\/types\/post"}],"author":[{"embeddable":true,"href":"https:\/\/radiostudiow.com.br\/site\/wp-json\/wp\/v2\/users\/2"}],"replies":[{"embeddable":true,"href":"https:\/\/radiostudiow.com.br\/site\/wp-json\/wp\/v2\/comments?post=37473"}],"version-history":[{"count":2,"href":"https:\/\/radiostudiow.com.br\/site\/wp-json\/wp\/v2\/posts\/37473\/revisions"}],"predecessor-version":[{"id":37480,"href":"https:\/\/radiostudiow.com.br\/site\/wp-json\/wp\/v2\/posts\/37473\/revisions\/37480"}],"wp:featuredmedia":[{"embeddable":true,"href":"https:\/\/radiostudiow.com.br\/site\/wp-json\/wp\/v2\/media\/37477"}],"wp:attachment":[{"href":"https:\/\/radiostudiow.com.br\/site\/wp-json\/wp\/v2\/media?parent=37473"}],"wp:term":[{"taxonomy":"category","embeddable":true,"href":"https:\/\/radiostudiow.com.br\/site\/wp-json\/wp\/v2\/categories?post=37473"},{"taxonomy":"post_tag","embeddable":true,"href":"https:\/\/radiostudiow.com.br\/site\/wp-json\/wp\/v2\/tags?post=37473"}],"curies":[{"name":"wp","href":"https:\/\/api.w.org\/{rel}","templated":true}]}}