{"id":37485,"date":"2025-04-29T18:31:49","date_gmt":"2025-04-29T21:31:49","guid":{"rendered":"https:\/\/radiostudiow.com.br\/site\/?p=37485"},"modified":"2025-04-29T18:31:50","modified_gmt":"2025-04-29T21:31:50","slug":"policia-civil-da-10a-drp-realiza-mais-de-370-atendimentos-em-mallet-durante-programa-parana-em-acao","status":"publish","type":"post","link":"https:\/\/radiostudiow.com.br\/site\/2025\/04\/29\/policia-civil-da-10a-drp-realiza-mais-de-370-atendimentos-em-mallet-durante-programa-parana-em-acao\/","title":{"rendered":"Policia Civil da 10\u00aa DRP, realiza mais de 370 atendimentos em Mallet durante programa Paran\u00e1 em A\u00e7\u00e3o"},"content":{"rendered":"\n<p><\/p>\n\n\n\n<figure class=\"wp-block-image size-full\"><img loading=\"lazy\" decoding=\"async\" width=\"897\" height=\"204\" src=\"https:\/\/radiostudiow.com.br\/site\/wp-content\/uploads\/2024\/01\/SITE-GRANDE3.png\" alt=\"zaions\" class=\"wp-image-18936\" srcset=\"https:\/\/radiostudiow.com.br\/site\/wp-content\/uploads\/2024\/01\/SITE-GRANDE3.png 897w, https:\/\/radiostudiow.com.br\/site\/wp-content\/uploads\/2024\/01\/SITE-GRANDE3-300x68.png 300w, https:\/\/radiostudiow.com.br\/site\/wp-content\/uploads\/2024\/01\/SITE-GRANDE3-768x175.png 768w\" sizes=\"auto, (max-width: 897px) 100vw, 897px\" \/><\/figure>\n\n\n\n<p><\/p>\n\n\n\n<h2 class=\"wp-block-heading\"><em>Iniciativa leva servi\u00e7os da Pol\u00edcia Civil a cidades do interior com foco no atendimento humanizado e na aproxima\u00e7\u00e3o com a popula\u00e7\u00e3o<\/em><\/h2>\n\n\n\n<p><\/p>\n\n\n\n<p>A Pol\u00edcia Civil do Paran\u00e1 (PCPR) atendeu mais de 2.200 pessoas nas \u00faltimas tr\u00eas edi\u00e7\u00f5es do programa <strong>PCPR na Comunidade<\/strong>, realizadas nos munic\u00edpios de Paranagu\u00e1, Mallet e Marip\u00e1. A iniciativa, que visa aproximar a corpora\u00e7\u00e3o da sociedade por meio de a\u00e7\u00f5es itinerantes, ofereceu uma s\u00e9rie de servi\u00e7os gratuitos \u00e0 popula\u00e7\u00e3o.<\/p>\n\n\n\n<p>Durante as a\u00e7\u00f5es, os moradores puderam acessar servi\u00e7os como emiss\u00e3o da nova <strong>Carteira de Identidade Nacional (CIN)<\/strong>, registro de <strong>boletins de ocorr\u00eancia<\/strong>, al\u00e9m de obter <strong>atestados de antecedentes criminais<\/strong>. O atendimento \u00e9 realizado de forma presencial e humanizada, com o objetivo de facilitar o acesso da popula\u00e7\u00e3o a direitos b\u00e1sicos de cidadania.<\/p>\n\n\n\n<h2 class=\"wp-block-heading\">Em Mallet, por exemplo, a edi\u00e7\u00e3o realizada na \u00faltima quinta (24) e sexta-feira (25), em parceria com o programa <strong>Paran\u00e1 em A\u00e7\u00e3o<\/strong>, da Secretaria da Justi\u00e7a e Cidadania (Seju), resultou na emiss\u00e3o de 377 novas carteiras de identidade.<\/h2>\n\n\n\n<p><\/p>\n\n\n\n<p>Al\u00e9m dos servi\u00e7os documentais, as a\u00e7\u00f5es incluem atividades educativas e de integra\u00e7\u00e3o com a comunidade, como <strong>exposi\u00e7\u00f5es de materiais t\u00e1ticos utilizados em opera\u00e7\u00f5es policiais<\/strong>, <strong>atividades l\u00fadicas para crian\u00e7as<\/strong>, e <strong>distribui\u00e7\u00e3o de materiais informativos<\/strong> sobre o trabalho da pol\u00edcia judici\u00e1ria.<\/p>\n\n\n\n<figure class=\"wp-block-image size-full\"><img decoding=\"async\" src=\"https:\/\/radiostudiow.com.br\/site\/wp-content\/uploads\/2022\/05\/NUTRI-MALLET.jpg\" alt=\"\" class=\"wp-image-7282\"\/><\/figure>\n\n\n\n<figure class=\"wp-block-image size-large\"><img loading=\"lazy\" decoding=\"async\" width=\"768\" height=\"1024\" src=\"https:\/\/radiostudiow.com.br\/site\/wp-content\/uploads\/2025\/04\/492937341_668901719434458_7270566380385435893_n-768x1024.jpg\" alt=\"\" class=\"wp-image-37486\" srcset=\"https:\/\/radiostudiow.com.br\/site\/wp-content\/uploads\/2025\/04\/492937341_668901719434458_7270566380385435893_n-768x1024.jpg 768w, https:\/\/radiostudiow.com.br\/site\/wp-content\/uploads\/2025\/04\/492937341_668901719434458_7270566380385435893_n-225x300.jpg 225w, https:\/\/radiostudiow.com.br\/site\/wp-content\/uploads\/2025\/04\/492937341_668901719434458_7270566380385435893_n-1152x1536.jpg 1152w, https:\/\/radiostudiow.com.br\/site\/wp-content\/uploads\/2025\/04\/492937341_668901719434458_7270566380385435893_n.jpg 1536w\" sizes=\"auto, (max-width: 768px) 100vw, 768px\" \/><\/figure>\n\n\n\n<p><\/p>\n\n\n\n<p>Para o coordenador do programa, Jo\u00e3o M\u00e1rio Goes, o impacto vai al\u00e9m do atendimento: \u201cA proximidade e o atendimento humanizado fortalecem a confian\u00e7a da popula\u00e7\u00e3o em nosso trabalho e ampliam o acesso \u00e0 cidadania. Estes s\u00e3o os pilares do PCPR na Comunidade\u201d, destacou.<\/p>\n\n\n\n<p><strong>Atendimento cont\u00ednuo<\/strong><\/p>\n\n\n\n<p>O <strong>PCPR na Comunidade<\/strong> \u00e9 um programa de atua\u00e7\u00e3o cont\u00ednua em todo o estado, com foco na descentraliza\u00e7\u00e3o dos servi\u00e7os da Pol\u00edcia Civil. A proposta \u00e9 n\u00e3o apenas oferecer atendimento direto \u00e0 popula\u00e7\u00e3o, mas tamb\u00e9m identificar poss\u00edveis v\u00edtimas, auxiliar no andamento de investiga\u00e7\u00f5es e refor\u00e7ar o papel da corpora\u00e7\u00e3o como agente ativo na promo\u00e7\u00e3o da cidadania.<\/p>\n\n\n\n<p>As pr\u00f3ximas edi\u00e7\u00f5es do programa devem ser anunciadas em breve e seguir\u00e3o ampliando o alcance dos servi\u00e7os da PCPR em diferentes regi\u00f5es do Paran\u00e1.<\/p>\n\n\n\n<p><\/p>\n\n\n\n<figure class=\"wp-block-image size-large\"><img loading=\"lazy\" decoding=\"async\" width=\"768\" height=\"1024\" src=\"https:\/\/radiostudiow.com.br\/site\/wp-content\/uploads\/2025\/04\/494281677_668901756101121_3423731929430658031_n-768x1024.jpg\" alt=\"\" class=\"wp-image-37488\" srcset=\"https:\/\/radiostudiow.com.br\/site\/wp-content\/uploads\/2025\/04\/494281677_668901756101121_3423731929430658031_n-768x1024.jpg 768w, https:\/\/radiostudiow.com.br\/site\/wp-content\/uploads\/2025\/04\/494281677_668901756101121_3423731929430658031_n-225x300.jpg 225w, https:\/\/radiostudiow.com.br\/site\/wp-content\/uploads\/2025\/04\/494281677_668901756101121_3423731929430658031_n-1152x1536.jpg 1152w, https:\/\/radiostudiow.com.br\/site\/wp-content\/uploads\/2025\/04\/494281677_668901756101121_3423731929430658031_n.jpg 1536w\" sizes=\"auto, (max-width: 768px) 100vw, 768px\" \/><\/figure>\n\n\n\n<p><\/p>\n\n\n\n<p><\/p>\n\n\n\n<h2 class=\"wp-block-heading\">FONTE: PCPR\/ 10\u00aa DRP <\/h2>\n\n\n\n<p><\/p>\n","protected":false},"excerpt":{"rendered":"<p>Iniciativa leva servi\u00e7os da Pol\u00edcia Civil a cidades do interior com foco no atendimento humanizado e na aproxima\u00e7\u00e3o com a popula\u00e7\u00e3o A Pol\u00edcia Civil do Paran\u00e1 (PCPR) atendeu mais de 2.200 pessoas nas \u00faltimas tr\u00eas edi\u00e7\u00f5es do programa PCPR na Comunidade, realizadas nos munic\u00edpios de Paranagu\u00e1, Mallet e Marip\u00e1. A iniciativa, que visa aproximar a [&hellip;]<\/p>\n","protected":false},"author":2,"featured_media":37489,"comment_status":"open","ping_status":"open","sticky":false,"template":"","format":"standard","meta":{"footnotes":""},"categories":[184],"tags":[172],"class_list":["post-37485","post","type-post","status-publish","format-standard","has-post-thumbnail","hentry","category-local","tag-featured"],"amp_enabled":true,"_links":{"self":[{"href":"https:\/\/radiostudiow.com.br\/site\/wp-json\/wp\/v2\/posts\/37485","targetHints":{"allow":["GET"]}}],"collection":[{"href":"https:\/\/radiostudiow.com.br\/site\/wp-json\/wp\/v2\/posts"}],"about":[{"href":"https:\/\/radiostudiow.com.br\/site\/wp-json\/wp\/v2\/types\/post"}],"author":[{"embeddable":true,"href":"https:\/\/radiostudiow.com.br\/site\/wp-json\/wp\/v2\/users\/2"}],"replies":[{"embeddable":true,"href":"https:\/\/radiostudiow.com.br\/site\/wp-json\/wp\/v2\/comments?post=37485"}],"version-history":[{"count":1,"href":"https:\/\/radiostudiow.com.br\/site\/wp-json\/wp\/v2\/posts\/37485\/revisions"}],"predecessor-version":[{"id":37490,"href":"https:\/\/radiostudiow.com.br\/site\/wp-json\/wp\/v2\/posts\/37485\/revisions\/37490"}],"wp:featuredmedia":[{"embeddable":true,"href":"https:\/\/radiostudiow.com.br\/site\/wp-json\/wp\/v2\/media\/37489"}],"wp:attachment":[{"href":"https:\/\/radiostudiow.com.br\/site\/wp-json\/wp\/v2\/media?parent=37485"}],"wp:term":[{"taxonomy":"category","embeddable":true,"href":"https:\/\/radiostudiow.com.br\/site\/wp-json\/wp\/v2\/categories?post=37485"},{"taxonomy":"post_tag","embeddable":true,"href":"https:\/\/radiostudiow.com.br\/site\/wp-json\/wp\/v2\/tags?post=37485"}],"curies":[{"name":"wp","href":"https:\/\/api.w.org\/{rel}","templated":true}]}}