{"id":37491,"date":"2025-04-29T18:46:12","date_gmt":"2025-04-29T21:46:12","guid":{"rendered":"https:\/\/radiostudiow.com.br\/site\/?p=37491"},"modified":"2025-04-29T18:47:12","modified_gmt":"2025-04-29T21:47:12","slug":"homem-morre-apos-acidente-domestico-com-serra-eletrica-em-rio-azul","status":"publish","type":"post","link":"https:\/\/radiostudiow.com.br\/site\/2025\/04\/29\/homem-morre-apos-acidente-domestico-com-serra-eletrica-em-rio-azul\/","title":{"rendered":"Homem morre em Rio Azul ap\u00f3s acidente dom\u00e9stico com serra el\u00e9trica"},"content":{"rendered":"\n<p>Imagem ilustrativa<\/p>\n\n\n\n<figure class=\"wp-block-image size-full\"><img loading=\"lazy\" decoding=\"async\" width=\"897\" height=\"204\" src=\"https:\/\/radiostudiow.com.br\/site\/wp-content\/uploads\/2025\/02\/SITE-GRANDE7.png\" alt=\"\" class=\"wp-image-33861\" srcset=\"https:\/\/radiostudiow.com.br\/site\/wp-content\/uploads\/2025\/02\/SITE-GRANDE7.png 897w, https:\/\/radiostudiow.com.br\/site\/wp-content\/uploads\/2025\/02\/SITE-GRANDE7-300x68.png 300w, https:\/\/radiostudiow.com.br\/site\/wp-content\/uploads\/2025\/02\/SITE-GRANDE7-768x175.png 768w\" sizes=\"auto, (max-width: 897px) 100vw, 897px\" \/><\/figure>\n\n\n\n<p>Na tarde desta segunda-feira (28), um grave acidente dom\u00e9stico em Rio Azul resultou na morte de um homem que manuseava uma serra el\u00e9trica em sua resid\u00eancia. <\/p>\n\n\n\n<p>A v\u00edtima foi socorrida pelo SAMU, mas chegou ao Hospital S\u00e3o Francisco de Assis j\u00e1 em \u00f3bito, com um corte profundo na regi\u00e3o abdominal. A Pol\u00edcia Militar, o Instituto M\u00e9dico Legal (IML) e a Delegacia de Rebou\u00e7as foram acionados para atender a ocorr\u00eancia e investigar o caso.<\/p>\n\n\n\n<p>O incidente foi registrado por volta das 15h15, quando a equipe da Pol\u00edcia Militar foi chamada at\u00e9 o Hospital S\u00e3o Francisco de Assis. No local, os policiais foram informados pela equipe m\u00e9dica que o homem j\u00e1 havia dado entrada sem sinais vitais. O m\u00e9dico plantonista relatou que o corte fatal no abd\u00f4men foi causado por uma serra maquita.<\/p>\n\n\n\n<p>Segundo os familiares, o homem realizava um trabalho na garagem de casa quando ocorreu o acidente. Em determinado momento, a l\u00e2mina da serra el\u00e9trica teria se desprendido, atingindo-o de forma letal.<\/p>\n\n\n\n<figure class=\"wp-block-image size-full\"><img loading=\"lazy\" decoding=\"async\" width=\"897\" height=\"204\" src=\"https:\/\/radiostudiow.com.br\/site\/wp-content\/uploads\/2025\/03\/SITE-GRANDE5.png\" alt=\"\" class=\"wp-image-35420\" srcset=\"https:\/\/radiostudiow.com.br\/site\/wp-content\/uploads\/2025\/03\/SITE-GRANDE5.png 897w, https:\/\/radiostudiow.com.br\/site\/wp-content\/uploads\/2025\/03\/SITE-GRANDE5-300x68.png 300w, https:\/\/radiostudiow.com.br\/site\/wp-content\/uploads\/2025\/03\/SITE-GRANDE5-768x175.png 768w\" sizes=\"auto, (max-width: 897px) 100vw, 897px\" \/><\/figure>\n\n\n\n<p><\/p>\n\n\n\n<p>Diante da gravidade do fato, a Delegacia de Rebou\u00e7as foi acionada para conduzir a investiga\u00e7\u00e3o. O Instituto M\u00e9dico Legal (IML) esteve no hospital para realizar o recolhimento do corpo e iniciar os procedimentos periciais.<\/p>\n\n\n\n<p>FONTE: FOLHA DE IRATI<\/p>\n\n\n\n<p><\/p>\n","protected":false},"excerpt":{"rendered":"<p>Imagem ilustrativa Na tarde desta segunda-feira (28), um grave acidente dom\u00e9stico em Rio Azul resultou na morte de um homem que manuseava uma serra el\u00e9trica em sua resid\u00eancia. A v\u00edtima foi socorrida pelo SAMU, mas chegou ao Hospital S\u00e3o Francisco de Assis j\u00e1 em \u00f3bito, com um corte profundo na regi\u00e3o abdominal. A Pol\u00edcia Militar, [&hellip;]<\/p>\n","protected":false},"author":2,"featured_media":37492,"comment_status":"open","ping_status":"open","sticky":false,"template":"","format":"standard","meta":{"footnotes":""},"categories":[185],"tags":[172],"class_list":["post-37491","post","type-post","status-publish","format-standard","has-post-thumbnail","hentry","category-regional","tag-featured"],"amp_enabled":true,"_links":{"self":[{"href":"https:\/\/radiostudiow.com.br\/site\/wp-json\/wp\/v2\/posts\/37491","targetHints":{"allow":["GET"]}}],"collection":[{"href":"https:\/\/radiostudiow.com.br\/site\/wp-json\/wp\/v2\/posts"}],"about":[{"href":"https:\/\/radiostudiow.com.br\/site\/wp-json\/wp\/v2\/types\/post"}],"author":[{"embeddable":true,"href":"https:\/\/radiostudiow.com.br\/site\/wp-json\/wp\/v2\/users\/2"}],"replies":[{"embeddable":true,"href":"https:\/\/radiostudiow.com.br\/site\/wp-json\/wp\/v2\/comments?post=37491"}],"version-history":[{"count":2,"href":"https:\/\/radiostudiow.com.br\/site\/wp-json\/wp\/v2\/posts\/37491\/revisions"}],"predecessor-version":[{"id":37494,"href":"https:\/\/radiostudiow.com.br\/site\/wp-json\/wp\/v2\/posts\/37491\/revisions\/37494"}],"wp:featuredmedia":[{"embeddable":true,"href":"https:\/\/radiostudiow.com.br\/site\/wp-json\/wp\/v2\/media\/37492"}],"wp:attachment":[{"href":"https:\/\/radiostudiow.com.br\/site\/wp-json\/wp\/v2\/media?parent=37491"}],"wp:term":[{"taxonomy":"category","embeddable":true,"href":"https:\/\/radiostudiow.com.br\/site\/wp-json\/wp\/v2\/categories?post=37491"},{"taxonomy":"post_tag","embeddable":true,"href":"https:\/\/radiostudiow.com.br\/site\/wp-json\/wp\/v2\/tags?post=37491"}],"curies":[{"name":"wp","href":"https:\/\/api.w.org\/{rel}","templated":true}]}}