{"id":37496,"date":"2025-04-29T19:30:46","date_gmt":"2025-04-29T22:30:46","guid":{"rendered":"https:\/\/radiostudiow.com.br\/site\/?p=37496"},"modified":"2025-04-29T19:31:38","modified_gmt":"2025-04-29T22:31:38","slug":"trabalhador-morre-apos-acidente-com-trator-no-interior-de-general-carneiro","status":"publish","type":"post","link":"https:\/\/radiostudiow.com.br\/site\/2025\/04\/29\/trabalhador-morre-apos-acidente-com-trator-no-interior-de-general-carneiro\/","title":{"rendered":"Trabalhador morre ap\u00f3s acidente com trator no interior de General Carneiro"},"content":{"rendered":"\n<p><\/p>\n\n\n\n<figure class=\"wp-block-image size-full\"><img loading=\"lazy\" decoding=\"async\" width=\"897\" height=\"204\" src=\"https:\/\/radiostudiow.com.br\/site\/wp-content\/uploads\/2025\/02\/SITE-GRANDE7.png\" alt=\"\" class=\"wp-image-33861\" srcset=\"https:\/\/radiostudiow.com.br\/site\/wp-content\/uploads\/2025\/02\/SITE-GRANDE7.png 897w, https:\/\/radiostudiow.com.br\/site\/wp-content\/uploads\/2025\/02\/SITE-GRANDE7-300x68.png 300w, https:\/\/radiostudiow.com.br\/site\/wp-content\/uploads\/2025\/02\/SITE-GRANDE7-768x175.png 768w\" sizes=\"auto, (max-width: 897px) 100vw, 897px\" \/><\/figure>\n\n\n\n<p><\/p>\n\n\n\n<p><em><strong>Homem de 32 anos ficou preso sob m\u00e1quina agr\u00edcola enquanto atuava na extra\u00e7\u00e3o de pinos; ele n\u00e3o resistiu aos ferimentos e morreu no local<\/strong><\/em><\/p>\n\n\n\n<p>Um <strong>homem de 32 anos<\/strong> morreu na tarde desta <strong>ter\u00e7a-feira, 29 de abril<\/strong>, ap\u00f3s sofrer um <strong>grave acidente com um trator<\/strong> na zona rural do munic\u00edpio de <strong>General Carneiro<\/strong>.<\/p>\n\n\n\n<p>De acordo com informa\u00e7\u00f5es apuradas pela reportagem do <em>Canal 4 TV<\/em>, a v\u00edtima operava um <strong>trator modelo Massey Ferguson<\/strong> durante atividades de extra\u00e7\u00e3o de <strong>pinos<\/strong>, quando ocorreu o acidente. O trabalhador acabou <strong>ficando preso sob a m\u00e1quina agr\u00edcola<\/strong>.<\/p>\n\n\n\n<p>Colegas de trabalho que estavam no local agiram rapidamente, conseguindo <strong>retirar o homem debaixo do trator<\/strong> e prestaram os primeiros socorros enquanto aguardavam a chegada das equipes de resgate.<\/p>\n\n\n\n<p>O <strong>Corpo de Bombeiros<\/strong> e o <strong>Servi\u00e7o de Atendimento M\u00f3vel de Urg\u00eancia (SAMU)<\/strong> foram acionados e estiveram no local, mas infelizmente, a v\u00edtima <strong>n\u00e3o resistiu aos ferimentos<\/strong> e o <strong>\u00f3bito foi constatado ainda na \u00e1rea do acidente<\/strong>.<\/p>\n\n\n\n<figure class=\"wp-block-image size-full\"><img loading=\"lazy\" decoding=\"async\" width=\"897\" height=\"204\" src=\"https:\/\/radiostudiow.com.br\/site\/wp-content\/uploads\/2025\/03\/image-62.png\" alt=\"\" class=\"wp-image-35859\" srcset=\"https:\/\/radiostudiow.com.br\/site\/wp-content\/uploads\/2025\/03\/image-62.png 897w, https:\/\/radiostudiow.com.br\/site\/wp-content\/uploads\/2025\/03\/image-62-300x68.png 300w, https:\/\/radiostudiow.com.br\/site\/wp-content\/uploads\/2025\/03\/image-62-768x175.png 768w\" sizes=\"auto, (max-width: 897px) 100vw, 897px\" \/><\/figure>\n\n\n\n<p><\/p>\n\n\n\n<p>O <strong>Instituto M\u00e9dico-Legal (IML) de Uni\u00e3o da Vit\u00f3ria<\/strong> tamb\u00e9m foi mobilizado para realizar o recolhimento do corpo e iniciar os procedimentos de praxe.<\/p>\n\n\n\n<p>As circunst\u00e2ncias do acidente dever\u00e3o ser apuradas pelas autoridades competentes. At\u00e9 o momento, a identidade do trabalhador n\u00e3o foi oficialmente divulgada.<\/p>\n","protected":false},"excerpt":{"rendered":"<p>Homem de 32 anos ficou preso sob m\u00e1quina agr\u00edcola enquanto atuava na extra\u00e7\u00e3o de pinos; ele n\u00e3o resistiu aos ferimentos e morreu no local Um homem de 32 anos morreu na tarde desta ter\u00e7a-feira, 29 de abril, ap\u00f3s sofrer um grave acidente com um trator na zona rural do munic\u00edpio de General Carneiro. De acordo [&hellip;]<\/p>\n","protected":false},"author":2,"featured_media":37497,"comment_status":"open","ping_status":"open","sticky":false,"template":"","format":"standard","meta":{"footnotes":""},"categories":[185],"tags":[172],"class_list":["post-37496","post","type-post","status-publish","format-standard","has-post-thumbnail","hentry","category-regional","tag-featured"],"amp_enabled":true,"_links":{"self":[{"href":"https:\/\/radiostudiow.com.br\/site\/wp-json\/wp\/v2\/posts\/37496","targetHints":{"allow":["GET"]}}],"collection":[{"href":"https:\/\/radiostudiow.com.br\/site\/wp-json\/wp\/v2\/posts"}],"about":[{"href":"https:\/\/radiostudiow.com.br\/site\/wp-json\/wp\/v2\/types\/post"}],"author":[{"embeddable":true,"href":"https:\/\/radiostudiow.com.br\/site\/wp-json\/wp\/v2\/users\/2"}],"replies":[{"embeddable":true,"href":"https:\/\/radiostudiow.com.br\/site\/wp-json\/wp\/v2\/comments?post=37496"}],"version-history":[{"count":2,"href":"https:\/\/radiostudiow.com.br\/site\/wp-json\/wp\/v2\/posts\/37496\/revisions"}],"predecessor-version":[{"id":37499,"href":"https:\/\/radiostudiow.com.br\/site\/wp-json\/wp\/v2\/posts\/37496\/revisions\/37499"}],"wp:featuredmedia":[{"embeddable":true,"href":"https:\/\/radiostudiow.com.br\/site\/wp-json\/wp\/v2\/media\/37497"}],"wp:attachment":[{"href":"https:\/\/radiostudiow.com.br\/site\/wp-json\/wp\/v2\/media?parent=37496"}],"wp:term":[{"taxonomy":"category","embeddable":true,"href":"https:\/\/radiostudiow.com.br\/site\/wp-json\/wp\/v2\/categories?post=37496"},{"taxonomy":"post_tag","embeddable":true,"href":"https:\/\/radiostudiow.com.br\/site\/wp-json\/wp\/v2\/tags?post=37496"}],"curies":[{"name":"wp","href":"https:\/\/api.w.org\/{rel}","templated":true}]}}