{"id":37501,"date":"2025-04-30T10:10:25","date_gmt":"2025-04-30T13:10:25","guid":{"rendered":"https:\/\/radiostudiow.com.br\/site\/?p=37501"},"modified":"2025-04-30T10:10:25","modified_gmt":"2025-04-30T13:10:25","slug":"homem-e-preso-com-mais-de-2-kg-de-drogas-em-operacao-da-policia-civil-em-imbituva","status":"publish","type":"post","link":"https:\/\/radiostudiow.com.br\/site\/2025\/04\/30\/homem-e-preso-com-mais-de-2-kg-de-drogas-em-operacao-da-policia-civil-em-imbituva\/","title":{"rendered":"Homem \u00e9 preso com mais de 2 kg de drogas em opera\u00e7\u00e3o da Pol\u00edcia Civil em Imbituva"},"content":{"rendered":"\n<figure class=\"wp-block-image size-full\"><img loading=\"lazy\" decoding=\"async\" width=\"897\" height=\"204\" src=\"https:\/\/radiostudiow.com.br\/site\/wp-content\/uploads\/2025\/03\/SITE-GRANDE5.png\" alt=\"\" class=\"wp-image-35420\" srcset=\"https:\/\/radiostudiow.com.br\/site\/wp-content\/uploads\/2025\/03\/SITE-GRANDE5.png 897w, https:\/\/radiostudiow.com.br\/site\/wp-content\/uploads\/2025\/03\/SITE-GRANDE5-300x68.png 300w, https:\/\/radiostudiow.com.br\/site\/wp-content\/uploads\/2025\/03\/SITE-GRANDE5-768x175.png 768w\" sizes=\"auto, (max-width: 897px) 100vw, 897px\" \/><\/figure>\n\n\n\n<p><\/p>\n\n\n\n<p>A Pol\u00edcia Civil do Paran\u00e1, por meio da Delegacia de Imbituva, prendeu na tarde desta ter\u00e7a-feira (29) um homem de 24 anos suspeito de tr\u00e1fico de drogas no bairro Miraluz. A pris\u00e3o ocorreu ap\u00f3s a equipe receber den\u00fancias an\u00f4nimas apontando o poss\u00edvel armazenamento de entorpecentes no local.<\/p>\n\n\n\n<p>Durante a a\u00e7\u00e3o, os policiais civis realizaram dilig\u00eancias e, diante de ind\u00edcios suficientes, entraram na resid\u00eancia do investigado. No im\u00f3vel, foram localizadas diversas subst\u00e2ncias il\u00edcitas: <strong>2,322 quilos de maconha, 73 gramas de crack e 36 gramas de coca\u00edna<\/strong>, al\u00e9m de <strong>balan\u00e7as de precis\u00e3o, uma faca e um estilete com vest\u00edgios de drogas<\/strong>, itens comumente utilizados para o fracionamento e embalagem dos entorpecentes.<\/p>\n\n\n\n<figure class=\"wp-block-image size-full\"><img loading=\"lazy\" decoding=\"async\" width=\"897\" height=\"204\" src=\"https:\/\/radiostudiow.com.br\/site\/wp-content\/uploads\/2025\/03\/image-62.png\" alt=\"\" class=\"wp-image-35859\" srcset=\"https:\/\/radiostudiow.com.br\/site\/wp-content\/uploads\/2025\/03\/image-62.png 897w, https:\/\/radiostudiow.com.br\/site\/wp-content\/uploads\/2025\/03\/image-62-300x68.png 300w, https:\/\/radiostudiow.com.br\/site\/wp-content\/uploads\/2025\/03\/image-62-768x175.png 768w\" sizes=\"auto, (max-width: 897px) 100vw, 897px\" \/><\/figure>\n\n\n\n<p><\/p>\n\n\n\n<p>Diante do flagrante, o homem recebeu voz de pris\u00e3o e foi autuado por tr\u00e1fico de drogas. Segundo a pol\u00edcia, ele \u00e9 reincidente nesse tipo de crime. O delegado respons\u00e1vel pelo caso representou junto ao Poder Judici\u00e1rio pela pris\u00e3o preventiva do suspeito, que foi encaminhado \u00e0 Cadeia P\u00fablica, onde permanecer\u00e1 \u00e0 disposi\u00e7\u00e3o da Justi\u00e7a.<\/p>\n\n\n\n<p>A Pol\u00edcia Civil refor\u00e7a a import\u00e2ncia da participa\u00e7\u00e3o da comunidade e solicita que informa\u00e7\u00f5es que possam contribuir com investiga\u00e7\u00f5es ou a localiza\u00e7\u00e3o de foragidos sejam repassadas de forma an\u00f4nima pelos telefones <strong>197 (PCPR), 181 (Disque-Den\u00fancia)<\/strong> ou diretamente com a equipe de investiga\u00e7\u00e3o pelo n\u00famero <strong>(42) 3436-1177<\/strong>.<\/p>\n\n\n\n<p><\/p>\n\n\n\n<h2 class=\"wp-block-heading\">Informa\u00e7\u00f5es: PCPR \/ Rep\u00f3rter Kiko de Oliveira<\/h2>\n\n\n\n<p><\/p>\n\n\n\n<figure class=\"wp-block-image size-full\"><img loading=\"lazy\" decoding=\"async\" width=\"598\" height=\"204\" src=\"https:\/\/radiostudiow.com.br\/site\/wp-content\/uploads\/2025\/01\/SITE-MEDIO7.png\" alt=\"\" class=\"wp-image-32801\" srcset=\"https:\/\/radiostudiow.com.br\/site\/wp-content\/uploads\/2025\/01\/SITE-MEDIO7.png 598w, https:\/\/radiostudiow.com.br\/site\/wp-content\/uploads\/2025\/01\/SITE-MEDIO7-300x102.png 300w\" sizes=\"auto, (max-width: 598px) 100vw, 598px\" \/><\/figure>\n","protected":false},"excerpt":{"rendered":"<p>A Pol\u00edcia Civil do Paran\u00e1, por meio da Delegacia de Imbituva, prendeu na tarde desta ter\u00e7a-feira (29) um homem de 24 anos suspeito de tr\u00e1fico de drogas no bairro Miraluz. A pris\u00e3o ocorreu ap\u00f3s a equipe receber den\u00fancias an\u00f4nimas apontando o poss\u00edvel armazenamento de entorpecentes no local. Durante a a\u00e7\u00e3o, os policiais civis realizaram dilig\u00eancias [&hellip;]<\/p>\n","protected":false},"author":2,"featured_media":37502,"comment_status":"open","ping_status":"open","sticky":false,"template":"","format":"standard","meta":{"footnotes":""},"categories":[7],"tags":[172],"class_list":["post-37501","post","type-post","status-publish","format-standard","has-post-thumbnail","hentry","category-geral","tag-featured"],"amp_enabled":true,"_links":{"self":[{"href":"https:\/\/radiostudiow.com.br\/site\/wp-json\/wp\/v2\/posts\/37501","targetHints":{"allow":["GET"]}}],"collection":[{"href":"https:\/\/radiostudiow.com.br\/site\/wp-json\/wp\/v2\/posts"}],"about":[{"href":"https:\/\/radiostudiow.com.br\/site\/wp-json\/wp\/v2\/types\/post"}],"author":[{"embeddable":true,"href":"https:\/\/radiostudiow.com.br\/site\/wp-json\/wp\/v2\/users\/2"}],"replies":[{"embeddable":true,"href":"https:\/\/radiostudiow.com.br\/site\/wp-json\/wp\/v2\/comments?post=37501"}],"version-history":[{"count":1,"href":"https:\/\/radiostudiow.com.br\/site\/wp-json\/wp\/v2\/posts\/37501\/revisions"}],"predecessor-version":[{"id":37503,"href":"https:\/\/radiostudiow.com.br\/site\/wp-json\/wp\/v2\/posts\/37501\/revisions\/37503"}],"wp:featuredmedia":[{"embeddable":true,"href":"https:\/\/radiostudiow.com.br\/site\/wp-json\/wp\/v2\/media\/37502"}],"wp:attachment":[{"href":"https:\/\/radiostudiow.com.br\/site\/wp-json\/wp\/v2\/media?parent=37501"}],"wp:term":[{"taxonomy":"category","embeddable":true,"href":"https:\/\/radiostudiow.com.br\/site\/wp-json\/wp\/v2\/categories?post=37501"},{"taxonomy":"post_tag","embeddable":true,"href":"https:\/\/radiostudiow.com.br\/site\/wp-json\/wp\/v2\/tags?post=37501"}],"curies":[{"name":"wp","href":"https:\/\/api.w.org\/{rel}","templated":true}]}}