{"id":37515,"date":"2025-04-30T11:37:25","date_gmt":"2025-04-30T14:37:25","guid":{"rendered":"https:\/\/radiostudiow.com.br\/site\/?p=37515"},"modified":"2025-04-30T11:37:26","modified_gmt":"2025-04-30T14:37:26","slug":"homem-e-preso-com-revolver-municiado-em-bar-na-zona-rural-de-antonio-olinto","status":"publish","type":"post","link":"https:\/\/radiostudiow.com.br\/site\/2025\/04\/30\/homem-e-preso-com-revolver-municiado-em-bar-na-zona-rural-de-antonio-olinto\/","title":{"rendered":"Homem \u00e9 preso com rev\u00f3lver municiado em bar na zona rural de Ant\u00f4nio Olinto"},"content":{"rendered":"\n<p><\/p>\n\n\n\n<figure class=\"wp-block-image size-full\"><img loading=\"lazy\" decoding=\"async\" width=\"897\" height=\"204\" src=\"https:\/\/radiostudiow.com.br\/site\/wp-content\/uploads\/2025\/03\/SITE-GRANDE5.png\" alt=\"\" class=\"wp-image-35420\" srcset=\"https:\/\/radiostudiow.com.br\/site\/wp-content\/uploads\/2025\/03\/SITE-GRANDE5.png 897w, https:\/\/radiostudiow.com.br\/site\/wp-content\/uploads\/2025\/03\/SITE-GRANDE5-300x68.png 300w, https:\/\/radiostudiow.com.br\/site\/wp-content\/uploads\/2025\/03\/SITE-GRANDE5-768x175.png 768w\" sizes=\"auto, (max-width: 897px) 100vw, 897px\" \/><\/figure>\n\n\n\n<p><\/p>\n\n\n\n<p><strong>Na noite desta ter\u00e7a-feira (29), por volta das 21h, a equipe da Patrulha Rural da Pol\u00edcia Militar prendeu um homem por posse ilegal de arma de fogo na localidade de \u00c1gua Amarela de Baixo, zona rural de Ant\u00f4nio Olinto. A abordagem ocorreu durante patrulhamento de rotina na estrada principal da comunidade.<\/strong><\/p>\n\n\n\n<p>Segundo informa\u00e7\u00f5es da PM, os policiais visualizaram um indiv\u00edduo dentro de um bar que, ao notar a aproxima\u00e7\u00e3o da viatura, demonstrou comportamento suspeito. Ele virou-se rapidamente e seguiu em dire\u00e7\u00e3o aos fundos do im\u00f3vel, o que levantou a aten\u00e7\u00e3o da equipe.<\/p>\n\n\n\n<p>Diante da atitude, os policiais entraram no local e abordaram todas as pessoas presentes. O homem foi encontrado tentando fechar a porta dos fundos do estabelecimento. Nas imedia\u00e7\u00f5es, em meio ao gramado externo, foi localizado um <strong>rev\u00f3lver calibre .38, municiado com seis muni\u00e7\u00f5es intactas<\/strong>.<\/p>\n\n\n\n<p>Durante a revista pessoal, nada de il\u00edcito foi encontrado com os demais frequentadores. O suspeito, que foi identificado como convivente da propriet\u00e1ria do bar, <strong>assumiu ser o dono da arma<\/strong> ao ser questionado pelos policiais.<\/p>\n\n\n\n<figure class=\"wp-block-image size-full\"><img loading=\"lazy\" decoding=\"async\" width=\"897\" height=\"204\" src=\"https:\/\/radiostudiow.com.br\/site\/wp-content\/uploads\/2025\/03\/BARAO-NOVO-NOTICIAS-1.jpg\" alt=\"\" class=\"wp-image-35084\" srcset=\"https:\/\/radiostudiow.com.br\/site\/wp-content\/uploads\/2025\/03\/BARAO-NOVO-NOTICIAS-1.jpg 897w, https:\/\/radiostudiow.com.br\/site\/wp-content\/uploads\/2025\/03\/BARAO-NOVO-NOTICIAS-1-300x68.jpg 300w, https:\/\/radiostudiow.com.br\/site\/wp-content\/uploads\/2025\/03\/BARAO-NOVO-NOTICIAS-1-768x175.jpg 768w\" sizes=\"auto, (max-width: 897px) 100vw, 897px\" \/><\/figure>\n\n\n\n<p><\/p>\n\n\n\n<p>Diante do flagrante, ele recebeu voz de pris\u00e3o, foi informado de seus direitos e encaminhado \u00e0 <strong>3\u00aa Subdivis\u00e3o Policial (SDP)<\/strong> para os procedimentos legais cab\u00edveis.<\/p>\n\n\n\n<p>A Pol\u00edcia Militar refor\u00e7a que a\u00e7\u00f5es de patrulhamento na zona rural seguem intensificadas com o objetivo de coibir crimes e aumentar a seguran\u00e7a nas comunidades do interior.<\/p>\n","protected":false},"excerpt":{"rendered":"<p>Na noite desta ter\u00e7a-feira (29), por volta das 21h, a equipe da Patrulha Rural da Pol\u00edcia Militar prendeu um homem por posse ilegal de arma de fogo na localidade de \u00c1gua Amarela de Baixo, zona rural de Ant\u00f4nio Olinto. A abordagem ocorreu durante patrulhamento de rotina na estrada principal da comunidade. Segundo informa\u00e7\u00f5es da PM, [&hellip;]<\/p>\n","protected":false},"author":2,"featured_media":37516,"comment_status":"open","ping_status":"open","sticky":false,"template":"","format":"standard","meta":{"footnotes":""},"categories":[2],"tags":[172],"class_list":["post-37515","post","type-post","status-publish","format-standard","has-post-thumbnail","hentry","category-policial","tag-featured"],"amp_enabled":true,"_links":{"self":[{"href":"https:\/\/radiostudiow.com.br\/site\/wp-json\/wp\/v2\/posts\/37515","targetHints":{"allow":["GET"]}}],"collection":[{"href":"https:\/\/radiostudiow.com.br\/site\/wp-json\/wp\/v2\/posts"}],"about":[{"href":"https:\/\/radiostudiow.com.br\/site\/wp-json\/wp\/v2\/types\/post"}],"author":[{"embeddable":true,"href":"https:\/\/radiostudiow.com.br\/site\/wp-json\/wp\/v2\/users\/2"}],"replies":[{"embeddable":true,"href":"https:\/\/radiostudiow.com.br\/site\/wp-json\/wp\/v2\/comments?post=37515"}],"version-history":[{"count":1,"href":"https:\/\/radiostudiow.com.br\/site\/wp-json\/wp\/v2\/posts\/37515\/revisions"}],"predecessor-version":[{"id":37517,"href":"https:\/\/radiostudiow.com.br\/site\/wp-json\/wp\/v2\/posts\/37515\/revisions\/37517"}],"wp:featuredmedia":[{"embeddable":true,"href":"https:\/\/radiostudiow.com.br\/site\/wp-json\/wp\/v2\/media\/37516"}],"wp:attachment":[{"href":"https:\/\/radiostudiow.com.br\/site\/wp-json\/wp\/v2\/media?parent=37515"}],"wp:term":[{"taxonomy":"category","embeddable":true,"href":"https:\/\/radiostudiow.com.br\/site\/wp-json\/wp\/v2\/categories?post=37515"},{"taxonomy":"post_tag","embeddable":true,"href":"https:\/\/radiostudiow.com.br\/site\/wp-json\/wp\/v2\/tags?post=37515"}],"curies":[{"name":"wp","href":"https:\/\/api.w.org\/{rel}","templated":true}]}}