{"id":37531,"date":"2025-05-01T14:50:54","date_gmt":"2025-05-01T17:50:54","guid":{"rendered":"https:\/\/radiostudiow.com.br\/site\/?p=37531"},"modified":"2025-05-01T14:50:54","modified_gmt":"2025-05-01T17:50:54","slug":"studio-w-12-anos-de-historia-paixao-e-compromisso-com-a-verdade","status":"publish","type":"post","link":"https:\/\/radiostudiow.com.br\/site\/2025\/05\/01\/studio-w-12-anos-de-historia-paixao-e-compromisso-com-a-verdade\/","title":{"rendered":"STUDIO W \u2013 12 ANOS DE HIST\u00d3RIA, PAIX\u00c3O E COMPROMISSO COM A VERDADE"},"content":{"rendered":"\n<p><\/p>\n\n\n\n<h2 class=\"wp-block-heading\">Hoje, 1\u00ba de maio de 2025, celebramos com o cora\u00e7\u00e3o cheio de gratid\u00e3o e orgulho os 12 anos da STUDIO W \u2013 uma trajet\u00f3ria constru\u00edda com trabalho, dedica\u00e7\u00e3o e um profundo respeito por voc\u00ea, que caminha ao nosso lado desde o in\u00edcio.<\/h2>\n\n\n\n<p><\/p>\n\n\n\n<p><strong>Desde a nossa inaugura\u00e7\u00e3o em 2013, carregamos um prop\u00f3sito claro: levar informa\u00e7\u00e3o com credibilidade, responsabilidade e respeito aos fatos.<\/strong><\/p>\n\n\n\n<p>Ao longo desses anos, nos tornamos muito mais do que uma r\u00e1dio, TV web, site de not\u00edcias e produtora de v\u00eddeo e \u00e1udio.<\/p>\n\n\n\n<p><strong>Nos tornamos parte da hist\u00f3ria da nossa cidade e da nossa regi\u00e3o, refer\u00eancia para quem busca uma comunica\u00e7\u00e3o s\u00e9ria, \u00e1gil e feita com o cora\u00e7\u00e3o.<\/strong><\/p>\n\n\n\n<p>Cada not\u00edcia apurada, cada programa produzido, cada conte\u00fado compartilhado na internet carrega o selo da nossa verdade e da nossa paix\u00e3o por comunicar.<\/p>\n\n\n\n<h2 class=\"wp-block-heading\">Nada disso seria poss\u00edvel sem voc\u00ea.<\/h2>\n\n\n\n<p><\/p>\n\n\n\n<p>Aos nossos ouvintes, telespectadores e internautas, nosso muito obrigado por acreditarem em n\u00f3s, por confiarem no nosso trabalho e por estarem sempre conosco.<\/p>\n\n\n\n<p>Aos patrocinadores, que depositam em n\u00f3s sua confian\u00e7a e caminham lado a lado nesta jornada, nosso mais profundo agradecimento. Voc\u00eas s\u00e3o parte essencial desta hist\u00f3ria.<\/p>\n\n\n\n<h2 class=\"wp-block-heading\">A cada palavra de apoio, cada gesto de incentivo, cada audi\u00eancia conquistada, renovamos nossa vontade de seguir em frente, prontos para viver muitos e muitos anos mais, sempre com o compromisso de fazer o melhor.<\/h2>\n\n\n\n<h2 class=\"wp-block-heading\">STUDIO W&nbsp; 12 anos com voc\u00ea.<\/h2>\n\n\n\n<h2 class=\"wp-block-heading\">Muito obrigado por fazer parte dessa caminhada.<\/h2>\n\n\n\n<h2 class=\"wp-block-heading\">Seguimos juntos. Sempre.<\/h2>\n\n\n\n<h2 class=\"wp-block-heading\">Com carinho,<\/h2>\n\n\n\n<h2 class=\"wp-block-heading\">Equipe STUDIO W<\/h2>\n","protected":false},"excerpt":{"rendered":"<p>Hoje, 1\u00ba de maio de 2025, celebramos com o cora\u00e7\u00e3o cheio de gratid\u00e3o e orgulho os 12 anos da STUDIO W \u2013 uma trajet\u00f3ria constru\u00edda com trabalho, dedica\u00e7\u00e3o e um profundo respeito por voc\u00ea, que caminha ao nosso lado desde o in\u00edcio. Desde a nossa inaugura\u00e7\u00e3o em 2013, carregamos um prop\u00f3sito claro: levar informa\u00e7\u00e3o com [&hellip;]<\/p>\n","protected":false},"author":2,"featured_media":37532,"comment_status":"open","ping_status":"open","sticky":false,"template":"","format":"standard","meta":{"footnotes":""},"categories":[184],"tags":[172],"class_list":["post-37531","post","type-post","status-publish","format-standard","has-post-thumbnail","hentry","category-local","tag-featured"],"amp_enabled":true,"_links":{"self":[{"href":"https:\/\/radiostudiow.com.br\/site\/wp-json\/wp\/v2\/posts\/37531","targetHints":{"allow":["GET"]}}],"collection":[{"href":"https:\/\/radiostudiow.com.br\/site\/wp-json\/wp\/v2\/posts"}],"about":[{"href":"https:\/\/radiostudiow.com.br\/site\/wp-json\/wp\/v2\/types\/post"}],"author":[{"embeddable":true,"href":"https:\/\/radiostudiow.com.br\/site\/wp-json\/wp\/v2\/users\/2"}],"replies":[{"embeddable":true,"href":"https:\/\/radiostudiow.com.br\/site\/wp-json\/wp\/v2\/comments?post=37531"}],"version-history":[{"count":1,"href":"https:\/\/radiostudiow.com.br\/site\/wp-json\/wp\/v2\/posts\/37531\/revisions"}],"predecessor-version":[{"id":37533,"href":"https:\/\/radiostudiow.com.br\/site\/wp-json\/wp\/v2\/posts\/37531\/revisions\/37533"}],"wp:featuredmedia":[{"embeddable":true,"href":"https:\/\/radiostudiow.com.br\/site\/wp-json\/wp\/v2\/media\/37532"}],"wp:attachment":[{"href":"https:\/\/radiostudiow.com.br\/site\/wp-json\/wp\/v2\/media?parent=37531"}],"wp:term":[{"taxonomy":"category","embeddable":true,"href":"https:\/\/radiostudiow.com.br\/site\/wp-json\/wp\/v2\/categories?post=37531"},{"taxonomy":"post_tag","embeddable":true,"href":"https:\/\/radiostudiow.com.br\/site\/wp-json\/wp\/v2\/tags?post=37531"}],"curies":[{"name":"wp","href":"https:\/\/api.w.org\/{rel}","templated":true}]}}